{"id":61534,"date":"2025-04-29T10:16:09","date_gmt":"2025-04-29T10:16:09","guid":{"rendered":"https:\/\/www.europesays.com\/fr\/61534\/"},"modified":"2025-04-29T10:16:09","modified_gmt":"2025-04-29T10:16:09","slug":"nvidia-prepare-un-plan-b-pour-maintenir-sa-presence-sur-le-marche-chinois","status":"publish","type":"post","link":"https:\/\/www.europesays.com\/fr\/61534\/","title":{"rendered":"Nvidia pr\u00e9pare un Plan B pour maintenir sa pr\u00e9sence sur le march\u00e9 chinois"},"content":{"rendered":"<p><strong>Alors que les tensions commerciales entre les \u00c9tats-Unis et la Chine ne cessent de s\u2019intensifier, Nvidia pourrait opter pour une strat\u00e9gie de repli pour s\u00e9curiser son avenir dans l\u2019empire du Milieu.<\/strong><\/p>\n<p>Selon certaines <a href=\"https:\/\/x.com\/Jukanlosreve\/status\/1916739923870388489?ref_src=twsrc%5Etfw\" target=\"_blank\" rel=\"noopener\">sources<\/a>, le g\u00e9ant des puces graphiques envisagerait de cr\u00e9er une coentreprise locale en Chine. L\u2019objectif serait de pr\u00e9server son pr\u00e9cieux \u00e9cosyst\u00e8me CUDA, pilier du d\u00e9veloppement en intelligence artificielle, tout en pr\u00e9parant une possible scission commerciale avec le march\u00e9 chinois.<\/p>\n<p>Depuis plusieurs ann\u00e9es, Nvidia a \u00e9t\u00e9 contraint d\u2019adapter ses exportations vers la Chine en raison du durcissement des r\u00e8gles impos\u00e9es par le gouvernement am\u00e9ricain. Mais ces ajustements sont devenus instables et parfois de courte dur\u00e9e, rendant les perspectives commerciales incertaines pour un march\u00e9 qui p\u00e8se plusieurs dizaines de milliards de dollars par an.<\/p>\n<p>Ce \u00ab Plan B \u00bb permettrait de r\u00e9duire les risques d\u2019un d\u00e9sengagement brutal tout en maintenant une pr\u00e9sence strat\u00e9gique sur le territoire chinois. L\u2019entreprise craint notamment que des restrictions plus s\u00e9v\u00e8res ne nuisent durablement \u00e0 sa domination dans les secteurs de l\u2019IA, de l\u2019automobile intelligente et du GPU grand public, o\u00f9 elle s\u2019est impos\u00e9e comme un acteur cl\u00e9.<\/p>\n<p>Jensen Huang, le fondateur et PDG de Nvidia, a r\u00e9cemment rappel\u00e9 les 30 ans de relations commerciales de l\u2019entreprise avec la Chine. Lors d\u2019une r\u00e9union interne, il a soulign\u00e9 le r\u00f4le essentiel de ce march\u00e9 dans la croissance de Nvidia.<\/p>\n<p>Suivez-Nous<\/p>\n<p> <a href=\"https:\/\/news.google.com\/publications\/CAAiEC0vn2K13Fm-Z1g_zD-hFwEqFAgKIhAtL59itdxZvmdYP8w_oRcB?hl=fr&amp;gl=FR&amp;ceid=FR%3Afr\" title=\"Google News\" target=\"_blank\" rel=\"nofollow noopener\" class=\"post-followus-btn google-new-btn\"> <img loading=\"lazy\" decoding=\"async\" class=\"lazy\" src=\"data:image\/svg+xml,%3Csvg%20xmlns=\" http:=\"\" data-src=\"\/wp-content\/themes\/jannah\/assets\/images\/google-news.svg\" alt=\"Google News\" width=\"120\" height=\"22\"\/> <\/a><\/p>\n","protected":false},"excerpt":{"rendered":"Alors que les tensions commerciales entre les \u00c9tats-Unis et la Chine ne cessent de s\u2019intensifier, Nvidia pourrait opter&hellip;\n","protected":false},"author":2,"featured_media":61535,"comment_status":"","ping_status":"","sticky":false,"template":"","format":"standard","meta":{"footnotes":""},"categories":[1589],"tags":[11,309,73,1866,12,8835,1864,1865,1863,308],"class_list":{"0":"post-61534","1":"post","2":"type-post","3":"status-publish","4":"format-standard","5":"has-post-thumbnail","7":"category-etats-unis","8":"tag-actualites","9":"tag-chine","10":"tag-etats-unis","11":"tag-etats-unis-damerique","12":"tag-news","13":"tag-nvidia","14":"tag-united-states","15":"tag-united-states-of-america","16":"tag-us","17":"tag-usa"},"share_on_mastodon":{"url":"https:\/\/pubeurope.com\/@fr\/114420736532628574","error":""},"_links":{"self":[{"href":"https:\/\/www.europesays.com\/fr\/wp-json\/wp\/v2\/posts\/61534","targetHints":{"allow":["GET"]}}],"collection":[{"href":"https:\/\/www.europesays.com\/fr\/wp-json\/wp\/v2\/posts"}],"about":[{"href":"https:\/\/www.europesays.com\/fr\/wp-json\/wp\/v2\/types\/post"}],"author":[{"embeddable":true,"href":"https:\/\/www.europesays.com\/fr\/wp-json\/wp\/v2\/users\/2"}],"replies":[{"embeddable":true,"href":"https:\/\/www.europesays.com\/fr\/wp-json\/wp\/v2\/comments?post=61534"}],"version-history":[{"count":0,"href":"https:\/\/www.europesays.com\/fr\/wp-json\/wp\/v2\/posts\/61534\/revisions"}],"wp:featuredmedia":[{"embeddable":true,"href":"https:\/\/www.europesays.com\/fr\/wp-json\/wp\/v2\/media\/61535"}],"wp:attachment":[{"href":"https:\/\/www.europesays.com\/fr\/wp-json\/wp\/v2\/media?parent=61534"}],"wp:term":[{"taxonomy":"category","embeddable":true,"href":"https:\/\/www.europesays.com\/fr\/wp-json\/wp\/v2\/categories?post=61534"},{"taxonomy":"post_tag","embeddable":true,"href":"https:\/\/www.europesays.com\/fr\/wp-json\/wp\/v2\/tags?post=61534"}],"curies":[{"name":"wp","href":"https:\/\/api.w.org\/{rel}","templated":true}]}}