{"id":615340,"date":"2025-12-22T07:24:13","date_gmt":"2025-12-22T07:24:13","guid":{"rendered":"https:\/\/www.europesays.com\/fr\/615340\/"},"modified":"2025-12-22T07:24:13","modified_gmt":"2025-12-22T07:24:13","slug":"olivier-minne-son-refuge-de-los-angeles-au-coeur-dun-voisinage-prestigieux","status":"publish","type":"post","link":"https:\/\/www.europesays.com\/fr\/615340\/","title":{"rendered":"Olivier Minne : son refuge de Los Angeles au coeur d\u2019un voisinage prestigieux"},"content":{"rendered":"<p>Nouveau chapitre pour Olivier Minne. Ce lundi 22 d\u00e9cembre 2025,<br \/>\n\u00e0 21h10, <strong>M6 lance Pandore<\/strong>, un jeu de strat\u00e9gie<br \/>\nin\u00e9dit port\u00e9 par le pr\u00e9sentateur, arriv\u00e9 dans le groupe \u00e0 la<br \/>\nrentr\u00e9e de septembre apr\u00e8s <a href=\"https:\/\/www.closermag.fr\/people\/olivier-minne-devaste-et-en-larmes-il-faut-sen-3607976\" target=\"_blank\" rel=\"noopener\"><br \/>\ntrente-six ann\u00e9es pass\u00e9es \u00e0 France T\u00e9l\u00e9visions.<\/a> Un virage<br \/>\nassum\u00e9, pour celui qui a longtemps incarn\u00e9 les grandes soir\u00e9es du<br \/>\nservice public. Avec ce programme, Olivier Minne ne cache pas son<br \/>\nenvie de se r\u00e9inventer. \u00c0 58 ans, l\u2019animateur ne parle pas de<br \/>\nrupture mais bien d\u2019\u00e9lan nouveau, d\u2019un besoin de se confronter \u00e0 un<br \/>\nautre terrain de jeu. Ce go\u00fbt du renouveau n\u2019est pas nouveau.<\/p>\n<p>Dans les colonnes de T\u00e9l\u00e9 Magazine, Olivier Minne s\u2019est<br \/>\nconfi\u00e9 sur ce lieu qui, depuis plus de vingt ans, l\u2019aide \u00e0 garder<br \/>\nl\u2019\u00e9quilibre. \u201cLa ville de Los Angeles reste-t-elle votre refuge<br \/>\n?\u201d, lui demande la journaliste. Sa r\u00e9ponse est limpide :<br \/>\n\u201cOui, totalement. Je trouve aussi beaucoup de bonheur \u00e0 \u00eatre en<br \/>\nFrance. Ce sont des bonheurs partag\u00e9s. <strong>La Californie est<br \/>\nune terre de renaissance pour moi.<\/strong> C\u2019est l\u00e0 o\u00f9 je me suis<br \/>\nremis en selle avec moi-m\u00eame en 2002. Cette r\u00e9gion m\u2019a inject\u00e9 du<br \/>\nbien-\u00eatre, de l\u2019\u00e9nergie, \u00e0 une \u00e9poque o\u00f9 j\u2019avais perdu<br \/>\nespoir\u2026\u201d.\u00a0<\/p>\n<p>Olivier Minne, un homme heureux \u00e0 Los Angeles<\/p>\n<p>Des mots forts, qui disent autant la <a href=\"https:\/\/www.closermag.fr\/people\/olivier-minne-sans-aucun-filtre-sur-sa-situation-meme-le-chomage-netait-plus-3607946\" target=\"_blank\" rel=\"noopener\"><br \/>\nfragilit\u00e9 pass\u00e9e que la reconstruction patiente<\/a>. C\u2019est donc \u00e0<br \/>\nLos Angeles qu\u2019Olivier Minne a choisi de se poser, loin des<br \/>\nprojecteurs. Mais pas n\u2019importe o\u00f9. Contrairement \u00e0 l\u2019image glamour<br \/>\nque l\u2019on associe souvent \u00e0 la Cit\u00e9 des anges, le pr\u00e9sentateur a<br \/>\nd\u00e9lib\u00e9r\u00e9ment \u00e9vit\u00e9 les quartiers les plus expos\u00e9s. Pas d\u2019Hollywood<br \/>\nBoulevard ni de villas suspendues <strong>\u00e0 Pacific<br \/>\nPalisades.<\/strong><\/p>\n<p>Son choix s\u2019est port\u00e9 sur le nord de la ville, dans la San<br \/>\nFernando Valley. Un secteur r\u00e9put\u00e9, mais plus feutr\u00e9, o\u00f9 il vit<br \/>\ndepuis 2002, \u00e0 l\u2019abri de l\u2019agitation m\u00e9diatique. Ce coin de<br \/>\nCalifornie lui offre un luxe rare : la tranquillit\u00e9. Une enclave o\u00f9<br \/>\nil peut mener une vie simple, presque ordinaire, entre promenades,<br \/>\n\u00e9criture et introspection. Ce refuge lui permet aussi d\u2019assumer<br \/>\npleinement sa double existence, entre la France et les \u00c9tats-Unis,<br \/>\nsans jamais avoir l\u2019impression de se perdre en chemin. \u00c0 Los<br \/>\nAngeles, <a href=\"https:\/\/www.closermag.fr\/people\/olivier-minne-comme-si-jetais-mort-cette-decouverte-qui-la-bouleverse-3600649\" target=\"_blank\" rel=\"noopener\"><br \/>\nOlivier Minne<\/a> recharge, se recentre, loin des attentes et des<br \/>\n\u00e9tiquettes. La discr\u00e9tion n\u2019exclut pas pour autant un voisinage<br \/>\nprestigieux.<\/p>\n<p>Les voisins prestigieux de<br \/>\nl&rsquo;animateur<\/p>\n<p>La San Fernando Valley attire depuis longtemps des personnalit\u00e9s<br \/>\nen qu\u00eate d\u2019anonymat. <strong>Drake, Gwen Stefani, Kelly<br \/>\nClarkson<\/strong> ou encore Kylie Jenner y ont \u00e9galement \u00e9lu<br \/>\ndomicile. Des noms mondialement connus, mais un m\u00eame d\u00e9sir partag\u00e9<br \/>\n: celui de vivre \u00e0 distance du tumulte. Dans cet environnement,<br \/>\nOlivier Minne semble avoir trouv\u00e9 un juste milieu, entre<br \/>\ninspiration et retrait, exposition et protection.<\/p>\n<p>Ce refuge californien \u00e9claire d\u2019un jour nouveau le parcours de<br \/>\nl\u2019animateur. Alors qu\u2019il s\u2019appr\u00eate \u00e0 relever un nouveau d\u00e9fi sur<br \/>\nM6, Olivier Minne avance avec tranquillit\u00e9. Entre Paris et Los<br \/>\nAngeles, il continue de tracer sa route, guid\u00e9 par la m\u00eame boussole<br \/>\n: rester en mouvement, sans jamais renoncer \u00e0 l\u2019essentiel.<\/p>\n","protected":false},"excerpt":{"rendered":"Nouveau chapitre pour Olivier Minne. Ce lundi 22 d\u00e9cembre 2025, \u00e0 21h10, M6 lance Pandore, un jeu de&hellip;\n","protected":false},"author":2,"featured_media":615341,"comment_status":"","ping_status":"","sticky":false,"template":"","format":"standard","meta":{"footnotes":""},"categories":[1359],"tags":[21303,58,59,1011,27,70202,973,65861],"class_list":{"0":"post-615340","1":"post","2":"type-post","3":"status-publish","4":"format-standard","5":"has-post-thumbnail","7":"category-people","8":"tag-buzz_nonli","9":"tag-divertissement","10":"tag-entertainment","11":"tag-fr","12":"tag-france","13":"tag-marfeel_connexes","14":"tag-people","15":"tag-trend"},"share_on_mastodon":{"url":"https:\/\/pubeurope.com\/@fr\/115762027960891298","error":""},"_links":{"self":[{"href":"https:\/\/www.europesays.com\/fr\/wp-json\/wp\/v2\/posts\/615340","targetHints":{"allow":["GET"]}}],"collection":[{"href":"https:\/\/www.europesays.com\/fr\/wp-json\/wp\/v2\/posts"}],"about":[{"href":"https:\/\/www.europesays.com\/fr\/wp-json\/wp\/v2\/types\/post"}],"author":[{"embeddable":true,"href":"https:\/\/www.europesays.com\/fr\/wp-json\/wp\/v2\/users\/2"}],"replies":[{"embeddable":true,"href":"https:\/\/www.europesays.com\/fr\/wp-json\/wp\/v2\/comments?post=615340"}],"version-history":[{"count":0,"href":"https:\/\/www.europesays.com\/fr\/wp-json\/wp\/v2\/posts\/615340\/revisions"}],"wp:featuredmedia":[{"embeddable":true,"href":"https:\/\/www.europesays.com\/fr\/wp-json\/wp\/v2\/media\/615341"}],"wp:attachment":[{"href":"https:\/\/www.europesays.com\/fr\/wp-json\/wp\/v2\/media?parent=615340"}],"wp:term":[{"taxonomy":"category","embeddable":true,"href":"https:\/\/www.europesays.com\/fr\/wp-json\/wp\/v2\/categories?post=615340"},{"taxonomy":"post_tag","embeddable":true,"href":"https:\/\/www.europesays.com\/fr\/wp-json\/wp\/v2\/tags?post=615340"}],"curies":[{"name":"wp","href":"https:\/\/api.w.org\/{rel}","templated":true}]}}