{"id":615352,"date":"2025-12-22T07:32:13","date_gmt":"2025-12-22T07:32:13","guid":{"rendered":"https:\/\/www.europesays.com\/fr\/615352\/"},"modified":"2025-12-22T07:32:13","modified_gmt":"2025-12-22T07:32:13","slug":"deux-cartons-rouges-et-deux-arcades-ouvertes-apres-la-decision-de-la-ffr-de-le-faire-rejouer-ce-match-de-rugby-degenere-en-bagarre-generale","status":"publish","type":"post","link":"https:\/\/www.europesays.com\/fr\/615352\/","title":{"rendered":"\u00ab\u00a0Deux cartons rouges et deux arcades ouvertes\u00a0\u00bb\u00a0: apr\u00e8s la d\u00e9cision de la FFR de le faire rejouer, ce match de rugby d\u00e9g\u00e9n\u00e8re en bagarre g\u00e9n\u00e9rale"},"content":{"rendered":"<p>\n                                                                    l&rsquo;essentiel<br \/>\n                                                                Apr\u00e8s la d\u00e9cision de la FFR de faire rejouer Toec-Toac-Saverdun, la rencontre de ce dimanche 21\u00a0d\u00e9cembre a d\u00e9g\u00e9n\u00e9r\u00e9 en bagarre g\u00e9n\u00e9rale peu avant la mi-temps. Tension, cartons rouges et blessures ont marqu\u00e9 un match serr\u00e9 jusqu\u2019au bout.\n                            <\/p>\n<p>Cette bagarre semblait presque in\u00e9vitable apr\u00e8s la d\u00e9cision de la FFR d\u2019accepter la r\u00e9clamation de Saverdun et de faire rejouer la rencontre.<\/p>\n<p>Avant la mi-temps, lorsque l\u2019essai de M\u00e9l\u00e9si est inscrit, la tension s\u2019intensifie brusquement. La m\u00eal\u00e9e est relev\u00e9e et de mauvais coups s\u2019\u00e9changent. Les poitrines se bombent, un combat de coqs s\u2019installe, puis la situation d\u00e9g\u00e9n\u00e8re. Les \u00e9changes deviennent de plus en plus violents. Le point de non-retour est atteint lorsque le num\u00e9ro\u00a05 local soul\u00e8ve Galy et le projette lourdement au sol, et lui porte des coups au visage, ouvrant son arcade sourcili\u00e8re.<\/p>\n<p>Lassalle, en voulant s\u00e9parer, s\u2019est retrouv\u00e9 pris dans une spirale de coups, se retrouvant lui aussi avec une arcade ouverte\u00a0: \u00ab\u00a0Vu comment s\u2019\u00e9tait pass\u00e9 le dernier match, c\u2019\u00e9tait s\u00fbr que \u00e7a finirait comme \u00e7a, j\u2019ai voulu aider et j\u2019ai perdu\u00a0\u00bb (rires). Une sc\u00e8ne choquante, sympt\u00f4me d\u2019un match ayant totalement \u00e9chapp\u00e9 \u00e0 tout contr\u00f4le. L\u2019arbitre, peut-\u00eatre d\u00e9pass\u00e9, n\u2019a pas su contenir les frustrations n\u00e9es de d\u00e9cisions contest\u00e9es sur des faits de jeu habituellement sanctionn\u00e9s.<\/p>\n<p>\u00ab\u00a0C\u2019\u00e9tait pr\u00e9visible, c\u2019\u00e9tait d\u00e9j\u00e0 chaud au match pr\u00e9c\u00e9dent, donc l\u00e0 c\u2019est tomb\u00e9\u00a0\u00bb, commente Lucas B\u00e9zard. \u00ab\u00a0C\u2019\u00e9tait une rencontre extr\u00eamement tendue, on savait que nous serions attendus, on s\u2019en doutait, le mot d\u2019ordre, si \u00e7a \u00e9clatait, \u00e9tait\u00a0: on y va tous, on ne se l\u00e2che pas, on reste unis. \u00c7a fait chier car le r\u00e9sultat, c\u2019est deux cartons rouges et deux arcades ouvertes\u00a0\u00bb, s\u2019insurge Melesi.<\/p>\n<p>\u00ab\u00a0Cette bagarre \u00e9tait in\u00e9vitable, il fallait bien que la pression retombe. Sur un match rejou\u00e9 comme \u00e7a, ils avaient trop de haine et, \u00e0 la moindre petite dispute, nous savions que \u00e7a allait monter dans les tours\u00a0\u00bb, d\u00e9clare Oswald Warnet, supporter et p\u00e8re de Dylan, joueur de Saverdun.<\/p>\n","protected":false},"excerpt":{"rendered":"l&rsquo;essentiel Apr\u00e8s la d\u00e9cision de la FFR de faire rejouer Toec-Toac-Saverdun, la rencontre de ce dimanche 21\u00a0d\u00e9cembre a&hellip;\n","protected":false},"author":2,"featured_media":615353,"comment_status":"","ping_status":"","sticky":false,"template":"","format":"standard","meta":{"footnotes":""},"categories":[9],"tags":[2720,1011,27,69877,68796,72606,517,60],"class_list":{"0":"post-615352","1":"post","2":"type-post","3":"status-publish","4":"format-standard","5":"has-post-thumbnail","7":"category-sports","8":"tag-ariege","9":"tag-fr","10":"tag-france","11":"tag-fu00e9du00e9rale-1","12":"tag-rugby-u00e0-xv","13":"tag-saverdun","14":"tag-sport","15":"tag-sports"},"share_on_mastodon":{"url":"","error":""},"_links":{"self":[{"href":"https:\/\/www.europesays.com\/fr\/wp-json\/wp\/v2\/posts\/615352","targetHints":{"allow":["GET"]}}],"collection":[{"href":"https:\/\/www.europesays.com\/fr\/wp-json\/wp\/v2\/posts"}],"about":[{"href":"https:\/\/www.europesays.com\/fr\/wp-json\/wp\/v2\/types\/post"}],"author":[{"embeddable":true,"href":"https:\/\/www.europesays.com\/fr\/wp-json\/wp\/v2\/users\/2"}],"replies":[{"embeddable":true,"href":"https:\/\/www.europesays.com\/fr\/wp-json\/wp\/v2\/comments?post=615352"}],"version-history":[{"count":0,"href":"https:\/\/www.europesays.com\/fr\/wp-json\/wp\/v2\/posts\/615352\/revisions"}],"wp:featuredmedia":[{"embeddable":true,"href":"https:\/\/www.europesays.com\/fr\/wp-json\/wp\/v2\/media\/615353"}],"wp:attachment":[{"href":"https:\/\/www.europesays.com\/fr\/wp-json\/wp\/v2\/media?parent=615352"}],"wp:term":[{"taxonomy":"category","embeddable":true,"href":"https:\/\/www.europesays.com\/fr\/wp-json\/wp\/v2\/categories?post=615352"},{"taxonomy":"post_tag","embeddable":true,"href":"https:\/\/www.europesays.com\/fr\/wp-json\/wp\/v2\/tags?post=615352"}],"curies":[{"name":"wp","href":"https:\/\/api.w.org\/{rel}","templated":true}]}}