{"id":615360,"date":"2025-12-22T07:36:24","date_gmt":"2025-12-22T07:36:24","guid":{"rendered":"https:\/\/www.europesays.com\/fr\/615360\/"},"modified":"2025-12-22T07:36:24","modified_gmt":"2025-12-22T07:36:24","slug":"les-assaillants-de-lattentat-de-sydney-se-sont-entraines-en-australie-selon-la-police","status":"publish","type":"post","link":"https:\/\/www.europesays.com\/fr\/615360\/","title":{"rendered":"Les assaillants de l\u2019attentat de Sydney se sont entra\u00een\u00e9s en Australie, selon la police"},"content":{"rendered":"<p>                      <img loading=\"lazy\" decoding=\"async\" src=\"https:\/\/www.europesays.com\/fr\/wp-content\/uploads\/2025\/12\/3cd3c3c_ftp-1-nxuqeisg4ge5-2025-12-14t203438z-1040484921-rc2kgiazs2s9-rtrmadp-3-australia-crime.JPG\" alt=\"Des policiers sur les lieux de l\u2019attentat de Sydney, le 15\u00a0d\u00e9cembre 2025.\"   width=\"664\" height=\"443\"\/>    Des policiers sur les lieux de l\u2019attentat de Sydney, le 15\u00a0d\u00e9cembre 2025.  FLAVIO BRANCALEONE\/REUTERS                          <\/p>\n<p class=\"article__paragraph  \">Selon des documents judiciaires d\u00e9voil\u00e9s lundi 22\u00a0d\u00e9cembre par la police australienne, les deux assaillants de l\u2019attentat antis\u00e9mite de la plage de Bondi, \u00e0 Sydney, s\u2019\u00e9taient entra\u00een\u00e9s en Australie avant leur tuerie.<\/p>\n<p class=\"article__paragraph  \">Sajid Akram, 50\u00a0ans, un ressortissant indien entr\u00e9 sur visa en Australie en\u00a01998, et son fils Naveed Akram, n\u00e9 dans le pays il y a vingt-quatre\u00a0ans, ont attaqu\u00e9 un rassemblement au\u00a0premier jour de la f\u00eate juive de Hanoukka, le 14\u00a0d\u00e9cembre, faisant quinze morts. L\u2019enqu\u00eate a\u00a0r\u00e9v\u00e9l\u00e9 qu\u2019ils avaient pass\u00e9 le mois de novembre dans la r\u00e9gion de Davao, aux Philippines, laissant \u00e0 penser qu\u2019ils avaient pu s\u2019entra\u00eener sur place lors de leur s\u00e9jour, survenu quelques semaines avant l\u2019attaque.<\/p>\n<p class=\"article__paragraph  \">Lundi, la police australienne a aussi r\u00e9v\u00e9l\u00e9 que les deux hommes avaient fustig\u00e9 les \u00ab\u00a0sionistes\u00a0\u00bb dans une vid\u00e9o retrouv\u00e9e sur un t\u00e9l\u00e9phone portable. Dans la s\u00e9quence, le p\u00e8re et son fils sont assis devant un drapeau de l\u2019organisation Etat islamique, r\u00e9citant un passage du Coran. La police avait d\u00e9j\u00e0 rapport\u00e9 que les assaillants avaient \u00e9t\u00e9 inspir\u00e9s par \u00ab\u00a0l\u2019id\u00e9ologie de l\u2019Etat islamique\u00a0\u00bb. Toujours selon ces documents judiciaires, Sajid et Naveed Akram ont \u00e9galement effectu\u00e9 des \u00ab\u00a0rep\u00e9rages\u00a0\u00bb sur la plage, quelques jours avant la tuerie.<\/p>\n<p>                                       Lire aussi |  Article r\u00e9serv\u00e9 \u00e0 nos abonn\u00e9s  <a href=\"https:\/\/www.lemonde.fr\/idees\/article\/2025\/12\/18\/attentat-de-sydney-relativement-epargnee-par-le-terrorisme-l-australie-y-est-de-ce-fait-moins-preparee_6658465_3232.html\" class=\"js-article-read-also catcher--favoris__link\" data-premium=\"1\" id=\"article-title-3451486\" target=\"_blank\" rel=\"noopener\">Attentat de Sydney\u00a0: \u00ab\u00a0Relativement \u00e9pargn\u00e9e par le terrorisme, l\u2019Australie y est de ce fait moins pr\u00e9par\u00e9e\u00a0\u00bb<\/a>    <\/p>\n<p>   Lire plus tard  <\/p>\n<p class=\"article__paragraph  \">Par ailleurs, l\u2019assaillant qui a \u00e9t\u00e9 bless\u00e9 gri\u00e8vement bless\u00e9 par la police, le fils, Naveed Akram, a\u00a0\u00e9t\u00e9 transf\u00e9r\u00e9, lundi, de l\u2019h\u00f4pital o\u00f9 il \u00e9tait soign\u00e9 vers une prison, a affirm\u00e9 la police. Il a \u00e9t\u00e9 inculp\u00e9 pour terrorisme et quinze meurtres. Son p\u00e8re a \u00e9t\u00e9 abattu lors de l\u2019attaque.<\/p>\n<p>                    Renforcement de la l\u00e9gislation sur les armes                    <\/p>\n<p class=\"article__paragraph  \">En r\u00e9ponse \u00e0 l\u2019attentat, le gouvernement de Nouvelle-Galles du Sud, l\u2019Etat le plus peupl\u00e9 d\u2019Australie et dont Sydney est la capitale, a pr\u00e9sent\u00e9, lundi, des lois sur les armes qu\u2019il formule comme les plus \u00ab\u00a0strictes du pays\u00a0\u00bb, ainsi qu\u2019une interdiction d\u2019afficher des symboles terroristes.<\/p>\n<p class=\"article__paragraph  \">\u00ab\u00a0Nous ne pouvons pas faire comme si le monde \u00e9tait le m\u00eame qu\u2019avant cet acte terroriste de dimanche\u00a0\u00bb, a soutenu le premier ministre de la Nouvelle-Galles du Sud, Chris Minns, devant la presse. \u00ab\u00a0Je donnerais n\u2019importe quoi pour revenir en arri\u00e8re d\u2019une semaine, d\u2019un mois, de deux ans, pour faire en sorte que cela n\u2019arrive pas, mais nous devons nous assurer de prendre des mesures pour que cela ne se reproduise jamais.\u00a0\u00bb<\/p>\n<p>                                       Lire aussi |  Article r\u00e9serv\u00e9 \u00e0 nos abonn\u00e9s  <a href=\"https:\/\/www.lemonde.fr\/international\/article\/2025\/12\/19\/australie-le-gouvernement-annonce-des-mesures-pour-lutter-contre-l-antisemitisme_6658672_3210.html\" class=\"js-article-read-also catcher--favoris__link\" data-premium=\"1\" id=\"article-title-3451787\" target=\"_blank\" rel=\"noopener\">Australie\u00a0: le gouvernement annonce des mesures pour lutter contre l\u2019antis\u00e9mitisme<\/a>    <\/p>\n<p>   Lire plus tard  <\/p>\n<p class=\"article__paragraph  \">La nouvelle r\u00e8gle va d\u00e9cro\u00eetre le nombre d\u2019armes autoris\u00e9es \u00e0 quatre par individu. Les personnes exempt\u00e9es, comme les fermiers, pourront poss\u00e9der jusqu\u2019\u00e0 dix armes. Le gouvernement estime qu\u2019il y aurait 1,1\u00a0million d\u2019armes \u00e0 feu en circulation en Nouvelle-Galles du Sud. La loi interdirait \u00e9galement l\u2019affichage de \u00ab\u00a0symboles terroristes\u00a0\u00bb, notamment le drapeau de l\u2019Etat islamique, qui a \u00e9t\u00e9 retrouv\u00e9 dans une voiture immatricul\u00e9e au nom du fils, Akram. Les autorit\u00e9s pourront \u00e9galement interdire les manifestations pendant une p\u00e9riode pouvant aller jusqu\u2019\u00e0 trois mois \u00e0 la suite d\u2019un attentat.<\/p>\n<p>                    Excuses du premier ministre                    <\/p>\n<p class=\"article__paragraph  \">Chris\u00a0Minns a par ailleurs d\u00e9clar\u00e9 lundi qu\u2019il envisagerait, l\u2019ann\u00e9e prochaine, un durcissement de la l\u00e9gislation sur les discours de haine, notamment sur les slogans appelant \u00e0 \u00ab\u00a0mondialiser l\u2019intifada\u00a0\u00bb, en r\u00e9f\u00e9rence aux soul\u00e8vements palestiniens contre Isra\u00ebl en\u00a01987-1993 puis au d\u00e9but des ann\u00e9es 2000. Le gouvernement f\u00e9d\u00e9ral australien a \u00e9galement annonc\u00e9 un ensemble de r\u00e9formes concernant la d\u00e9tention d\u2019armes \u00e0 feu et les lois sur les discours de haine, ainsi qu\u2019une r\u00e9vision des services de police et de renseignement.<\/p>\n<p> Le Monde M\u00e9morable  <\/p>\n<p> <a href=\"https:\/\/www.lemonde.fr\/memorable\/?rfextension=inread\" class=\"inread__link js-services-inread-link\" target=\"_blank\" rel=\"noopener\">  <\/p>\n<p>Testez votre culture g\u00e9n\u00e9rale avec la r\u00e9daction du \u00ab Monde \u00bb<\/p>\n<p>Testez votre culture g\u00e9n\u00e9rale avec la r\u00e9daction du \u00ab Monde \u00bb<\/p>\n<p>D\u00e9couvrir<\/p>\n<p> <\/a>      <\/p>\n<p> Newsletter  <\/p>\n<p> <a href=\"https:\/\/www.lemonde.fr\/newsletters\/a-la-une\/\" class=\"inread__link js-services-inread-link\" target=\"_blank\" rel=\"noopener\">  <\/p>\n<p>\u00ab A la une \u00bb<\/p>\n<p>Chaque matin, parcourez l&rsquo;essentiel de l&rsquo;actualit\u00e9 du jour avec les derniers titres du \u00ab Monde \u00bb<\/p>\n<p>S&rsquo;inscrire<\/p>\n<p> <\/a>          <\/p>\n<p> Le Monde Application  <\/p>\n<p> <a href=\"https:\/\/lamatinale.onelink.me\/gKMy\/ahw2ubr3\" class=\"inread__link js-services-inread-link\" target=\"_blank\" rel=\"noopener\">  <\/p>\n<p>La Matinale du Monde<\/p>\n<p>Chaque matin, retrouvez notre s\u00e9lection de 20 articles \u00e0 ne pas manquer <\/p>\n<p>T\u00e9l\u00e9charger l&rsquo;application<\/p>\n<p> <\/a>      <\/p>\n<p> Newsletter abonn\u00e9s  <\/p>\n<p> <a href=\"https:\/\/www.lemonde.fr\/newsletters\/international\/\" class=\"inread__link js-services-inread-link\" target=\"_blank\" rel=\"noopener\">  <\/p>\n<p>\u00ab International \u00bb<\/p>\n<p>L\u2019essentiel de l\u2019actualit\u00e9 internationale de la semaine<\/p>\n<p>S&rsquo;inscrire<\/p>\n<p> <\/a>             <\/p>\n<p class=\"article__paragraph  \">Apr\u00e8s avoir annonc\u00e9 qu\u2019il comptait durcir la l\u00e9gislation australienne contre l\u2019extr\u00e9misme, le premier ministre, Anthony Albanese, a annonc\u00e9 vendredi un programme de rachat des armes \u00e0\u00a0feu en circulation. Il a martel\u00e9 qu\u2019il \u00ab\u00a0n\u2019y a aucune raison pour qu\u2019une personne vivant dans la banlieue de Sydney ait besoin d\u2019autant d\u2019armes \u00e0 feu\u00a0\u00bb, en r\u00e9f\u00e9rence aux six armes l\u00e9galement d\u00e9tenues par Sajid Akram. Il s\u2019agit du plus grand rachat d\u2019armes depuis 1996, lorsque l\u2019Australie avait durci la r\u00e9glementation sur les armes \u00e0 feu \u00e0 la suite d\u2019une fusillade de masse qui avait fait trente-cinq morts \u00e0 Port Arthur.<\/p>\n<p>                                       Lire aussi |  Article r\u00e9serv\u00e9 \u00e0 nos abonn\u00e9s  <a href=\"https:\/\/www.lemonde.fr\/international\/article\/2025\/12\/16\/attentat-en-australie-dan-elkayam-la-victime-francaise-un-jeune-originaire-du-bourget-qui-parlait-avec-tout-le-monde_6658126_3210.html\" class=\"js-article-read-also catcher--favoris__link\" data-premium=\"1\" id=\"article-title-3451237\" target=\"_blank\" rel=\"noopener\">Attentat en Australie\u00a0: Dan Elkayam, la victime fran\u00e7aise, un jeune originaire du Bourget, qui \u00ab\u00a0parlait avec tout le monde\u00a0\u00bb<\/a>    <\/p>\n<p>   Lire plus tard  <\/p>\n<p class=\"article__paragraph  \">Lundi, Anthony Albanese a appel\u00e9 \u00e0 un soutien bipartite pour instaurer \u00ab\u00a0une infraction aggrav\u00e9e pour les discours haineux\u00a0\u00bb et d\u2019autres nouvelles lois en la mati\u00e8re. Le premier ministre travailliste a aussi pr\u00e9sent\u00e9 ses excuses \u00e0 la communaut\u00e9 juive, alors que les forces de l\u2019ordre ont \u00e9t\u00e9 accus\u00e9es de n\u2019avoir pas mis les moyens n\u00e9cessaires pour s\u00e9curiser le rassemblement du 14\u00a0d\u00e9cembre \u00e0 Bondi Beach. \u00ab\u00a0Je ressens le poids de la responsabilit\u00e9 pour les atrocit\u00e9s survenues alors que je suis premier ministre et je suis d\u00e9sol\u00e9 pour ce que la communaut\u00e9 juive et notre nation dans son ensemble ont endur\u00e9\u00a0\u00bb, a dit le chef du gouvernement, qui a \u00e9t\u00e9 hu\u00e9 dimanche lors de la c\u00e9r\u00e9monie et de la minute de silence pour l\u2019hommage national aux victimes, une semaine apr\u00e8s la tuerie.<\/p>\n<p class=\"author__detail\">  Le Monde avec AFP  <\/p>\n<p>                <a href=\"https:\/\/www.lemonde.fr\/syndication\/\" class=\"reuse__content\" title=\"R\u00e9utiliser ce contenu\" target=\"_blank\" rel=\"noopener\">R\u00e9utiliser ce contenu<\/a>      <\/p>\n","protected":false},"excerpt":{"rendered":"Des policiers sur les lieux de l\u2019attentat de Sydney, le 15\u00a0d\u00e9cembre 2025. FLAVIO BRANCALEONE\/REUTERS Selon des documents judiciaires&hellip;\n","protected":false},"author":2,"featured_media":615361,"comment_status":"","ping_status":"","sticky":false,"template":"","format":"standard","meta":{"footnotes":""},"categories":[5],"tags":[11,1011,27,14,12,28],"class_list":{"0":"post-615360","1":"post","2":"type-post","3":"status-publish","4":"format-standard","5":"has-post-thumbnail","7":"category-international","8":"tag-actualites","9":"tag-fr","10":"tag-france","11":"tag-international","12":"tag-news","13":"tag-world"},"share_on_mastodon":{"url":"https:\/\/pubeurope.com\/@fr\/115762075471927771","error":""},"_links":{"self":[{"href":"https:\/\/www.europesays.com\/fr\/wp-json\/wp\/v2\/posts\/615360","targetHints":{"allow":["GET"]}}],"collection":[{"href":"https:\/\/www.europesays.com\/fr\/wp-json\/wp\/v2\/posts"}],"about":[{"href":"https:\/\/www.europesays.com\/fr\/wp-json\/wp\/v2\/types\/post"}],"author":[{"embeddable":true,"href":"https:\/\/www.europesays.com\/fr\/wp-json\/wp\/v2\/users\/2"}],"replies":[{"embeddable":true,"href":"https:\/\/www.europesays.com\/fr\/wp-json\/wp\/v2\/comments?post=615360"}],"version-history":[{"count":0,"href":"https:\/\/www.europesays.com\/fr\/wp-json\/wp\/v2\/posts\/615360\/revisions"}],"wp:featuredmedia":[{"embeddable":true,"href":"https:\/\/www.europesays.com\/fr\/wp-json\/wp\/v2\/media\/615361"}],"wp:attachment":[{"href":"https:\/\/www.europesays.com\/fr\/wp-json\/wp\/v2\/media?parent=615360"}],"wp:term":[{"taxonomy":"category","embeddable":true,"href":"https:\/\/www.europesays.com\/fr\/wp-json\/wp\/v2\/categories?post=615360"},{"taxonomy":"post_tag","embeddable":true,"href":"https:\/\/www.europesays.com\/fr\/wp-json\/wp\/v2\/tags?post=615360"}],"curies":[{"name":"wp","href":"https:\/\/api.w.org\/{rel}","templated":true}]}}