{"id":615373,"date":"2025-12-22T07:47:11","date_gmt":"2025-12-22T07:47:11","guid":{"rendered":"https:\/\/www.europesays.com\/fr\/615373\/"},"modified":"2025-12-22T07:47:11","modified_gmt":"2025-12-22T07:47:11","slug":"top-14-lubb-a-encore-donne-la-lecon-au-rc-toulon","status":"publish","type":"post","link":"https:\/\/www.europesays.com\/fr\/615373\/","title":{"rendered":"Top 14 : l&rsquo;UBB a encore donn\u00e9 la le\u00e7on au RC Toulon"},"content":{"rendered":"<p>C&rsquo;\u00e9tait un choc entre pr\u00e9tendants au go\u00fbt de revanche, apr\u00e8s <a href=\"https:\/\/www.laprovence.com\/article\/sports\/1946281016696815\/rugby-demi-finale-de-top-14-le-rct-na-pas-fait-le-poids-face-a-bordeaux-begles\" target=\"_blank\" rel=\"noopener\">une douloureuse demi-finale de Top 14<\/a> \u00e0 sens unique en juin dernier (39-24).<a href=\"https:\/\/www.laprovence.com\/article\/sports\/41865120332027\/rugby-pierre-mignoni-prolonge-a-toulon-jusquen-2029\" target=\"_blank\" rel=\"noopener\"> Pierre Mignoni<\/a> avait d&rsquo;ailleurs align\u00e9 ses forces vives au stade Chaban-Delmas pour faire face \u00e0 cet UBB en qu\u00eate de points. Mais le champion d&rsquo;Europe en titre a une nouvelle fois donn\u00e9 la le\u00e7on au RCT, totalement d\u00e9pass\u00e9 en premi\u00e8re p\u00e9riode et r\u00e9duit au rang de sparring-partner 80 minutes durant. Toulon a encaiss\u00e9 les coups, est all\u00e9 au tapis, souvent, et n&rsquo;en rendant jamais.<\/p>\n<p>Toulon a fait illusion en d\u00e9but de seconde p\u00e9riode, en tentant de contester le bonus offensif des Girondins apr\u00e8s l&rsquo;essai en force d&rsquo;Alainu&rsquo;uese. Mais il ne pouvait pas \u00e9chapper \u00e0 des Bordelais ultra dominateurs, \u00e0 l&rsquo;image d&rsquo;un Matthieu Jalibert \u00e9tincelant, qui r\u00e9enclenchaient la marche avant pour ajouter trois nouveaux essais. Une soir\u00e9e cauchemardesque, ponctu\u00e9e par la commotion de Dany Priso, qui manquera sans doute la r\u00e9ception de Perpignan dimanche, et la sortie sur blessure de Swan Rebbadj.<\/p>\n<p>UBB 46 &#8211; 7 RCT<\/p>\n<p>Stade Chaban-Delmas.<\/p>\n<p>Mi-temps\u00a0: 27-0.<\/p>\n<p>Les points &#8211; UBB\u00a0: 6 essais Bielle-Biarey (2), Buros (25), Depoortere (31), Jalibert (66), Boniface (72), Rayasi (80 +\u00a01)\u00a0; 5 transformations Lucu (2, 26, 32, 67, 73), 2 p\u00e9nalit\u00e9s Lucu (8, 21). RCT\u00a0: essai Alainu&rsquo;uese (60), transformation Garcia (60).<\/p>\n<p>Carton jaune &#8211; UBB\u00a0: Palu (59).<\/p>\n","protected":false},"excerpt":{"rendered":"C&rsquo;\u00e9tait un choc entre pr\u00e9tendants au go\u00fbt de revanche, apr\u00e8s une douloureuse demi-finale de Top 14 \u00e0 sens&hellip;\n","protected":false},"author":2,"featured_media":615374,"comment_status":"","ping_status":"","sticky":false,"template":"","format":"standard","meta":{"footnotes":""},"categories":[9619],"tags":[17,1111,11,7687,1440,1777,674,1011,27,27496,66946,12,882,25,479,60,3030,2310],"class_list":{"0":"post-615373","1":"post","2":"type-post","3":"status-publish","4":"format-standard","5":"has-post-thumbnail","7":"category-toulon","8":"tag-17","9":"tag-actu","10":"tag-actualites","11":"tag-donne","12":"tag-encore","13":"tag-eu","14":"tag-europe","15":"tag-fr","16":"tag-france","17":"tag-lubb","18":"tag-lecon","19":"tag-news","20":"tag-provence-alpes-cote-dazur","21":"tag-republique-francaise","22":"tag-rugby","23":"tag-sports","24":"tag-top","25":"tag-toulon"},"share_on_mastodon":{"url":"https:\/\/pubeurope.com\/@fr\/115762118255009384","error":""},"_links":{"self":[{"href":"https:\/\/www.europesays.com\/fr\/wp-json\/wp\/v2\/posts\/615373","targetHints":{"allow":["GET"]}}],"collection":[{"href":"https:\/\/www.europesays.com\/fr\/wp-json\/wp\/v2\/posts"}],"about":[{"href":"https:\/\/www.europesays.com\/fr\/wp-json\/wp\/v2\/types\/post"}],"author":[{"embeddable":true,"href":"https:\/\/www.europesays.com\/fr\/wp-json\/wp\/v2\/users\/2"}],"replies":[{"embeddable":true,"href":"https:\/\/www.europesays.com\/fr\/wp-json\/wp\/v2\/comments?post=615373"}],"version-history":[{"count":0,"href":"https:\/\/www.europesays.com\/fr\/wp-json\/wp\/v2\/posts\/615373\/revisions"}],"wp:featuredmedia":[{"embeddable":true,"href":"https:\/\/www.europesays.com\/fr\/wp-json\/wp\/v2\/media\/615374"}],"wp:attachment":[{"href":"https:\/\/www.europesays.com\/fr\/wp-json\/wp\/v2\/media?parent=615373"}],"wp:term":[{"taxonomy":"category","embeddable":true,"href":"https:\/\/www.europesays.com\/fr\/wp-json\/wp\/v2\/categories?post=615373"},{"taxonomy":"post_tag","embeddable":true,"href":"https:\/\/www.europesays.com\/fr\/wp-json\/wp\/v2\/tags?post=615373"}],"curies":[{"name":"wp","href":"https:\/\/api.w.org\/{rel}","templated":true}]}}