{"id":615375,"date":"2025-12-22T07:48:12","date_gmt":"2025-12-22T07:48:12","guid":{"rendered":"https:\/\/www.europesays.com\/fr\/615375\/"},"modified":"2025-12-22T07:48:12","modified_gmt":"2025-12-22T07:48:12","slug":"un-gardois-recherche-depuis-plusieurs-jours-retrouve-decede-pres-du-lac-du-cres-en-peripherie-de-montpellier","status":"publish","type":"post","link":"https:\/\/www.europesays.com\/fr\/615375\/","title":{"rendered":"Un Gardois recherch\u00e9 depuis plusieurs jours retrouv\u00e9 d\u00e9c\u00e9d\u00e9 pr\u00e8s du lac du Cr\u00e8s, en p\u00e9riph\u00e9rie de Montpellier"},"content":{"rendered":"<p>\n                                                                L\u2019homme \u00e2g\u00e9 d\u2019une quarantaine d\u2019ann\u00e9es a mis fin \u00e0 ses jours. La gendarmerie avait engag\u00e9 d\u2019importants moyens pour le retrouver, avec la participation de proches.\n                            <\/p>\n<p>La gendarmerie avait engag\u00e9 d\u2019importants moyens, ces derniers jours, afin de le retrouver. Un Gardois \u00e2g\u00e9 d\u2019une quarantaine d\u2019ann\u00e9es, signal\u00e9 disparu sur la commune du Cr\u00e8s, a \u00e9t\u00e9 d\u00e9couvert d\u00e9c\u00e9d\u00e9. Les recherches pour retrouver sa trace avaient initialement \u00e9t\u00e9 lanc\u00e9es par le commissariat de N\u00eemes.<\/p>\n<p>Retrouv\u00e9 pr\u00e8s du lac du Cr\u00e8s<\/p>\n<p>Les investigations se sont poursuivies dans la commune h\u00e9raultaise, avec la participation de proches. Elles ont malheureusement abouti \u00e0 la d\u00e9couverte du corps du quadrag\u00e9naire, qui a mis fin \u00e0 ses jours dans un endroit difficile d\u2019acc\u00e8s, \u00e0 proximit\u00e9 du lac du Cr\u00e8s.<\/p>\n<p>Chien de recherche, brigade nautique<\/p>\n<p>Depuis trois jours, des militaires de la brigade de Castelnau-le-Lez, du Psig et du DGEN (dispositif de gestion des \u00e9v\u00e9nements nocturnes) \u00e9taient mobilis\u00e9s sur le terrain.<\/p>\n<p>Un chien saint-hubert sp\u00e9cialis\u00e9 dans la recherche des personnes disparues, venu de Digne-les-Bains, ainsi que la brigade nautique, ont \u00e9galement \u00e9t\u00e9 sollicit\u00e9s.<\/p>\n<p>Enfin, un drone \u00e9tait en pr\u00e9-alerte afin de compl\u00e9ter ce dispositif.<\/p>\n","protected":false},"excerpt":{"rendered":"L\u2019homme \u00e2g\u00e9 d\u2019une quarantaine d\u2019ann\u00e9es a mis fin \u00e0 ses jours. La gendarmerie avait engag\u00e9 d\u2019importants moyens pour&hellip;\n","protected":false},"author":2,"featured_media":615376,"comment_status":"","ping_status":"","sticky":false,"template":"","format":"standard","meta":{"footnotes":""},"categories":[9599],"tags":[1111,11,1777,674,118,1011,27,7089,2208,12,2680,25],"class_list":{"0":"post-615375","1":"post","2":"type-post","3":"status-publish","4":"format-standard","5":"has-post-thumbnail","7":"category-montpellier","8":"tag-actu","9":"tag-actualites","10":"tag-eu","11":"tag-europe","12":"tag-faits-divers","13":"tag-fr","14":"tag-france","15":"tag-herault","16":"tag-montpellier","17":"tag-news","18":"tag-occitanie","19":"tag-republique-francaise"},"share_on_mastodon":{"url":"https:\/\/pubeurope.com\/@fr\/115762122209395133","error":""},"_links":{"self":[{"href":"https:\/\/www.europesays.com\/fr\/wp-json\/wp\/v2\/posts\/615375","targetHints":{"allow":["GET"]}}],"collection":[{"href":"https:\/\/www.europesays.com\/fr\/wp-json\/wp\/v2\/posts"}],"about":[{"href":"https:\/\/www.europesays.com\/fr\/wp-json\/wp\/v2\/types\/post"}],"author":[{"embeddable":true,"href":"https:\/\/www.europesays.com\/fr\/wp-json\/wp\/v2\/users\/2"}],"replies":[{"embeddable":true,"href":"https:\/\/www.europesays.com\/fr\/wp-json\/wp\/v2\/comments?post=615375"}],"version-history":[{"count":0,"href":"https:\/\/www.europesays.com\/fr\/wp-json\/wp\/v2\/posts\/615375\/revisions"}],"wp:featuredmedia":[{"embeddable":true,"href":"https:\/\/www.europesays.com\/fr\/wp-json\/wp\/v2\/media\/615376"}],"wp:attachment":[{"href":"https:\/\/www.europesays.com\/fr\/wp-json\/wp\/v2\/media?parent=615375"}],"wp:term":[{"taxonomy":"category","embeddable":true,"href":"https:\/\/www.europesays.com\/fr\/wp-json\/wp\/v2\/categories?post=615375"},{"taxonomy":"post_tag","embeddable":true,"href":"https:\/\/www.europesays.com\/fr\/wp-json\/wp\/v2\/tags?post=615375"}],"curies":[{"name":"wp","href":"https:\/\/api.w.org\/{rel}","templated":true}]}}