{"id":615379,"date":"2025-12-22T07:50:13","date_gmt":"2025-12-22T07:50:13","guid":{"rendered":"https:\/\/www.europesays.com\/fr\/615379\/"},"modified":"2025-12-22T07:50:13","modified_gmt":"2025-12-22T07:50:13","slug":"guitare-dragon-dinosaure-que-demandent-les-enfants-au-pere-noel-du-marche-de-rouen","status":"publish","type":"post","link":"https:\/\/www.europesays.com\/fr\/615379\/","title":{"rendered":"Guitare, dragon, dinosaure&#8230; Que demandent les enfants au P\u00e8re No\u00ebl du march\u00e9 de Rouen?"},"content":{"rendered":"<p>                    Par<br \/>\n        <strong><br \/>\n            <a href=\"https:\/\/actu.fr\/auteur\/lily-dedeye\" title=\"Consulter tous les articles de Lily Dedeye\" target=\"_blank\" rel=\"noopener\">Lily Dedeye<\/a><br \/>\n                    <\/strong><\/p>\n<p>        Publi\u00e9 le<\/p>\n<p>            22 d\u00e9c. 2025 \u00e0 8h42        <\/p>\n<p><img decoding=\"async\" loading=\"lazy\" src=\"https:\/\/www.europesays.com\/fr\/wp-content\/uploads\/2025\/12\/img-3451-960x640.jpg\" alt=\"La famille Grepe a profit\u00e9 de sa soir\u00e9e sur le march\u00e9 de no\u00ebl de Rouen pour rendre visite au p\u00e8re no\u00ebl.\" width=\"960\" height=\"640\"\/>La famille Grepe a profit\u00e9 de sa soir\u00e9e sur le march\u00e9 de no\u00ebl de Rouen pour rendre visite au p\u00e8re no\u00ebl. (\u00a9Lily Dedeye)<\/p>\n<p class=\" wall-content\">En ce mercredi 19 d\u00e9cembre 2025, vers 17h, \u00e0 la sortie de l\u2019\u00e9cole, les enfants et les parents se rendent sur le <a href=\"https:\/\/actu.fr\/normandie\/rouen_76540\/patinoire-ephemere-grande-parade-illuminations-le-programme-des-animations-de-noel-a-rouen_63473134.html\" target=\"_blank\" rel=\"noopener\">march\u00e9 de no\u00ebl de Rouen<\/a> pour souffler apr\u00e8s cette journ\u00e9e de travail. Quand certains se rendent sur les stands de sucreries et de vin chaud, d\u2019autres ont rep\u00e9r\u00e9 une<strong> attraction <\/strong>qui ne survient que quelques jours dans la semaine : <strong>le P\u00e8re No\u00ebl<\/strong> est pr\u00e9sent et les attend dans sa cabane\u2026 Mais alors, que demandent les petits Rouennais au grand barbu ?<\/p>\n<p>Le t\u00e9moignage de Melia<\/p>\n<p class=\" wall-content\">Juste devant la cabane du P\u00e8re No\u00ebl, une queue de plusieurs dizaines de minutes se forme. Parents, enfants, adolescents, jeunes adultes. Tous attendent pour voir le P\u00e8re No\u00ebl. \u00ab\u00a0<strong>La magie de No\u00ebl n\u2019a pas d\u2019\u00e2ge<\/strong> !\u00a0\u00bb, s\u2019exclame un jeune d\u2019une vingtaine d\u2019ann\u00e9es.\u00a0<\/p>\n<p class=\" wall-content\">\u00c0 l\u2019int\u00e9rieur de l\u2019antre, l\u2019homme v\u00eatu de rouge accueille ses visiteurs avec le sourire.\u00a0<br \/>\u2013 Comment tu t\u2019appelles ? dit-il \u00e0 une petite venue lui prendre la main.\u00a0<br \/>\u2013 Melia.\u00a0<br \/>\u2013 Et que veux-tu pour No\u00ebl Melia ?\u00a0<br \/>\u2013 Un <strong>costume de princesse<\/strong> !<br \/>\u2013 Et que veux-tu d\u2019autre ?\u00a0<br \/>\u2013 Un <strong>dragon<\/strong> !\u00a0<br \/>\u2013 Et quoi d\u2019autre ?\u00a0<br \/>\u2013 C\u2019est tout, apr\u00e8s \u00e7a fait beaucoup.\u00a0<br \/>\u2013 Est-ce que tu aimes les chocolats Melia ?\u00a0<br \/>\u2013 Oui, surtout les Kinder Country !\u00a0<br \/>\u2013 Alors ce que l\u2019on va faire c\u2019est que je vais faire tes cadeaux et m\u00eame des Kinder Country !\u00a0<br \/>\u2013 Oui !<\/p>\n<p class=\" wall-content\">Apr\u00e8s ce bref \u00e9change, le P\u00e8re No\u00ebl prend Melia sur ses genoux, et sous l\u2019\u0153il attendri de sa m\u00e8re, son p\u00e8re Benjamin Grepe fait une photo. \u00ab\u00a0C\u2019est g\u00e9nial cette installation, dit-il. <strong>Ca ram\u00e8ne de la magie<\/strong> pour les enfants, ils ont des \u00e9toiles dans les yeux, on est trop contents de les voir comme \u00e7a.\u00a0\u00bb\u00a0<\/p>\n<p>Vid\u00e9os : en ce moment sur ActuDes enfants\u2026 mais pas que !<\/p>\n<p class=\" wall-content\">Melia s\u2019\u00e9clipse avec ses parents et les entrevues avec d\u2019autres enfants s\u2019encha\u00eenent. \u00ab\u00a0Moi je voudrais une guitare\u00a0\u00bb, dit Nathan. \u00ab\u00a0Moi un ordinateur et un dinosaure\u00a0\u00bb, dit Isaac. \u00ab\u00a0Moi un camion de pompier et un jeu de 7 familles\u00a0\u00bb, dit Lino.<\/p>\n<p>Votre r\u00e9gion, votre actu !<\/p>\n<p>Recevez chaque jour les infos qui comptent pour vous.<\/p>\n<p>\t<a href=\"https:\/\/actu.fr\/newsletter\" class=\"ac-btn ac-btn--corner ac-btn--medium ac-btn--blue800\" target=\"_blank\" rel=\"noopener\">S&rsquo;incrire<\/a><\/p>\n<p class=\" wall-content\"><strong>M\u00eame les grands enfants<\/strong> y trouvent leur compte. \u00ab\u00a0Moi je voudrais le c\u0153ur de ce gar\u00e7on, le blond l\u00e0-bas\u00a0\u00bb, dit \u00c9tienne, 20 ans. \u00ab\u00a0Et moi que mon p\u00e8re ne fasse pas un burn-out\u00a0\u00bb, ajoute Sacha du m\u00eame \u00e2ge.\u00a0<\/p>\n<blockquote class=\"ac-article-quote wall-content\">\n<p>\u00c7a arrive souvent. Je n&rsquo;ai pas toujours des enfants, j&rsquo;ai aussi des jeunes et des mamies !<\/p>\n<p>    <strong>Le P\u00e8re No\u00ebl de Rouen<\/strong>\n            <\/p><\/blockquote>\n<p>Donner plut\u00f4t que recevoir<\/p>\n<p class=\" wall-content\">Certains sont plus raisonnables et pr\u00e9f\u00e8rent <strong>donner plut\u00f4t que de recevoir<\/strong> : \u00ab\u00a0Moi je voudrais donner mes t\u00e9tines et mes couches pour devenir grande\u00a0\u00bb, s\u2019exclame Lina. Le P\u00e8re No\u00ebl se l\u00e8ve et l\u2019emm\u00e8ne dans un coin de la pi\u00e8ce o\u00f9 plusieurs t\u00e9tines sont entrepos\u00e9es : \u00ab\u00a0Regarde, toutes ces t\u00e9tines ce sont celles des petites filles et petits gar\u00e7ons qui comme toi, me l\u2019ont laiss\u00e9e parce qu\u2019ils sont devenus grands\u00a0\u00bb. Lina pose sa t\u00e9tine et sort de la pi\u00e8ce avec ses parents.\u00a0<\/p>\n<blockquote class=\"ac-article-quote wall-content\">\n<p>C&rsquo;est tr\u00e8s al\u00e9atoire, mais majoritairement les enfants demandent des jouets : des voitures, des licornes, des Barbies, des skate, des trottinettes \u00e9lectriques.<\/p>\n<p>    <strong>Le P\u00e8re No\u00ebl de Rouen<\/strong>\n            <\/p><\/blockquote>\n<p class=\" wall-content\">Pour celles et ceux qui voudraient profiter une derni\u00e8re fois du P\u00e8re No\u00ebl avant la fin du march\u00e9, vous pouvez le retrouver dans son antre le <strong>mercredi, le samedi et le dimanche de 14h30 \u00e0 18h30.<\/strong><\/p>\n<p>Suivez l\u2019actualit\u00e9 de Rouen <a href=\"https:\/\/www.whatsapp.com\/channel\/0029VaKfnf99hXF2ddApFB1D\" target=\"_blank\" rel=\"noopener\">sur notre cha\u00eene WhatsApp<\/a> et <a href=\"https:\/\/www.tiktok.com\/@76actu.fr?lang=fr\" target=\"_blank\" rel=\"noopener\">sur notre compte TikTok<\/a><\/p>\n<p class=\" wall-content\">Personnalisez votre actualit\u00e9 en ajoutant vos villes et m\u00e9dias en favori avec <a href=\"https:\/\/moncompte.actu.fr\" title=\"D\u00e9couvez Mon Actu\" rel=\"nofollow noopener\" data-trk=\"{&quot;cta&quot;:{&quot;action&quot;:&quot;https:\\\/\\\/moncompte.actu.fr&quot;,&quot;category&quot;:&quot;mon compte&quot;,&quot;from&quot;:&quot;article footer&quot;,&quot;name&quot;:&quot;Mon actu&quot;,&quot;type&quot;:&quot;cta&quot;}}\" target=\"_blank\">Mon Actu<\/a>.<\/p>\n<p>                    <script async src=\"\/\/www.tiktok.com\/embed.js\"><\/script><\/p>\n","protected":false},"excerpt":{"rendered":"Par Lily Dedeye Publi\u00e9 le 22 d\u00e9c. 2025 \u00e0 8h42 La famille Grepe a profit\u00e9 de sa soir\u00e9e&hellip;\n","protected":false},"author":2,"featured_media":615380,"comment_status":"","ping_status":"","sticky":false,"template":"","format":"standard","meta":{"footnotes":""},"categories":[9587],"tags":[1111,11,1719,1777,674,1011,27,1652,12,15830,5161,25,9590],"class_list":{"0":"post-615379","1":"post","2":"type-post","3":"status-publish","4":"format-standard","5":"has-post-thumbnail","7":"category-rouen","8":"tag-actu","9":"tag-actualites","10":"tag-enfants","11":"tag-eu","12":"tag-europe","13":"tag-fr","14":"tag-france","15":"tag-loisirs-culture","16":"tag-news","17":"tag-noel","18":"tag-normandie","19":"tag-republique-francaise","20":"tag-rouen"},"share_on_mastodon":{"url":"https:\/\/pubeurope.com\/@fr\/115762130801474848","error":""},"_links":{"self":[{"href":"https:\/\/www.europesays.com\/fr\/wp-json\/wp\/v2\/posts\/615379","targetHints":{"allow":["GET"]}}],"collection":[{"href":"https:\/\/www.europesays.com\/fr\/wp-json\/wp\/v2\/posts"}],"about":[{"href":"https:\/\/www.europesays.com\/fr\/wp-json\/wp\/v2\/types\/post"}],"author":[{"embeddable":true,"href":"https:\/\/www.europesays.com\/fr\/wp-json\/wp\/v2\/users\/2"}],"replies":[{"embeddable":true,"href":"https:\/\/www.europesays.com\/fr\/wp-json\/wp\/v2\/comments?post=615379"}],"version-history":[{"count":0,"href":"https:\/\/www.europesays.com\/fr\/wp-json\/wp\/v2\/posts\/615379\/revisions"}],"wp:featuredmedia":[{"embeddable":true,"href":"https:\/\/www.europesays.com\/fr\/wp-json\/wp\/v2\/media\/615380"}],"wp:attachment":[{"href":"https:\/\/www.europesays.com\/fr\/wp-json\/wp\/v2\/media?parent=615379"}],"wp:term":[{"taxonomy":"category","embeddable":true,"href":"https:\/\/www.europesays.com\/fr\/wp-json\/wp\/v2\/categories?post=615379"},{"taxonomy":"post_tag","embeddable":true,"href":"https:\/\/www.europesays.com\/fr\/wp-json\/wp\/v2\/tags?post=615379"}],"curies":[{"name":"wp","href":"https:\/\/api.w.org\/{rel}","templated":true}]}}