{"id":615381,"date":"2025-12-22T07:51:13","date_gmt":"2025-12-22T07:51:13","guid":{"rendered":"https:\/\/www.europesays.com\/fr\/615381\/"},"modified":"2025-12-22T07:51:13","modified_gmt":"2025-12-22T07:51:13","slug":"rouen-rave-party-sur-lile-lacroix-du-materiel-saisi","status":"publish","type":"post","link":"https:\/\/www.europesays.com\/fr\/615381\/","title":{"rendered":"Rouen. Rave party sur l&rsquo;\u00eele Lacroix, du mat\u00e9riel saisi"},"content":{"rendered":"<p melodystyle=\"texte\">Une rave party non d\u00e9clar\u00e9e s&rsquo;est d\u00e9roul\u00e9e dans la nuit du samedi\u00a020 au dimanche 21\u00a0d\u00e9cembre dans les locaux d\u00e9saffect\u00e9s du centre aquatique de l&rsquo;\u00eele Lacroix \u00e0 Rouen. L&rsquo;\u00e9v\u00e9nement a rassembl\u00e9 plusieurs centaines de participants. Les organisateurs ont p\u00e9n\u00e9tr\u00e9 sur les lieux par effraction. La pr\u00e9fecture de Seine-Maritime avait pourtant pris un arr\u00eat\u00e9 interdisant l&rsquo;organisation de rassemblements festifs \u00e0 caract\u00e8re musical non d\u00e9clar\u00e9s du vendredi 19\u00a0d\u00e9cembre 15h au lundi 22\u00a0d\u00e9cembre \u00e0 15h sur l&rsquo;ensemble du d\u00e9partement.<\/p>\n<p>Le mat\u00e9riel saisi<\/p>\n<p melodystyle=\"texte\">D\u00e8s l&rsquo;arriv\u00e9e des premiers arrivants, dimanche avant 1h, la Direction interd\u00e9partementale de la police nationale a mis en place un dispositif de s\u00e9curisation, qui incluait des contr\u00f4les routiers. Les effectifs de la police nationale ont aussi \u00e9tabli le dialogue avec des participants m\u00e9diateurs, qui ont d\u00e9clar\u00e9 \u00eatre inform\u00e9s de la publication de l&rsquo;arr\u00eat\u00e9 et des risques encourus. Apr\u00e8s l&rsquo;\u00e9vacuation du site le dimanche matin qui a \u00e9t\u00e9 r\u00e9alis\u00e9e sans heurt, le mat\u00e9riel de sonorisation (deux groupes \u00e9lectrog\u00e8nes, plusieurs disqueuses, quatre ensembles de jeu de lumi\u00e8res, huit caissons de basses et quatre amplificateurs) et le v\u00e9hicule le contenant, ont \u00e9t\u00e9 saisis.<\/p>\n<p melodystyle=\"texte\">Les contr\u00f4les de police ont conduit \u00e0 des verbalisations (deux amendes forfaitaires pour stup\u00e9fiants), une interpellation pour un individu recherch\u00e9, deux saisies d&rsquo;armes de cat\u00e9gorie D et 84 identit\u00e9s relev\u00e9es dans le cadre de verbalisations pour violation de l&rsquo;arr\u00eat\u00e9 pr\u00e9fectoral.<\/p>\n","protected":false},"excerpt":{"rendered":"Une rave party non d\u00e9clar\u00e9e s&rsquo;est d\u00e9roul\u00e9e dans la nuit du samedi\u00a020 au dimanche 21\u00a0d\u00e9cembre dans les locaux&hellip;\n","protected":false},"author":2,"featured_media":615382,"comment_status":"","ping_status":"","sticky":false,"template":"","format":"standard","meta":{"footnotes":""},"categories":[9587],"tags":[1111,11,1777,674,1011,27,12,5161,25,9590],"class_list":{"0":"post-615381","1":"post","2":"type-post","3":"status-publish","4":"format-standard","5":"has-post-thumbnail","7":"category-rouen","8":"tag-actu","9":"tag-actualites","10":"tag-eu","11":"tag-europe","12":"tag-fr","13":"tag-france","14":"tag-news","15":"tag-normandie","16":"tag-republique-francaise","17":"tag-rouen"},"share_on_mastodon":{"url":"https:\/\/pubeurope.com\/@fr\/115762134000197138","error":""},"_links":{"self":[{"href":"https:\/\/www.europesays.com\/fr\/wp-json\/wp\/v2\/posts\/615381","targetHints":{"allow":["GET"]}}],"collection":[{"href":"https:\/\/www.europesays.com\/fr\/wp-json\/wp\/v2\/posts"}],"about":[{"href":"https:\/\/www.europesays.com\/fr\/wp-json\/wp\/v2\/types\/post"}],"author":[{"embeddable":true,"href":"https:\/\/www.europesays.com\/fr\/wp-json\/wp\/v2\/users\/2"}],"replies":[{"embeddable":true,"href":"https:\/\/www.europesays.com\/fr\/wp-json\/wp\/v2\/comments?post=615381"}],"version-history":[{"count":0,"href":"https:\/\/www.europesays.com\/fr\/wp-json\/wp\/v2\/posts\/615381\/revisions"}],"wp:featuredmedia":[{"embeddable":true,"href":"https:\/\/www.europesays.com\/fr\/wp-json\/wp\/v2\/media\/615382"}],"wp:attachment":[{"href":"https:\/\/www.europesays.com\/fr\/wp-json\/wp\/v2\/media?parent=615381"}],"wp:term":[{"taxonomy":"category","embeddable":true,"href":"https:\/\/www.europesays.com\/fr\/wp-json\/wp\/v2\/categories?post=615381"},{"taxonomy":"post_tag","embeddable":true,"href":"https:\/\/www.europesays.com\/fr\/wp-json\/wp\/v2\/tags?post=615381"}],"curies":[{"name":"wp","href":"https:\/\/api.w.org\/{rel}","templated":true}]}}