{"id":615383,"date":"2025-12-22T07:52:17","date_gmt":"2025-12-22T07:52:17","guid":{"rendered":"https:\/\/www.europesays.com\/fr\/615383\/"},"modified":"2025-12-22T07:52:17","modified_gmt":"2025-12-22T07:52:17","slug":"metropole-de-grenoble-un-policier-blesse-a-echirolles-lors-de-linterpellation-dun-dealer","status":"publish","type":"post","link":"https:\/\/www.europesays.com\/fr\/615383\/","title":{"rendered":"M\u00e9tropole de Grenoble. Un policier bless\u00e9 \u00e0 \u00c9chirolles lors de l\u2019interpellation d\u2019un dealer"},"content":{"rendered":"<p>Un policier de la Brigade sp\u00e9cialis\u00e9e de terrain (BST) a \u00e9t\u00e9 s\u00e9rieusement bless\u00e9 \u00e0 une \u00e9paule apr\u00e8s avoir \u00e9t\u00e9 percut\u00e9 volontairement par un homme qu\u2019il tentait de contr\u00f4ler avec ses coll\u00e8gues, dimanche \u00e0 \u00c9chirolles.<\/p>\n<p>Les faits se sont produits peu apr\u00e8s 20 heures, place de la Convention, lorsqu\u2019un \u00e9quipage de la BST a contr\u00f4l\u00e9 un jeune homme de 25 ans et l\u2019a trouv\u00e9 en possession, notamment, de produits stup\u00e9fiants. Mais le suspect a subitement pris la fuite en heurtant violemment l\u2019un des policiers.<\/p>\n<p>Ce contenu est bloqu\u00e9 car vous n&rsquo;avez pas accept\u00e9 les cookies et autres traceurs.<\/p>\n<p>En cliquant sur \u00ab J\u2019accepte \u00bb, les cookies et autres traceurs seront d\u00e9pos\u00e9s et vous pourrez visualiser les contenus  (<a href=\"\" class=\"consentModule_policy\" target=\"_blank\" title=\"Consulter la politique de protection des donn\u00e9es du fournisseur\">plus d&rsquo;informations<\/a>).<\/p>\n<p>En cliquant sur \u00ab J\u2019accepte tous les cookies \u00bb, vous autorisez des d\u00e9p\u00f4ts de cookies et autres traceurs pour le stockage de vos donn\u00e9es sur nos sites et applications \u00e0 des fins de personnalisation et de ciblage publicitaire.<\/p>\n<p class=\"consentModule_secondaryText\">Vous gardez la possibilit\u00e9 de retirer votre consentement \u00e0 tout moment en consultant notre <a href=\"https:\/\/www.ledauphine.com\/protection-des-donnees\" target=\"_blank\" title=\"Consulter notre politique de protection des donn\u00e9es\" rel=\"noopener\">politique de protection des donn\u00e9es<\/a>. <br \/>&#13;<br \/>\n            <a href=\"https:\/\/www.ledauphine.com\/faits-divers-justice\/2025\/12\/22\/javascript:Didomi.notice.show()\" class=\"consentModule_cmp\" target=\"_blank\" rel=\"noopener\">G\u00e9rer mes choix<\/a>&#13;\n        <\/p>\n<p>&#13;<br \/>\n                        J&rsquo;accepte&#13;<br \/>\n            J&rsquo;accepte tous les cookies&#13;\n        <\/p>\n<p>Le fuyard a \u00e9t\u00e9 rattrap\u00e9 peu apr\u00e8s, rue Saintonge, et a \u00e9t\u00e9 plac\u00e9 en garde \u00e0 vue pour violences volontaires sur personne d\u00e9positaire de l\u2019autorit\u00e9 publique et pour d\u00e9tention de produits stup\u00e9fiants. Souffrant d\u2019une luxation d\u2019\u00e9paule, le policier bless\u00e9 a \u00e9t\u00e9 transport\u00e9 aux urgences par ses coll\u00e8gues.<\/p>\n","protected":false},"excerpt":{"rendered":"Un policier de la Brigade sp\u00e9cialis\u00e9e de terrain (BST) a \u00e9t\u00e9 s\u00e9rieusement bless\u00e9 \u00e0 une \u00e9paule apr\u00e8s avoir&hellip;\n","protected":false},"author":2,"featured_media":615384,"comment_status":"","ping_status":"","sticky":false,"template":"","format":"standard","meta":{"footnotes":""},"categories":[9566],"tags":[1111,11,2430,271,272,9852,9853,112,1777,674,274,107,1011,27,2731,108,12,25],"class_list":{"0":"post-615383","1":"post","2":"type-post","3":"status-publish","4":"format-standard","5":"has-post-thumbnail","7":"category-grenoble","8":"tag-actu","9":"tag-actualites","10":"tag-auvergne-rhone-alpes","11":"tag-crime","12":"tag-delit-et-contravention","13":"tag-echirolles","14":"tag-echirolles-bassin","15":"tag-edition-grenoble-agglomeration","16":"tag-eu","17":"tag-europe","18":"tag-faits-divers-justice","19":"tag-fil-info","20":"tag-fr","21":"tag-france","22":"tag-grenoble","23":"tag-isere","24":"tag-news","25":"tag-republique-francaise"},"share_on_mastodon":{"url":"https:\/\/pubeurope.com\/@fr\/115762137848185457","error":""},"_links":{"self":[{"href":"https:\/\/www.europesays.com\/fr\/wp-json\/wp\/v2\/posts\/615383","targetHints":{"allow":["GET"]}}],"collection":[{"href":"https:\/\/www.europesays.com\/fr\/wp-json\/wp\/v2\/posts"}],"about":[{"href":"https:\/\/www.europesays.com\/fr\/wp-json\/wp\/v2\/types\/post"}],"author":[{"embeddable":true,"href":"https:\/\/www.europesays.com\/fr\/wp-json\/wp\/v2\/users\/2"}],"replies":[{"embeddable":true,"href":"https:\/\/www.europesays.com\/fr\/wp-json\/wp\/v2\/comments?post=615383"}],"version-history":[{"count":0,"href":"https:\/\/www.europesays.com\/fr\/wp-json\/wp\/v2\/posts\/615383\/revisions"}],"wp:featuredmedia":[{"embeddable":true,"href":"https:\/\/www.europesays.com\/fr\/wp-json\/wp\/v2\/media\/615384"}],"wp:attachment":[{"href":"https:\/\/www.europesays.com\/fr\/wp-json\/wp\/v2\/media?parent=615383"}],"wp:term":[{"taxonomy":"category","embeddable":true,"href":"https:\/\/www.europesays.com\/fr\/wp-json\/wp\/v2\/categories?post=615383"},{"taxonomy":"post_tag","embeddable":true,"href":"https:\/\/www.europesays.com\/fr\/wp-json\/wp\/v2\/tags?post=615383"}],"curies":[{"name":"wp","href":"https:\/\/api.w.org\/{rel}","templated":true}]}}