{"id":615385,"date":"2025-12-22T07:55:21","date_gmt":"2025-12-22T07:55:21","guid":{"rendered":"https:\/\/www.europesays.com\/fr\/615385\/"},"modified":"2025-12-22T07:55:21","modified_gmt":"2025-12-22T07:55:21","slug":"les-derniers-chiffres-de-linsee","status":"publish","type":"post","link":"https:\/\/www.europesays.com\/fr\/615385\/","title":{"rendered":"les derniers chiffres de l&rsquo;Insee"},"content":{"rendered":"<p>                    Par<br \/>\n        <strong><br \/>\n            <a href=\"https:\/\/actu.fr\/auteur\/lisa-rodrigues\" title=\"Consulter tous les articles de Lisa Rodrigues\" target=\"_blank\" rel=\"noopener\">Lisa Rodrigues<\/a><br \/>\n                    <\/strong><\/p>\n<p>        Publi\u00e9 le<\/p>\n<p>            19 d\u00e9c. 2025 \u00e0 9h41        <\/p>\n<p>Pour la deuxi\u00e8me ann\u00e9e cons\u00e9cutive, le <strong>nombre d\u2019habitants ne fait que diminuer<\/strong> \u00e0 <a href=\"https:\/\/actu.fr\/auvergne-rhone-alpes\/grenoble_38185\" target=\"_blank\" rel=\"noopener\">Grenoble<\/a>. C\u2019est en tout cas ce qui ressort du dernier recensement de l\u2019Insee, qui a comptabilis\u00e9 l\u2019ensemble de la population en 2023.<\/p>\n<p class=\" wall-content\">Cette baisse des Grenoblois a \u00e9galement \u00e9t\u00e9 observ\u00e9e en <a href=\"https:\/\/actu.fr\/auvergne-rhone-alpes\/grenoble_38185\/grenoble-les-habitants-quittent-la-ville-selon-une-etude-de-l-insee_56245746.html\" target=\"_blank\" rel=\"noopener\">2020<\/a> et en <a href=\"https:\/\/actu.fr\/auvergne-rhone-alpes\/grenoble_38185\/grenoble-les-habitants-continuent-de-quitter-la-ville-selon-l-insee_60504311.html\" target=\"_blank\" rel=\"noopener\">2021<\/a>.<\/p>\n<p>Un taux de croissance de la population n\u00e9gatif<\/p>\n<p class=\" wall-content\">D\u2019apr\u00e8s cette \u00e9tude, <strong>156\u2009140\u00a0personnes<\/strong> habitaient Grenoble en 2023. Soit 249\u00a0habitants de moins qu\u2019en 2022.<\/p>\n<p class=\" wall-content\">Une baisse, certes, l\u00e9g\u00e8re, mais qui confirme une tendance en berne depuis 2017, avec un taux de croissance annuel moyen de la population entre\u00a02017 et\u00a02023 n\u00e9gatif, puisqu\u2019il est de -0,2\u2009%.<\/p>\n<p class=\" wall-content\">Ce m\u00eame taux de croissance annuel moyen est <strong>nul<\/strong> si on \u00e9tudie les chiffres sur la p\u00e9riode 2012-2017.<\/p>\n<p>Grenoble toujours la ville la plus peupl\u00e9e en Is\u00e8re<\/p>\n<p class=\" wall-content\">Grenoble reste toutefois la ville la plus peupl\u00e9e de l\u2019Is\u00e8re, et de loin.<\/p>\n<p class=\" wall-content\">La deuxi\u00e8me commune du classement est <a href=\"https:\/\/actu.fr\/auvergne-rhone-alpes\/saint-martin-d-heres_38421\" target=\"_blank\" rel=\"noopener\">Saint-Martin-d\u2019H\u00e8res<\/a>, avec 37\u2009695\u00a0habitants en 2023, un peu plus de 200\u00a0habitants de plus qu\u2019<a href=\"https:\/\/actu.fr\/auvergne-rhone-alpes\/echirolles_38151\" target=\"_blank\" rel=\"noopener\">\u00c9chirolles<\/a> (37\u2009491).<\/p>\n<p>Votre r\u00e9gion, votre actu !<\/p>\n<p>Recevez chaque jour les infos qui comptent pour vous.<\/p>\n<p>\t<a href=\"https:\/\/actu.fr\/newsletter\" class=\"ac-btn ac-btn--corner ac-btn--medium ac-btn--blue800\" target=\"_blank\" rel=\"noopener\">S&rsquo;incrire<\/a><\/p>\n<p class=\" wall-content\">Les villes de <a href=\"https:\/\/actu.fr\/auvergne-rhone-alpes\/vienne_38544\" target=\"_blank\" rel=\"noopener\">Vienne<\/a> (31\u2009778) et de <a href=\"https:\/\/actu.fr\/auvergne-rhone-alpes\/bourgoin-jallieu_38053\" target=\"_blank\" rel=\"noopener\">Bourgoin-Jallieu<\/a> (30\u2009151) cl\u00f4turent le top\u00a05 des communes is\u00e9roises les plus peupl\u00e9es.<\/p>\n<p class=\" wall-content\">Personnalisez votre actualit\u00e9 en ajoutant vos villes et m\u00e9dias en favori avec <a href=\"https:\/\/moncompte.actu.fr\" title=\"D\u00e9couvez Mon Actu\" rel=\"nofollow noopener\" data-trk=\"{&quot;cta&quot;:{&quot;action&quot;:&quot;https:\\\/\\\/moncompte.actu.fr&quot;,&quot;category&quot;:&quot;mon compte&quot;,&quot;from&quot;:&quot;article footer&quot;,&quot;name&quot;:&quot;Mon actu&quot;,&quot;type&quot;:&quot;cta&quot;}}\" target=\"_blank\">Mon Actu<\/a>.<\/p>\n","protected":false},"excerpt":{"rendered":"Par Lisa Rodrigues Publi\u00e9 le 19 d\u00e9c. 2025 \u00e0 9h41 Pour la deuxi\u00e8me ann\u00e9e cons\u00e9cutive, le nombre d\u2019habitants&hellip;\n","protected":false},"author":2,"featured_media":615386,"comment_status":"","ping_status":"","sticky":false,"template":"","format":"standard","meta":{"footnotes":""},"categories":[9566],"tags":[1111,11,2430,6969,1777,674,1011,27,2731,12,25,104],"class_list":{"0":"post-615385","1":"post","2":"type-post","3":"status-publish","4":"format-standard","5":"has-post-thumbnail","7":"category-grenoble","8":"tag-actu","9":"tag-actualites","10":"tag-auvergne-rhone-alpes","11":"tag-demographie","12":"tag-eu","13":"tag-europe","14":"tag-fr","15":"tag-france","16":"tag-grenoble","17":"tag-news","18":"tag-republique-francaise","19":"tag-societe"},"share_on_mastodon":{"url":"https:\/\/pubeurope.com\/@fr\/115762149690155967","error":""},"_links":{"self":[{"href":"https:\/\/www.europesays.com\/fr\/wp-json\/wp\/v2\/posts\/615385","targetHints":{"allow":["GET"]}}],"collection":[{"href":"https:\/\/www.europesays.com\/fr\/wp-json\/wp\/v2\/posts"}],"about":[{"href":"https:\/\/www.europesays.com\/fr\/wp-json\/wp\/v2\/types\/post"}],"author":[{"embeddable":true,"href":"https:\/\/www.europesays.com\/fr\/wp-json\/wp\/v2\/users\/2"}],"replies":[{"embeddable":true,"href":"https:\/\/www.europesays.com\/fr\/wp-json\/wp\/v2\/comments?post=615385"}],"version-history":[{"count":0,"href":"https:\/\/www.europesays.com\/fr\/wp-json\/wp\/v2\/posts\/615385\/revisions"}],"wp:featuredmedia":[{"embeddable":true,"href":"https:\/\/www.europesays.com\/fr\/wp-json\/wp\/v2\/media\/615386"}],"wp:attachment":[{"href":"https:\/\/www.europesays.com\/fr\/wp-json\/wp\/v2\/media?parent=615385"}],"wp:term":[{"taxonomy":"category","embeddable":true,"href":"https:\/\/www.europesays.com\/fr\/wp-json\/wp\/v2\/categories?post=615385"},{"taxonomy":"post_tag","embeddable":true,"href":"https:\/\/www.europesays.com\/fr\/wp-json\/wp\/v2\/tags?post=615385"}],"curies":[{"name":"wp","href":"https:\/\/api.w.org\/{rel}","templated":true}]}}