{"id":615394,"date":"2025-12-22T08:03:37","date_gmt":"2025-12-22T08:03:37","guid":{"rendered":"https:\/\/www.europesays.com\/fr\/615394\/"},"modified":"2025-12-22T08:03:37","modified_gmt":"2025-12-22T08:03:37","slug":"nice-harmonie-mutuelle-et-la-fcna-sassocient-pour-accompagner-commercants","status":"publish","type":"post","link":"https:\/\/www.europesays.com\/fr\/615394\/","title":{"rendered":"Nice : Harmonie Mutuelle et la FCNA s\u2019associent pour accompagner commer\u00e7ants (\u2026)"},"content":{"rendered":"<p>                    <img loading=\"lazy\" decoding=\"async\" src=\"https:\/\/www.europesays.com\/fr\/wp-content\/uploads\/2025\/12\/9e5267db53dfe2e02da24c78ce2a51.png\" class=\"img-responsive post-image\" width=\"680\" height=\"510\" alt=\"Nice : Harmonie Mutuelle\" title=\"Nice : Harmonie Mutuelle et la FCNA s'associent pour accompagner commer\u00e7ants et artisans\"\/><\/p>\n<p class=\"chapo\">Harmonie Mutuelle et la F\u00e9d\u00e9ration du Commerce Ni\u00e7ois et de l\u2019Artisanat (FCNA) ont sign\u00e9, le 10 d\u00e9cembre, une convention de partenariat d\u2019une dur\u00e9e d\u2019un an visant \u00e0 renforcer l\u2019accompagnement des commer\u00e7ants, artisans et entrepreneurs du territoire ni\u00e7ois. Cette initiative s\u2019inscrit dans une d\u00e9marche commune de soutien au tissu \u00e9conomique local, \u00e0 travers des actions de pr\u00e9vention, de sensibilisation et de formation.<\/p>\n<p>\u00ab\u00a0Ce partenariat s\u2019inscrit dans notre ADN\u00a0: accompagner les entrepreneurs, commer\u00e7ants et artisans dans la dur\u00e9e, en leur proposant bien plus qu\u2019une couverture sant\u00e9 -une relation de confiance, de conseil et de performance \u00e9conomique. Avec la FCNA, nous partageons une m\u00eame conviction\u00a0: la vitalit\u00e9 du commerce local passe aussi par la qualit\u00e9 de l\u2019accompagnement humain et la pr\u00e9vention des risques\u00a0\u00bb souligne <strong>Robert Jimenez<\/strong>, Directeur R\u00e9gional PACA et Corse d\u2019Harmonie Mutuelle.<\/p>\n<p>Protection sociale, pr\u00e9vention sant\u00e9, retraite<\/p>\n<p>Dans le cadre de ce partenariat, Harmonie Mutuelle organisera des petits-d\u00e9jeuners th\u00e9matiques trimestriels dans son agence de Nice centre. Anim\u00e9es par ses experts, ces rencontres aborderont des sujets li\u00e9s \u00e0 la protection sociale, \u00e0 la pr\u00e9vention sant\u00e9, \u00e0 la retraite, \u00e0 l\u2019\u00e9pargne ou encore \u00e0 la gestion des risques professionnels. Elles permettront aux adh\u00e9rents de la FCNA de b\u00e9n\u00e9ficier de conseils pratiques et d\u2019\u00e9changes directs avec des sp\u00e9cialistes. La mutuelle mettra \u00e9galement \u00e0 disposition de la f\u00e9d\u00e9ration des espaces de r\u00e9union dans ses agences de Nice et de Sophia Antipolis, afin de faciliter l\u2019organisation de rencontres et d\u2019initiatives communes.<br class=\"autobr\"\/><br \/>\nPar ailleurs, les adh\u00e9rents de la FCNA auront acc\u00e8s \u00e0 un dispositif digital d\u00e9di\u00e9, leur permettant de r\u00e9aliser une \u00e9tude personnalis\u00e9e de leur couverture sant\u00e9 et d\u2019optimiser leurs garanties. Ce partenariat illustre la volont\u00e9 des deux organisations de proposer un accompagnement de proximit\u00e9, combinant expertise humaine et outils num\u00e9riques, au service de la performance et de la p\u00e9rennit\u00e9 des entreprises locales.<\/p>\n<p>Photo de Une \u00a9FCNA sur Facebook<\/p>\n","protected":false},"excerpt":{"rendered":"Harmonie Mutuelle et la F\u00e9d\u00e9ration du Commerce Ni\u00e7ois et de l\u2019Artisanat (FCNA) ont sign\u00e9, le 10 d\u00e9cembre, une&hellip;\n","protected":false},"author":2,"featured_media":615395,"comment_status":"","ping_status":"","sticky":false,"template":"","format":"standard","meta":{"footnotes":""},"categories":[2819],"tags":[1111,11,2408,1777,674,1011,27,12,2401,882,25],"class_list":{"0":"post-615394","1":"post","2":"type-post","3":"status-publish","4":"format-standard","5":"has-post-thumbnail","7":"category-nice","8":"tag-actu","9":"tag-actualites","10":"tag-appels-d","11":"tag-eu","12":"tag-europe","13":"tag-fr","14":"tag-france","15":"tag-news","16":"tag-nice","17":"tag-provence-alpes-cote-dazur","18":"tag-republique-francaise"},"share_on_mastodon":{"url":"https:\/\/pubeurope.com\/@fr\/115762181765067010","error":""},"_links":{"self":[{"href":"https:\/\/www.europesays.com\/fr\/wp-json\/wp\/v2\/posts\/615394","targetHints":{"allow":["GET"]}}],"collection":[{"href":"https:\/\/www.europesays.com\/fr\/wp-json\/wp\/v2\/posts"}],"about":[{"href":"https:\/\/www.europesays.com\/fr\/wp-json\/wp\/v2\/types\/post"}],"author":[{"embeddable":true,"href":"https:\/\/www.europesays.com\/fr\/wp-json\/wp\/v2\/users\/2"}],"replies":[{"embeddable":true,"href":"https:\/\/www.europesays.com\/fr\/wp-json\/wp\/v2\/comments?post=615394"}],"version-history":[{"count":0,"href":"https:\/\/www.europesays.com\/fr\/wp-json\/wp\/v2\/posts\/615394\/revisions"}],"wp:featuredmedia":[{"embeddable":true,"href":"https:\/\/www.europesays.com\/fr\/wp-json\/wp\/v2\/media\/615395"}],"wp:attachment":[{"href":"https:\/\/www.europesays.com\/fr\/wp-json\/wp\/v2\/media?parent=615394"}],"wp:term":[{"taxonomy":"category","embeddable":true,"href":"https:\/\/www.europesays.com\/fr\/wp-json\/wp\/v2\/categories?post=615394"},{"taxonomy":"post_tag","embeddable":true,"href":"https:\/\/www.europesays.com\/fr\/wp-json\/wp\/v2\/tags?post=615394"}],"curies":[{"name":"wp","href":"https:\/\/api.w.org\/{rel}","templated":true}]}}