{"id":615396,"date":"2025-12-22T08:04:51","date_gmt":"2025-12-22T08:04:51","guid":{"rendered":"https:\/\/www.europesays.com\/fr\/615396\/"},"modified":"2025-12-22T08:04:51","modified_gmt":"2025-12-22T08:04:51","slug":"la-fin-de-la-serie-noire-ne-suffit-pas-a-lever-les-questions-autour-de-logc-nice","status":"publish","type":"post","link":"https:\/\/www.europesays.com\/fr\/615396\/","title":{"rendered":"la fin de la s\u00e9rie noire ne suffit pas \u00e0 lever les questions autour de l\u2019OGC Nice"},"content":{"rendered":"<p class=\"fs-5 \">Un stade vide, un ciel gris, <a href=\"https:\/\/www.nicematin.com\/sports\/football\/j-ai-senti-que-c-etait-le-moment-a-68-ans-lucien-favre-ancien-coach-de-l-ogc-nice-prend-sa-retraite-10661789\" target=\"_blank\" rel=\"noopener\">Lucien Favre qui annonce l\u2019arr\u00eat de sa carri\u00e8re<\/a>, Charles Vanhoutte malade et <a href=\"https:\/\/www.nicematin.com\/sports\/football\/a-l-ogc-nice-ou-les-motifs-d-espoir-sont-rares-isak-jansson-se-montre-enfin-10661262\" target=\"_blank\" rel=\"noopener\">Isak Jansson<\/a> g\u00ean\u00e9 au mollet pour porter la liste des absents \u00e0 quatorze joueurs&#8230;<\/p>\n<p class=\"fs-5 \">Difficile d\u2019imaginer que ce triste dimanche de d\u00e9cembre mettrait fin \u00e0 la <a href=\"https:\/\/www.nicematin.com\/sports\/football\/l-ogc-nice-subit-une-neuvieme-defaite-de-rang-chez-le-leader-lensois-2-0-10660918\" target=\"_blank\" rel=\"noopener\">p\u00e9nible s\u00e9rie de neuf d\u00e9faites cons\u00e9cutives du Gym<\/a>.<\/p>\n<p class=\"fs-5 \">Et pourtant, la coupure pour les f\u00eates de fin d\u2019ann\u00e9e sera plus l\u00e9g\u00e8re avec cette victoire tant attendue depuis quasiment deux mois. Ouf\u00a0!<\/p>\n<p class=\"fs-5 \">Une bouff\u00e9e d\u2019air en Coupe que les Aiglons, comme<strong> Franck Haise<\/strong>, sont all\u00e9s chercher en apn\u00e9e face \u00e0 des St\u00e9phanois plus fringants dans le jeu collectif et la ma\u00eetrise des \u00e9v\u00e9nements.<\/p>\n<p class=\"fs-5 \">\u00ab\u00a0On va retenir la qualification, on n\u2019a pas eu beaucoup de bons moments, il faut la savourer. Mais personne n\u2019est dupe, a reconnu le coach ni\u00e7ois.<\/p>\n<p class=\"fs-5 \"><strong>Il y a encore eu des moments o\u00f9 on a souffert. <\/strong>On a laiss\u00e9 aussi une tr\u00e8s grosse opportunit\u00e9 \u00e0 l\u2019adversaire en fin de match. <\/p>\n<p class=\"fs-5 \">C\u2019est le genre d\u2019erreurs qui ne vont pas dispara\u00eetre comme \u00e7a, encore moins un jour o\u00f9 on a quatorze absents. \u00a0\u00bb<\/p>\n<p class=\"fs-5 \">Le jeune <strong>Nadir El Jamali<\/strong> aurait en effet pu renverser la table \u00e0 la derni\u00e8re minute du temps r\u00e9glementaire, seul dans les seize m\u00e8tres face \u00e0 Dup\u00e9.<\/p>\n<p>        <img src=\"https:\/\/www.europesays.com\/fr\/wp-content\/uploads\/2025\/12\/1766390690_26_cf4457b_upload-1-oqj6z7vzwajt-maxnewsspecialtwo445148.jpg\"   loading=\"lazy\" decoding=\"async\" alt=\"Les Ni\u00e7ois iront \u00e0 Nantes en 16es de finale.\" class=\"img-fluid position-absolute w-100 object-fit-cover rounded-2\" width=\"600\" height=\"400\"\/><\/p>\n<p>                                                                                Diallo ne rate pas sa premi\u00e8re<\/p>\n<p class=\"fs-5 \">Mais le milieu offensif de 18 ans a rat\u00e9 le cadre, tout l\u2019inverse de <strong>Zoumana Diallo<\/strong> qui f\u00eatait sa premi\u00e8re en pro du c\u00f4t\u00e9 ni\u00e7ois.<\/p>\n<p class=\"fs-5 \">Pr\u00e9f\u00e9r\u00e9 \u00e0 <strong>Kevin Carlos<\/strong>, qui a \u00e9galement vu <strong>Nguene<\/strong> entrer en jeu \u00e0 sa place, l\u2019attaquant de 20 ans d\u00e9barqu\u00e9 l\u2019\u00e9t\u00e9 dernier de <strong>Strasbourg<\/strong> a converti en but sa seule et unique situation dans la surface adverse.<\/p>\n<p class=\"fs-5 \">Un bout du pied entre les jambes de Larsonneur synonyme de 3e passe d\u00e9cisive de la saison pour <strong>Clauss<\/strong>, moins inspir\u00e9 d\u00e9fensivement ce dimanche, mais pas de lib\u00e9ration pour des Rouge et Noir trop maladroits balle au pied et pas assez habiles dans le repli pour \u00e9viter de subir l\u2019\u00e9galisation du 2e de <strong>Ligue 2<\/strong> juste avant la pause.<\/p>\n<p class=\"fs-5 \">Seulement battu sur le penalty de <strong>Davithshvili<\/strong> conc\u00e9d\u00e9 sur une erreur de <strong>Ndombele<\/strong>, <strong>Dup\u00e9<\/strong> a \u00e9t\u00e9 suffisamment plus solide que <strong>Bard<\/strong>, <strong>Abdul Samed<\/strong>, <strong>Cho<\/strong> et <strong>Diop<\/strong> pour appuyer l\u2019id\u00e9e que ce collectif manque de cadres fiables.<\/p>\n<p>                                                                                Wahi, un neuf qui divise<\/p>\n<p class=\"fs-5 \">Heureusement, <strong>Sanson<\/strong> a confirm\u00e9 le mieux aper\u00e7u dans ses courses et son jeu pour ajouter une note positive aux <a href=\"https:\/\/www.nicematin.com\/environnement\/nous-n-avons-pas-de-baguette-magique-mais-une-enorme-volonte-d-aider-ce-club-on-lui-doit-beaucoup-et-on-veut-lui-rendre-avec-jean-pierre-rivere-et-maurice-cohen-l-ogc-nice-revient-aux-sources-10661675\" target=\"_blank\" rel=\"noopener\">retours de Jean-Pierre Riv\u00e8re et Maurice Cohen<\/a>, un bin\u00f4me qui aura du pain sur la planche pour que cette fin de s\u00e9rie soit aussi le d\u00e9but de quelque chose.<\/p>\n<p class=\"fs-5 \">\u00ab\u00a0On voit bien qu\u2019on a besoin de renforts sur toutes les lignes, a r\u00e9sum\u00e9 Franck Haise avant de partir profiter des f\u00eates en famille. <\/p>\n<p class=\"fs-5 \">On a besoin de redynamiser l\u2019\u00e9quipe, d\u2019amener de l\u2019exp\u00e9rience, plus de qualit\u00e9. <\/p>\n<p class=\"fs-5 \">On a d\u00e9jeun\u00e9 avec le pr\u00e9sident et le staff hier, il faut que ce soir le plus clair possible entre nous pour avancer le plus t\u00f4t possible. \u00a0\u00bb<\/p>\n<p class=\"fs-5 \"><a href=\"https:\/\/www.nicematin.com\/sports\/elye-wahi-au-bout-du-fil-10661750\" target=\"_blank\" rel=\"noopener\">Elye Wahi \u00e9tait m\u00eame esp\u00e9r\u00e9 avant la reprise par Franck Haise<\/a> et <strong>Florian Maurice<\/strong>, deux hommes qui ont directement \u00e9chang\u00e9 avec un attaquant s\u00e9duit par l\u2019id\u00e9e de quitter <strong>Francfort<\/strong> en pr\u00eat pour la deuxi\u00e8me partie de saison.<\/p>\n<p class=\"fs-5 \">Le dossier est accessible financi\u00e8rement mais la personnalit\u00e9 du joueur divise tellement en interne que les discussions entre les deux clubs sont pour l\u2019instant au point mort.<\/p>\n<p class=\"fs-5 \">Le Gym a gagn\u00e9, certes il respire un peu mieux, mais il est encore bien loin d\u2019\u00eatre sorti d\u2019affaire.<\/p>\n","protected":false},"excerpt":{"rendered":"Un stade vide, un ciel gris, Lucien Favre qui annonce l\u2019arr\u00eat de sa carri\u00e8re, Charles Vanhoutte malade et&hellip;\n","protected":false},"author":2,"featured_media":614453,"comment_status":"","ping_status":"","sticky":false,"template":"","format":"standard","meta":{"footnotes":""},"categories":[2819],"tags":[1111,11,1777,674,1011,27,12,2401,54521,882,25],"class_list":{"0":"post-615396","1":"post","2":"type-post","3":"status-publish","4":"format-standard","5":"has-post-thumbnail","7":"category-nice","8":"tag-actu","9":"tag-actualites","10":"tag-eu","11":"tag-europe","12":"tag-fr","13":"tag-france","14":"tag-news","15":"tag-nice","16":"tag-ogcnice","17":"tag-provence-alpes-cote-dazur","18":"tag-republique-francaise"},"share_on_mastodon":{"url":"https:\/\/pubeurope.com\/@fr\/115762189663431047","error":""},"_links":{"self":[{"href":"https:\/\/www.europesays.com\/fr\/wp-json\/wp\/v2\/posts\/615396","targetHints":{"allow":["GET"]}}],"collection":[{"href":"https:\/\/www.europesays.com\/fr\/wp-json\/wp\/v2\/posts"}],"about":[{"href":"https:\/\/www.europesays.com\/fr\/wp-json\/wp\/v2\/types\/post"}],"author":[{"embeddable":true,"href":"https:\/\/www.europesays.com\/fr\/wp-json\/wp\/v2\/users\/2"}],"replies":[{"embeddable":true,"href":"https:\/\/www.europesays.com\/fr\/wp-json\/wp\/v2\/comments?post=615396"}],"version-history":[{"count":0,"href":"https:\/\/www.europesays.com\/fr\/wp-json\/wp\/v2\/posts\/615396\/revisions"}],"wp:featuredmedia":[{"embeddable":true,"href":"https:\/\/www.europesays.com\/fr\/wp-json\/wp\/v2\/media\/614453"}],"wp:attachment":[{"href":"https:\/\/www.europesays.com\/fr\/wp-json\/wp\/v2\/media?parent=615396"}],"wp:term":[{"taxonomy":"category","embeddable":true,"href":"https:\/\/www.europesays.com\/fr\/wp-json\/wp\/v2\/categories?post=615396"},{"taxonomy":"post_tag","embeddable":true,"href":"https:\/\/www.europesays.com\/fr\/wp-json\/wp\/v2\/tags?post=615396"}],"curies":[{"name":"wp","href":"https:\/\/api.w.org\/{rel}","templated":true}]}}