{"id":615397,"date":"2025-12-22T08:07:49","date_gmt":"2025-12-22T08:07:49","guid":{"rendered":"https:\/\/www.europesays.com\/fr\/615397\/"},"modified":"2025-12-22T08:07:49","modified_gmt":"2025-12-22T08:07:49","slug":"sur-grand-ecran-ou-avec-un-casque-on-plonge-dans-plus-de-deux-cents-chefs-doeuvre-de-van-gogh-3","status":"publish","type":"post","link":"https:\/\/www.europesays.com\/fr\/615397\/","title":{"rendered":"Sur grand \u00e9cran ou avec un casque, on plonge dans plus de deux cents chefs-d\u2019\u0153uvre de Van Gogh"},"content":{"rendered":"<p>Rien ne peut remplacer la contemplation d\u2019une vraie \u0153uvre de <a href=\"https:\/\/rennes.maville.com\/actu\/actudet_-calendrier-de-l-histoire-30-mars-1853-la-naissance-de-vincent-van-gogh-_53511-6741501_actu.Htm\" target=\"_blank\" rel=\"noopener\">Vincent Van\u00a0Gogh<\/a> dans un mus\u00e9e. C\u2019est une autre exp\u00e9rience, inspir\u00e9e par la vie du c\u00e9l\u00e8bre peintre, que propose l\u2019\u00e9quipe d\u2019Exhibition Hub, au Parc des expos de la Beaujoire, \u00e0 Nantes (Loire-Atlantique). Dans la Halle 4, un parcours, long de plusieurs salles, pr\u00e9sente sa courte vie et son \u0153uvre immense. On peut voir et m\u00eame s\u2019installer dans une reproduction de\u00a0sa chambre \u00e0 Arles, appr\u00e9cier au passage un autoportrait en version num\u00e9rique.<\/p>\n<p>Plong\u00e9e ensuite dans Van Gogh\u00a0: l\u2019exp\u00e9rience immersive. Il faut compter trente-cinq minutes pour suivre en entier ce spectacle, qui allie projection d\u2019\u0153uvres et citations du peintre, paroles et musique. Des transats sont mis \u00e0 disposition pour appr\u00e9cier le show en simultan\u00e9 sur les quatre murs de la vaste salle.<\/p>\n<p>Deux cents \u0153uvres<\/p>\n<p>\u00a0On pr\u00e9sente une immersion sensorielle dans plus de deux cents \u0153uvres et on veut faire vivre aux visiteurs une exp\u00e9rience artistique spectaculaire, inspir\u00e9e par l\u2019univers original et color\u00e9 de Vincent Van Gogh. Elle est accessible aux enfants, comme aux adultes, pr\u00e9sente la responsable de la communication d\u2019Exhibition Hub. Notre d\u00e9marche permet de r\u00e9unir en un seul lieu des repr\u00e9sentations de tableaux expos\u00e9s \u00e0 New York, aux Pays-Bas ou \u00e0 Paris.\u00a0<\/p>\n<p>Quarante artistes num\u00e9riques du monde entier ont particip\u00e9 \u00e0 la cr\u00e9ation de cette exposition et \u00e0 la mise en sc\u00e8ne de tableaux c\u00e9l\u00e8bres, comme les autoportraits, les \u00ab\u00a0Iris\u00a0\u00bb, \u00ab\u00a0Les Tournesols\u00a0\u00bb, \u00ab\u00a0La chambre \u00e0 Arles\u00a0\u00bb, \u00ab\u00a0La nuit \u00e9toil\u00e9e\u00a0\u00bb\u2026<\/p>\n<p>Dans une autre salle, on peut s\u2019\u00e9quiper d\u2019un casque pour une exploration, en r\u00e9alit\u00e9 virtuelle, de lieux o\u00f9 a v\u00e9cu et cr\u00e9\u00e9 Vincent Van\u00a0Gogh, notamment \u00e0 Arles. On peut finir le parcours en dessinant dans l\u2019atelier participatif. On peut regretter les tarifs dissuasifs et souhaiter que cette proposition artistique donne envie de courir dans les mus\u00e9es pour voir les \u0153uvres en vrai.<\/p>\n<p><strong>\u00c0 partir de vendredi 19\u00a0d\u00e9cembre<\/strong>, halle 4, au Parc des expos, \u00e0 Nantes, Tram 1\u00a0arr\u00eat Beaujoire. Tarif\u00a0: 18,90\u00a0\u20ac, enfants\u00a0: 14,90\u00a0\u20ac, gratuit pour les moins de 6\u00a0ans. <strong>Contact.<\/strong>\u00a0<a href=\"https:\/\/www.vangogh-nantes.com\/\" target=\"_blank\" rel=\"noopener\">www.vangogh-nantes.com.<\/a><\/p>\n<p>\u00a0<\/p>\n","protected":false},"excerpt":{"rendered":"Rien ne peut remplacer la contemplation d\u2019une vraie \u0153uvre de Vincent Van\u00a0Gogh dans un mus\u00e9e. C\u2019est une autre&hellip;\n","protected":false},"author":2,"featured_media":613875,"comment_status":"","ping_status":"","sticky":false,"template":"","format":"standard","meta":{"footnotes":""},"categories":[2818],"tags":[1111,11,10631,55690,15859,1777,674,1011,27,72463,2515,766,12,2636,5491,25,6689,5773,22596,9693],"class_list":{"0":"post-615397","1":"post","2":"type-post","3":"status-publish","4":"format-standard","5":"has-post-thumbnail","7":"category-nantes","8":"tag-actu","9":"tag-actualites","10":"tag-casque","11":"tag-chefs-d","12":"tag-ecran","13":"tag-eu","14":"tag-europe","15":"tag-fr","16":"tag-france","17":"tag-gogh","18":"tag-grand","19":"tag-nantes","20":"tag-news","21":"tag-pays-de-la-loire","22":"tag-plonge","23":"tag-republique-francaise","24":"tag-roche","25":"tag-uvre","26":"tag-van","27":"tag-yon"},"share_on_mastodon":{"url":"https:\/\/pubeurope.com\/@fr\/115762200821021225","error":""},"_links":{"self":[{"href":"https:\/\/www.europesays.com\/fr\/wp-json\/wp\/v2\/posts\/615397","targetHints":{"allow":["GET"]}}],"collection":[{"href":"https:\/\/www.europesays.com\/fr\/wp-json\/wp\/v2\/posts"}],"about":[{"href":"https:\/\/www.europesays.com\/fr\/wp-json\/wp\/v2\/types\/post"}],"author":[{"embeddable":true,"href":"https:\/\/www.europesays.com\/fr\/wp-json\/wp\/v2\/users\/2"}],"replies":[{"embeddable":true,"href":"https:\/\/www.europesays.com\/fr\/wp-json\/wp\/v2\/comments?post=615397"}],"version-history":[{"count":0,"href":"https:\/\/www.europesays.com\/fr\/wp-json\/wp\/v2\/posts\/615397\/revisions"}],"wp:featuredmedia":[{"embeddable":true,"href":"https:\/\/www.europesays.com\/fr\/wp-json\/wp\/v2\/media\/613875"}],"wp:attachment":[{"href":"https:\/\/www.europesays.com\/fr\/wp-json\/wp\/v2\/media?parent=615397"}],"wp:term":[{"taxonomy":"category","embeddable":true,"href":"https:\/\/www.europesays.com\/fr\/wp-json\/wp\/v2\/categories?post=615397"},{"taxonomy":"post_tag","embeddable":true,"href":"https:\/\/www.europesays.com\/fr\/wp-json\/wp\/v2\/tags?post=615397"}],"curies":[{"name":"wp","href":"https:\/\/api.w.org\/{rel}","templated":true}]}}