{"id":615404,"date":"2025-12-22T08:12:21","date_gmt":"2025-12-22T08:12:21","guid":{"rendered":"https:\/\/www.europesays.com\/fr\/615404\/"},"modified":"2025-12-22T08:12:21","modified_gmt":"2025-12-22T08:12:21","slug":"portrait-regis-sans-abri-a-toulouse-la-rue-cest-plus-facile-dy-entrer-que-den-sortir","status":"publish","type":"post","link":"https:\/\/www.europesays.com\/fr\/615404\/","title":{"rendered":"PORTRAIT. R\u00e9gis, sans-abri \u00e0 Toulouse\u00a0: \u00ab\u00a0La rue, c\u2019est plus facile d\u2019y entrer que d\u2019en sortir\u00a0\u00bb"},"content":{"rendered":"<p>\n                                                                    l&rsquo;essentiel<br \/>\n                                                                R\u00e9gis vit depuis quinze ans dans la rue, et s\u2019arr\u00eate parfois pr\u00e8s du m\u00e9tro Esquirol. \u00c0 65 ans, cet ancien cuisinier nous raconte une vie caboss\u00e9e, faite de d\u00e9pressions, de prison, de camaraderie et de survie quotidienne.\n                            <\/p>\n<p>Bouc broussailleux, cheveux tondus ras, manteau de cuir fatigu\u00e9, pantalon militaire\u00a0: \u00e0 la sortie du m\u00e9tro Esquirol, en milieu de matin\u00e9e, R\u00e9gis est assis en tailleur sur le trottoir. \u00ab\u00a0La position de la rue\u00a0\u00bb, sourit-il. Il tremble un peu, b\u00e9gaye parfois, encha\u00eene les clopes et sirote d\u00e9j\u00e0 une bi\u00e8re forte. Et le dit sans d\u00e9tour\u00a0: \u00ab\u00a0Je suis alcoolique\u2026 Si j\u2019ai pas mes bi\u00e8res le matin, je tremble.\u00a0\u00bb D\u2019embl\u00e9e, il pr\u00e9vient\u00a0: il refuse d\u2019\u00eatre photographi\u00e9. \u00ab\u00a0Pas envie.\u00a0\u00bb<\/p>\n<p>Autour de lui, deux compagnons de gal\u00e8re. Un passant les invective \u00e0 propos d\u2019excr\u00e9ments laiss\u00e9s devant son immeuble. Ils haussent les \u00e9paules\u00a0: \u00ab\u00a0C\u2019est souvent comme \u00e7a\u2026\u00a0\u00bb Puis reviennent au m\u00eame rituel\u00a0: s\u2019assurer que \u00ab\u00a0tout le monde va bien\u00a0\u00bb. \u00ab\u00a0On est des amis, on partage tout. On se voit tous les matins\u00a0\u00bb.<\/p>\n<p>\u00ab\u00a0Aujourd\u2019hui, j\u2019en ai marre\u00a0\u00bb<\/p>\n<p>R\u00e9gis est n\u00e9 dans le Pas-de-Calais, en avril\u00a01959. Il s\u2019est retrouv\u00e9 \u00e0 Toulouse \u00ab\u00a0gr\u00e2ce aux enfants\u00a0\u00bb, trois aujourd\u2019hui adultes. Il aurait \u00e9t\u00e9 apprenti \u00e0 la Tour d\u2019Argent, ma\u00eetre \u00e9cailleur, traiteur, et est\u00a0surtout un grand fan de boxe anglaise. Il affirme avoir \u00e9t\u00e9 champion, mais son r\u00e9cit garde des zones d\u2019ombre.<\/p>\n<p class=\"std-elt__inline\">\n        <strong>\u00c0 lire aussi :<\/strong><br \/>\n        <a href=\"https:\/\/www.ladepeche.fr\/2024\/11\/14\/jai-limpression-den-voir-de-plus-en-plus-les-dispositifs-anti-sdf-de-toulouse-bientot-recompenses-12321371.php\" target=\"_blank\" rel=\"noopener\">Dispositifs anti-SDF\u00a0: deux commerces \u00e9pingl\u00e9s \u00e0 Toulouse par la Fondation Abb\u00e9-Pierre<\/a>\n    <\/p>\n<p>La rue, il y est entr\u00e9 \u00ab\u00a0apr\u00e8s des b\u00eatises\u00a0\u00bb. \u00ab\u00a0La drogue\u00a0\u00bb, balaie-t-il, puis 14 ans de prison. \u00c0 la sortie, rien ni personne\u00a0: \u00ab\u00a0Je me suis retrouv\u00e9 d\u00e9muni\u00a0\u00bb. Quinze ans plus tard, il dort rue des Changes, sur un carton recouvert d\u2019un duvet. Il sait \u00ab\u00a0faire un bon lit\u00a0\u00bb pour survivre aux nuits glaciales\u00a0: couvrir les pieds, la nuque, \u00ab\u00a0et t\u2019as pas froid, m\u00eame \u00e0 \u2013 11\u00a0\u00bb.<\/p>\n<p>Il raconte une grosse d\u00e9pression, il y a cinq ans. Ses chiens, il a d\u00fb les confier. Sa sant\u00e9 n\u2019a pas suivi. \u00ab\u00a0J\u2019ai pass\u00e9 onze ans sans papiers, c\u2019est tr\u00e8s dur. Aujourd\u2019hui, j\u2019en ai marre.\u00a0\u00bb<\/p>\n<p>\u00ab\u00a0La rue, c\u2019est plus facile d\u2019y entrer que d\u2019en sortir\u00a0\u00bb<\/p>\n<p>La police municipale\u00a0? Un coup oui, un coup non. \u00ab\u00a0On d\u00e9pend d\u2019eux. Certains sont corrects, d\u2019autres\u2026\u00a0\u00bb\u00a0La drogue, il en parle comme d\u2019un vieux d\u00e9mon. \u00ab\u00a0Je fume plus que des p\u00e9tards. Je fais de la pr\u00e9vention\u00a0: les petits qui arrivent, je leur dis de pas toucher \u00e0 \u00e7a. Je ne compte plus le nombre de fois o\u00f9 j\u2019ai cass\u00e9 des pipes \u00e0 crack.\u00a0\u00bb<\/p>\n<p class=\"std-elt__inline\">\n        <strong>\u00c0 lire aussi :<\/strong><br \/>\n        <a href=\"https:\/\/www.ladepeche.fr\/2023\/08\/11\/video-il-avait-construit-un-chateau-de-hobbits-le-sdf-david-sest-installe-sur-une-ile-de-la-garonne-pres-de-beauzelle-11389540.php\" target=\"_blank\" rel=\"noopener\">VIDEO. Il avait construit un \u00ab\u00a0ch\u00e2teau de hobbits\u00a0\u00bb : le SDF David s&rsquo;est install\u00e9 sur une \u00eele de la Garonne pr\u00e8s de Toulouse<\/a>\n    <\/p>\n<p>Malgr\u00e9 tout, R\u00e9gis continue de donner\u00a0: une couette \u00e0 un autre SDF, 300\u00a0euros\u00a0chaque mois \u00e0 son ex-femme pour les enfants. Son RSA, il le partage. Il mange \u00ab\u00a0quand il a faim\u00a0\u00bb, regarde le Stade Toulousain \u00ab\u00a0chez Mamie\u00a0\u00bb, et admire les maraudes.<\/p>\n<p>Aujourd\u2019hui, R\u00e9gis\u00a0r\u00eave de partir avec son fr\u00e8re, louer un petit appartement. \u00ab\u00a0J\u2019en ai marre. Et puis, la rue, c\u2019est plus facile d\u2019y entrer que d\u2019en sortir.\u00a0\u00bb \u00c0 Esquirol, ses amis l\u2019appellent \u00ab\u00a0le frangin\u00a0\u00bb ou \u00ab\u00a0l\u2019ancien\u00a0\u00bb. R\u00e9gis hausse les \u00e9paules\u00a0: \u00ab\u00a0Dans la rue, on a tous une histoire diff\u00e9rente. On a tous des secrets.\u00a0\u00bb<\/p>\n","protected":false},"excerpt":{"rendered":"l&rsquo;essentiel R\u00e9gis vit depuis quinze ans dans la rue, et s\u2019arr\u00eate parfois pr\u00e8s du m\u00e9tro Esquirol. \u00c0 65&hellip;\n","protected":false},"author":2,"featured_media":615405,"comment_status":"","ping_status":"","sticky":false,"template":"","format":"standard","meta":{"footnotes":""},"categories":[2816],"tags":[1111,11,1777,674,1011,27,329,2722,12,2680,25,801,1857,2312],"class_list":{"0":"post-615404","1":"post","2":"type-post","3":"status-publish","4":"format-standard","5":"has-post-thumbnail","7":"category-toulouse","8":"tag-actu","9":"tag-actualites","10":"tag-eu","11":"tag-europe","12":"tag-fr","13":"tag-france","14":"tag-france-monde","15":"tag-haute-garonne","16":"tag-news","17":"tag-occitanie","18":"tag-republique-francaise","19":"tag-social","20":"tag-sociu00e9tu00e9","21":"tag-toulouse"},"share_on_mastodon":{"url":"https:\/\/pubeurope.com\/@fr\/115762216549373637","error":""},"_links":{"self":[{"href":"https:\/\/www.europesays.com\/fr\/wp-json\/wp\/v2\/posts\/615404","targetHints":{"allow":["GET"]}}],"collection":[{"href":"https:\/\/www.europesays.com\/fr\/wp-json\/wp\/v2\/posts"}],"about":[{"href":"https:\/\/www.europesays.com\/fr\/wp-json\/wp\/v2\/types\/post"}],"author":[{"embeddable":true,"href":"https:\/\/www.europesays.com\/fr\/wp-json\/wp\/v2\/users\/2"}],"replies":[{"embeddable":true,"href":"https:\/\/www.europesays.com\/fr\/wp-json\/wp\/v2\/comments?post=615404"}],"version-history":[{"count":0,"href":"https:\/\/www.europesays.com\/fr\/wp-json\/wp\/v2\/posts\/615404\/revisions"}],"wp:featuredmedia":[{"embeddable":true,"href":"https:\/\/www.europesays.com\/fr\/wp-json\/wp\/v2\/media\/615405"}],"wp:attachment":[{"href":"https:\/\/www.europesays.com\/fr\/wp-json\/wp\/v2\/media?parent=615404"}],"wp:term":[{"taxonomy":"category","embeddable":true,"href":"https:\/\/www.europesays.com\/fr\/wp-json\/wp\/v2\/categories?post=615404"},{"taxonomy":"post_tag","embeddable":true,"href":"https:\/\/www.europesays.com\/fr\/wp-json\/wp\/v2\/tags?post=615404"}],"curies":[{"name":"wp","href":"https:\/\/api.w.org\/{rel}","templated":true}]}}