{"id":615410,"date":"2025-12-22T08:15:15","date_gmt":"2025-12-22T08:15:15","guid":{"rendered":"https:\/\/www.europesays.com\/fr\/615410\/"},"modified":"2025-12-22T08:15:15","modified_gmt":"2025-12-22T08:15:15","slug":"lol-commencera-lannee-a-monaco-puis-a-lille","status":"publish","type":"post","link":"https:\/\/www.europesays.com\/fr\/615410\/","title":{"rendered":"L&rsquo;OL commencera l&rsquo;ann\u00e9e \u00e0 Monaco puis \u00e0 Lille"},"content":{"rendered":"<p>                            <img width=\"770\" height=\"433\" src=\"https:\/\/www.europesays.com\/fr\/wp-content\/uploads\/2025\/12\/AFP__20240824__36ET2WH__v1__HighRes__FblFraLigue1LyonMonaco-770x433.jpg\" class=\"attachment-article size-article wp-post-image\" alt=\"Ainsley Maitland-Niles lors d'OL - Monaco\" decoding=\"async\" fetchpriority=\"high\"  \/><\/p>\n<p>Ainsley Maitland-Niles lors d\u2019OL \u2013 Monaco (Photo by ALAIN JOCARD \/ AFP)<\/p>\n<p>Du lourd pour entamer 2026. Au d\u00e9but de l&rsquo;ann\u00e9e prochaine, l&rsquo;OL se d\u00e9placera deux fois cons\u00e9cutivement, \u00e0 Monaco et \u00e0 Lille. De quoi \u00eatre rapidement dans le bain.<\/p>\n<p>Avec un match programm\u00e9 d\u00e8s le 3 janvier, les joueurs de l&rsquo;OL savent qu&rsquo;ils devront vite \u00eatre op\u00e9rationnels au d\u00e9but de l&rsquo;ann\u00e9e prochaine. D&rsquo;autant plus que, contrairement \u00e0 d&rsquo;autres saisons pas si lointaines, ce n&rsquo;est pas une affiche de Coupe de France qui les attend, mais bien le championnat. Apr\u00e8s <a href=\"https:\/\/www.olympique-et-lyonnais.com\/apres-la-coupe-de-france-les-joueurs-de-lol-couperont-une-semaine,386752.html\" target=\"_blank\" rel=\"noopener\">des vacances entre<\/a> le 22 et le 28 d\u00e9cembre, Corentin <strong>Tolisso <\/strong>et sa bande iront \u00e0 Monaco le samedi 3 janvier (17 heures). <\/p>\n<p>Une premi\u00e8re belle affiche pour entamer 2026, bien que les Mon\u00e9gasques aient surtout d\u00e9montr\u00e9 leur irr\u00e9gularit\u00e9 jusqu&rsquo;ici (9es). \u00c0 ce rendez-vous s&rsquo;est ajout\u00e9 un second gros test, \u00e0 nouveau \u00e0 l&rsquo;ext\u00e9rieur. Qualifi\u00e9 pour les 16es de finale de la Coupe de France, l&rsquo;Olympique lyonnais y <a href=\"https:\/\/www.olympique-et-lyonnais.com\/coupe-de-france-lille-pour-l-ol-ou-saint-cyr-collonges-en-16es,387106.html\" target=\"_blank\" rel=\"noopener\">retrouvera Lille<\/a>. Ce match aura lieu le week-end du 10 janvier. <\/p>\n<p>L&rsquo;OL avec quel effectif ? <\/p>\n<p>L&rsquo;ASM puis le LOSC, tout \u00e7a loin de D\u00e9cines, les Rhodaniens sont g\u00e2t\u00e9s. En cette p\u00e9riode de CAN, il faudra aussi voir o\u00f9 en seront Moussa <strong>Niakhat\u00e9 <\/strong>(S\u00e9n\u00e9gal) et Clinton <strong>Mata <\/strong>(Angola). La comp\u00e9tition vivra alors les 8es de finale pendant le duel \u00e0 Louis-II, puis les quarts de finale durant la rencontre \u00e0 Pierre-Mauroy. Qu&rsquo;en sera-t-il de l&rsquo;arriv\u00e9e <a href=\"https:\/\/www.olympique-et-lyonnais.com\/mercato-abdelli-en-passe-de-rejoindre-lol-cet-hiver,387113.html\" target=\"_blank\" rel=\"noopener\">d&rsquo;\u00e9ventuelles recrues<\/a> ? Et des bless\u00e9s ? A priori, pas de retour pr\u00e9vu \u00e0 ce niveau-l\u00e0. N\u00e9anmoins, Tanner <strong>Tessmann <\/strong>et Orel <strong>Mangala <\/strong>ont pu rejouer quelques minutes dimanche face \u00e0 Saint-Cyr Collonges\u00a0(<a href=\"https:\/\/www.olympique-et-lyonnais.com\/poussif-lol-fait-malgre-tout-respecter-la-hierarchie-contre-le-fc-saint-cyr-collonges,387119.html\" target=\"_blank\" rel=\"noopener\">3-0<\/a>). Pour Ernest <strong>Nuamah <\/strong>et Malick <strong>Fofana<\/strong>, il faudra patienter un peu.<\/p>\n","protected":false},"excerpt":{"rendered":"Ainsley Maitland-Niles lors d\u2019OL \u2013 Monaco (Photo by ALAIN JOCARD \/ AFP) Du lourd pour entamer 2026. Au&hellip;\n","protected":false},"author":2,"featured_media":615411,"comment_status":"","ping_status":"","sticky":false,"template":"","format":"standard","meta":{"footnotes":""},"categories":[2815],"tags":[1111,11,83,1777,674,1011,27,811,66,1307,3127,12,241,25],"class_list":{"0":"post-615410","1":"post","2":"type-post","3":"status-publish","4":"format-standard","5":"has-post-thumbnail","7":"category-lille","8":"tag-actu","9":"tag-actualites","10":"tag-coupe-de-france","11":"tag-eu","12":"tag-europe","13":"tag-fr","14":"tag-france","15":"tag-hauts-de-france","16":"tag-ligue-1","17":"tag-lille","18":"tag-monaco","19":"tag-news","20":"tag-ol","21":"tag-republique-francaise"},"share_on_mastodon":{"url":"https:\/\/pubeurope.com\/@fr\/115762229034879761","error":""},"_links":{"self":[{"href":"https:\/\/www.europesays.com\/fr\/wp-json\/wp\/v2\/posts\/615410","targetHints":{"allow":["GET"]}}],"collection":[{"href":"https:\/\/www.europesays.com\/fr\/wp-json\/wp\/v2\/posts"}],"about":[{"href":"https:\/\/www.europesays.com\/fr\/wp-json\/wp\/v2\/types\/post"}],"author":[{"embeddable":true,"href":"https:\/\/www.europesays.com\/fr\/wp-json\/wp\/v2\/users\/2"}],"replies":[{"embeddable":true,"href":"https:\/\/www.europesays.com\/fr\/wp-json\/wp\/v2\/comments?post=615410"}],"version-history":[{"count":0,"href":"https:\/\/www.europesays.com\/fr\/wp-json\/wp\/v2\/posts\/615410\/revisions"}],"wp:featuredmedia":[{"embeddable":true,"href":"https:\/\/www.europesays.com\/fr\/wp-json\/wp\/v2\/media\/615411"}],"wp:attachment":[{"href":"https:\/\/www.europesays.com\/fr\/wp-json\/wp\/v2\/media?parent=615410"}],"wp:term":[{"taxonomy":"category","embeddable":true,"href":"https:\/\/www.europesays.com\/fr\/wp-json\/wp\/v2\/categories?post=615410"},{"taxonomy":"post_tag","embeddable":true,"href":"https:\/\/www.europesays.com\/fr\/wp-json\/wp\/v2\/tags?post=615410"}],"curies":[{"name":"wp","href":"https:\/\/api.w.org\/{rel}","templated":true}]}}