{"id":615419,"date":"2025-12-22T08:21:15","date_gmt":"2025-12-22T08:21:15","guid":{"rendered":"https:\/\/www.europesays.com\/fr\/615419\/"},"modified":"2025-12-22T08:21:15","modified_gmt":"2025-12-22T08:21:15","slug":"sorties-et-idees-a-petit-prix","status":"publish","type":"post","link":"https:\/\/www.europesays.com\/fr\/615419\/","title":{"rendered":"sorties et id\u00e9es \u00e0 petit prix"},"content":{"rendered":"<p>ParisSelectBook &#8211; Bons plans Paris \u00cele-de-France du 22 au 28 d\u00e9cembre 2025 : sorties et id\u00e9es \u00e0 petit prix &#8211; Cr\u00e9dit photo \u00a9 Paris Select Book<\/p>\n<p>Entre f\u00eates et vacances, la semaine du <strong>22 au 28 d\u00e9cembre 2025<\/strong> offre une foule d\u2019id\u00e9es sortie \u00e0 petit prix. Pour vous faire gagner du temps, nous avons rassembl\u00e9 des bons plans fiables et faciles \u00e0 activer. Ainsi, vous profitez de <a href=\"https:\/\/www.parisselectbook.com\/2025\/12\/21\/parc-aquatique-pres-de-paris-le-plus-grand-deurope-avec-lagon-chauffe-a-30-toute-lannee-a-30-min-de-la-capitale\/\" target=\"_blank\" rel=\"noopener\">Paris<\/a> et de l\u2019\u00cele-de-France sans stress, m\u00eame les jours f\u00e9ri\u00e9s.<\/p>\n<p>Id\u00e9es sorties et petits budgets pour la semaine<\/p>\n<p>De nombreux lieux proposent une <a href=\"https:\/\/www.parisselectbook.com\/2025\/12\/21\/festival-presences-2026-a-la-maison-de-la-radio-a-paris-georges-aperghis-a-lhonneur-dates-et-programme\/\" target=\"_blank\" rel=\"noopener\">programmation sp\u00e9ciale<\/a> de fin d\u2019ann\u00e9e. De plus, certains affichent des cr\u00e9neaux matinaux ou des nocturnes, pratiques pour \u00e9viter l\u2019affluence. Ces bons plans se rep\u00e8rent souvent dans les rubriques \u00ab infos pratiques \u00bb et \u00ab tarifs \u00bb des \u00e9tablissements.<\/p>\n<p>Les jours de f\u00eate modifient parfois l\u2019accueil du public, surtout le <strong>24<\/strong> et le <strong>25 d\u00e9cembre<\/strong>. En revanche, nombre d\u2019<a href=\"https:\/\/www.parisselectbook.com\/2025\/12\/21\/dolmen-en-ile-de-france-une-chambre-funeraire-megalithique-a-decouvrir-pres-de-paris\/\" target=\"_blank\" rel=\"noopener\">espaces ext\u00e9rieurs<\/a> restent accessibles sans r\u00e9servation. Ainsi, une balade en plein air prot\u00e8ge votre budget tout en laissant place \u00e0 la spontan\u00e9it\u00e9.<\/p>\n<p>Pour les <a href=\"https:\/\/www.parisselectbook.com\/2025\/12\/20\/seiko-lance-2-montres-cosmiques-aux-cadrans-magiques-a-prix-raisonnable\" target=\"_blank\" rel=\"noopener\">billets horodat\u00e9s<\/a>, pr\u00e9parez votre parcours la veille et surveillez les stocks temps r\u00e9el. Aussi, v\u00e9rifiez les conditions d\u2019\u00e9change quand un impr\u00e9vu survient. Ces bons plans fonctionnent mieux quand on anticipe le pic de fr\u00e9quentation.<\/p>\n<blockquote>\n<p>\u00ab La meilleure \u00e9conomie, pendant les f\u00eates, reste souvent le temps gagn\u00e9 gr\u00e2ce \u00e0 une organisation simple. \u00bb<\/p>\n<\/blockquote>\n<p>Horaires, r\u00e9servations et acc\u00e8s pendant les f\u00eates<\/p>\n<p>Avant de sortir, consultez les mises \u00e0 jour d\u2019horaires publi\u00e9es par les lieux, car elles \u00e9voluent rapidement. Par cons\u00e9quent, un double contr\u00f4le le matin m\u00eame \u00e9vite les mauvaises surprises. Enfin, pensez aux alternatives proches si un site affiche complet.<\/p>\n<p>Le trafic des transports peut \u00eatre ajust\u00e9 les 24 et 25 d\u00e9cembre, surtout en soir\u00e9e. Ainsi, partez un peu plus t\u00f4t et gardez un itin\u00e9raire de secours. Ces bons plans logistiques vous aident \u00e0 traverser la ville sans stress.<\/p>\n<ul>\n<li>Regrouper plusieurs activit\u00e9s dans un m\u00eame quartier<\/li>\n<li>R\u00e9server les cr\u00e9neaux matinaux quand c\u2019est possible<\/li>\n<li>Pr\u00e9voir un plan B \u00e0 15 minutes \u00e0 pied<\/li>\n<li>Photographier billets et justificatifs sur votre t\u00e9l\u00e9phone<\/li>\n<li>V\u00e9rifier la derni\u00e8re mise \u00e0 jour des horaires le jour J<\/li>\n<\/ul>\n<p>March\u00e9s d\u2019hiver et animations de No\u00ebl<\/p>\n<p>Les march\u00e9s et villages de No\u00ebl animent encore la r\u00e9gion, avec chalets, douceurs et id\u00e9es cadeaux. Aussi, certains prolongent leurs stands jusqu\u2019aux premiers jours de janvier. En bref, l\u2019esprit de fin d\u2019ann\u00e9e se savoure encore, m\u00eame apr\u00e8s le 25.<\/p>\n<p>\u00c0 la <strong>tour Eiffel<\/strong>, le march\u00e9 \u00ab <strong>Dame de Fer \u2014 March\u00e9 de No\u00ebl<\/strong> \u00bb r\u00e9unit artisans et sp\u00e9cialit\u00e9s gourmandes sur le parvis. Il se tient du <strong>6 d\u00e9cembre 2025<\/strong> au <strong>4 janvier 2026<\/strong>, avec des chalets d\u00e9di\u00e9s aux cadeaux et aux saveurs de saison.<\/p>\n<p>Patinoires \u00e9ph\u00e9m\u00e8res, parades lumineuses et ateliers cr\u00e9atifs rythment les soir\u00e9es hivernales. Ainsi, une pause chocolat chaud devient un vrai moment de partage. Pour des sorties \u00e0 prix doux, ces bons plans permettent de composer une journ\u00e9e chaleureuse.<\/p>\n<p>La m\u00e9t\u00e9o changeante appelle une tenue adapt\u00e9e et des chaussures confortables. En revanche, un coupe-vent et des gants l\u00e9gers suffisent souvent entre deux animations. Par cons\u00e9quent, vous restez libre de prolonger la d\u00e9ambulation si l\u2019ambiance vous pla\u00eet.<\/p>\n<p>Expos, spectacles et balades familiales<\/p>\n<p>Les mus\u00e9es ajustent leurs horaires pendant les vacances, parfois avec des cr\u00e9neaux tardifs. De plus, des formats courts conviennent bien aux enfants et aux visiteurs press\u00e9s. Ces bons plans culturels visent \u00e0 concilier curiosit\u00e9 et budget ma\u00eetris\u00e9.<\/p>\n<p>C\u00f4t\u00e9 sc\u00e8ne, les spectacles familiaux et le cirque d\u2019hiver font salle comble. Ainsi, r\u00e9server t\u00f4t garantit une place correcte \u00e0 un prix stable. En bref, un d\u00e9part anticip\u00e9 am\u00e9liore le confort, surtout lors des soir\u00e9es de f\u00eate.<\/p>\n<p>Conseils pratiques pour optimiser votre budget<\/p>\n<p>Cartographiez vos envies par zones: rive gauche, rive droite, petite couronne. Aussi, cumuler une balade, un march\u00e9 et une pause gourmande dans le m\u00eame secteur r\u00e9duit les d\u00e9placements. Par cons\u00e9quent, vous gagnez du temps et vous d\u00e9pensez moins.<\/p>\n<p>Jouez la carte des heures creuses, entre matin\u00e9e et d\u00e9but d\u2019apr\u00e8s-midi. Ainsi, la file est souvent plus courte et le parcours plus fluide. Pour d\u00e9nicher de vrais bons plans, la flexibilit\u00e9 horaire reste un alli\u00e9 d\u00e9cisif.<\/p>\n<p>Pensez aux points de vue en acc\u00e8s libre pour vos souvenirs photo. Pourtant, les couchers de soleil d\u2019hiver exigent d\u2019arriver quelques minutes en avance. D\u00e9sormais, un simple tr\u00e9pied ou le mode nuit du t\u00e9l\u00e9phone suffit pour des clich\u00e9s nets.<\/p>\n<p>Avant de partir, glissez une gourde et une collation pour \u00e9viter l\u2019achat impulsif. Aussi, gardez un \u0153il sur la dur\u00e9e d\u2019attente annonc\u00e9e aux entr\u00e9es. En bref, de petites habitudes font la diff\u00e9rence sur la semaine du <strong>22 au 28 d\u00e9cembre 2025<\/strong>.<\/p>\n","protected":false},"excerpt":{"rendered":"ParisSelectBook &#8211; Bons plans Paris \u00cele-de-France du 22 au 28 d\u00e9cembre 2025 : sorties et id\u00e9es \u00e0 petit&hellip;\n","protected":false},"author":2,"featured_media":615420,"comment_status":"","ping_status":"","sticky":false,"template":"","format":"standard","meta":{"footnotes":""},"categories":[1592],"tags":[1111,11,677,1777,674,1011,27,662,12,626,25],"class_list":{"0":"post-615419","1":"post","2":"type-post","3":"status-publish","4":"format-standard","5":"has-post-thumbnail","7":"category-ile-de-france","8":"tag-actu","9":"tag-actualites","10":"tag-bons-plans","11":"tag-eu","12":"tag-europe","13":"tag-fr","14":"tag-france","15":"tag-ile-de-france","16":"tag-news","17":"tag-paris","18":"tag-republique-francaise"},"share_on_mastodon":{"url":"https:\/\/pubeurope.com\/@fr\/115762251962996473","error":""},"_links":{"self":[{"href":"https:\/\/www.europesays.com\/fr\/wp-json\/wp\/v2\/posts\/615419","targetHints":{"allow":["GET"]}}],"collection":[{"href":"https:\/\/www.europesays.com\/fr\/wp-json\/wp\/v2\/posts"}],"about":[{"href":"https:\/\/www.europesays.com\/fr\/wp-json\/wp\/v2\/types\/post"}],"author":[{"embeddable":true,"href":"https:\/\/www.europesays.com\/fr\/wp-json\/wp\/v2\/users\/2"}],"replies":[{"embeddable":true,"href":"https:\/\/www.europesays.com\/fr\/wp-json\/wp\/v2\/comments?post=615419"}],"version-history":[{"count":0,"href":"https:\/\/www.europesays.com\/fr\/wp-json\/wp\/v2\/posts\/615419\/revisions"}],"wp:featuredmedia":[{"embeddable":true,"href":"https:\/\/www.europesays.com\/fr\/wp-json\/wp\/v2\/media\/615420"}],"wp:attachment":[{"href":"https:\/\/www.europesays.com\/fr\/wp-json\/wp\/v2\/media?parent=615419"}],"wp:term":[{"taxonomy":"category","embeddable":true,"href":"https:\/\/www.europesays.com\/fr\/wp-json\/wp\/v2\/categories?post=615419"},{"taxonomy":"post_tag","embeddable":true,"href":"https:\/\/www.europesays.com\/fr\/wp-json\/wp\/v2\/tags?post=615419"}],"curies":[{"name":"wp","href":"https:\/\/api.w.org\/{rel}","templated":true}]}}