{"id":615429,"date":"2025-12-22T08:26:23","date_gmt":"2025-12-22T08:26:23","guid":{"rendered":"https:\/\/www.europesays.com\/fr\/615429\/"},"modified":"2025-12-22T08:26:23","modified_gmt":"2025-12-22T08:26:23","slug":"un-general-de-letat-major-russe-tue-dans-une-explosion-a-moscou-lexpress","status":"publish","type":"post","link":"https:\/\/www.europesays.com\/fr\/615429\/","title":{"rendered":"Un g\u00e9n\u00e9ral de l&rsquo;\u00e9tat-major russe tu\u00e9 dans une explosion \u00e0 Moscou \u2013 L&rsquo;Express"},"content":{"rendered":"<p class=\"paragraph article-body-paragraph article__item   article-body-paragraph--first \">Un g\u00e9n\u00e9ral de l&rsquo;\u00e9tat-major russe a \u00e9t\u00e9 tu\u00e9 lundi 22 d\u00e9cembre au matin dans l&rsquo;explosion d&rsquo;une voiture dans le sud de <a href=\"https:\/\/www.lexpress.fr\/monde\/europe\/avoirs-russes-geles-la-belgique-visee-par-des-intimidations-de-moscou-734KSN2P3JHO7IIBI5DMUX2DGI\/\" target=\"_self\" rel=\"noopener\" title=\"https:\/\/www.lexpress.fr\/monde\/europe\/avoirs-russes-geles-la-belgique-visee-par-des-intimidations-de-moscou-734KSN2P3JHO7IIBI5DMUX2DGI\/\">Moscou<\/a>, a annonc\u00e9 le Comit\u00e9 d&rsquo;enqu\u00eate russe, en affirmant \u00e9tudier une piste ukrainienne. Selon les enqu\u00eateurs, un engin explosif d\u00e9pos\u00e9 sous une voiture a \u00e9t\u00e9 d\u00e9clench\u00e9 dans la rue Iasseneva\u00efa.<\/p>\n<p class=\"paragraph article-body-paragraph article__item   \">Le lieutenant-g\u00e9n\u00e9ral Fanil Sarvarov, chef du d\u00e9partement de la formation op\u00e9rationnelle au sein de l&rsquo;\u00e9tat-major, \u00ab\u00a0a succomb\u00e9 \u00e0 ses blessures\u00a0\u00bb, a pr\u00e9cis\u00e9 le comit\u00e9 dans un communiqu\u00e9. Une enqu\u00eate pour \u00ab\u00a0meurtre\u00a0\u00bb et \u00ab\u00a0trafic d&rsquo;explosifs\u00a0\u00bb a \u00e9t\u00e9 ouverte, selon la m\u00eame source. <\/p>\n<p>La piste des \u00ab\u00a0services sp\u00e9ciaux ukrainiens\u00a0\u00bb \u00e9tudi\u00e9e<\/p>\n<p class=\"paragraph article-body-paragraph article__item   \">L&rsquo;une des pistes \u00e9tudi\u00e9es est celle \u00ab\u00a0li\u00e9e\u00a0\u00bb aux \u00ab\u00a0services sp\u00e9ciaux ukrainiens\u00a0\u00bb, a affirm\u00e9 le comit\u00e9. Depuis le d\u00e9but de l&rsquo;offensive russe contre son <a href=\"https:\/\/www.lexpress.fr\/monde\/europe\/guerre-en-ukraine-le-pret-europeen-a-90-milliards-deuros-qui-change-tout-LYPOS2DCXNF35LESZPXLA74PDY\/\" target=\"_self\" rel=\"noopener\" title=\"https:\/\/www.lexpress.fr\/monde\/europe\/guerre-en-ukraine-le-pret-europeen-a-90-milliards-deuros-qui-change-tout-LYPOS2DCXNF35LESZPXLA74PDY\/\">voisin ukrainien<\/a> en f\u00e9vrier 2022, Kiev a \u00e9t\u00e9 accus\u00e9 \u00e0 plusieurs reprises d&rsquo;avoir men\u00e9 des attaques cibl\u00e9es contre des personnalit\u00e9s et responsables militaires russes en Russie et dans les zones occup\u00e9es par Moscou en Ukraine.<\/p>\n<p><strong class=\"article-body-link-list__item text-gray-800 article-body-link-list__item--one-item\">LIRE AUSSI : <a class=\"article-body-link-list__item-link\" href=\"https:\/\/www.lexpress.fr\/monde\/europe\/le-piege-du-donbass-pourquoi-ceder-a-poutine-serait-catastrophique-pour-la-defense-de-lukraine-XNDK5Y3ZKJCP5I3HZWALSRUWS4\/\" target=\"_blank\" rel=\"noopener\">Le pi\u00e8ge du Donbass : pourquoi c\u00e9der \u00e0 Poutine serait catastrophique pour la d\u00e9fense de l\u2019Ukraine<\/a><\/strong><\/p>\n<p class=\"paragraph article-body-paragraph article__item   \">En ao\u00fbt 2022, l&rsquo;explosion d&rsquo;une voiture avait tu\u00e9 Daria Douguina, la fille de l&rsquo;id\u00e9ologue ultranationaliste Alexandre Douguine. En avril 2023, un blogueur militaire russe, Maxime Fomine, avait lui perdu la vie dans la d\u00e9tonation d&rsquo;une statuette dans un caf\u00e9 de Saint-P\u00e9tersbourg.<\/p>\n<p class=\"paragraph article-body-paragraph article__item    article__text__endpicto\">Plus r\u00e9cemment, en avril, le g\u00e9n\u00e9ral Iaroslav Moskalik, chef adjoint de la Direction g\u00e9n\u00e9rale op\u00e9rationnelle de l&rsquo;\u00e9tat-major russe, a \u00e9t\u00e9 tu\u00e9 dans l&rsquo;explosion d&rsquo;une voiture pr\u00e8s de <a href=\"https:\/\/www.lexpress.fr\/monde\/europe\/radoslaw-sikorski-ministre-des-affaires-etrangeres-polonais-nous-avons-ete-une-colonie-russe-et-nous-BEWZY2YRZNASZHTOO5WBJZ75VQ\/\" target=\"_self\" rel=\"noopener\" title=\"https:\/\/www.lexpress.fr\/monde\/europe\/radoslaw-sikorski-ministre-des-affaires-etrangeres-polonais-nous-avons-ete-une-colonie-russe-et-nous-BEWZY2YRZNASZHTOO5WBJZ75VQ\/\">Moscou<\/a>. En d\u00e9cembre 2024, le commandant des forces russes de d\u00e9fense radiologique, chimique et biologique, Igor Kirillov, a \u00e9t\u00e9 tu\u00e9 par l&rsquo;explosion d&rsquo;une trottinette \u00e9lectrique pi\u00e9g\u00e9e \u00e0 Moscou, un assassinat qui avait \u00e9t\u00e9 revendiqu\u00e9 par les services de s\u00e9curit\u00e9 ukrainiens (SBU).<\/p>\n","protected":false},"excerpt":{"rendered":"Un g\u00e9n\u00e9ral de l&rsquo;\u00e9tat-major russe a \u00e9t\u00e9 tu\u00e9 lundi 22 d\u00e9cembre au matin dans l&rsquo;explosion d&rsquo;une voiture dans&hellip;\n","protected":false},"author":2,"featured_media":615430,"comment_status":"","ping_status":"","sticky":false,"template":"","format":"standard","meta":{"footnotes":""},"categories":[1591],"tags":[11,674,1887,74,12,1885,1886,132],"class_list":{"0":"post-615429","1":"post","2":"type-post","3":"status-publish","4":"format-standard","5":"has-post-thumbnail","7":"category-russie","8":"tag-actualites","9":"tag-europe","10":"tag-federation-de-russie","11":"tag-monde","12":"tag-news","13":"tag-russia","14":"tag-russian-federation","15":"tag-russie"},"share_on_mastodon":{"url":"https:\/\/pubeurope.com\/@fr\/115762271630656974","error":""},"_links":{"self":[{"href":"https:\/\/www.europesays.com\/fr\/wp-json\/wp\/v2\/posts\/615429","targetHints":{"allow":["GET"]}}],"collection":[{"href":"https:\/\/www.europesays.com\/fr\/wp-json\/wp\/v2\/posts"}],"about":[{"href":"https:\/\/www.europesays.com\/fr\/wp-json\/wp\/v2\/types\/post"}],"author":[{"embeddable":true,"href":"https:\/\/www.europesays.com\/fr\/wp-json\/wp\/v2\/users\/2"}],"replies":[{"embeddable":true,"href":"https:\/\/www.europesays.com\/fr\/wp-json\/wp\/v2\/comments?post=615429"}],"version-history":[{"count":0,"href":"https:\/\/www.europesays.com\/fr\/wp-json\/wp\/v2\/posts\/615429\/revisions"}],"wp:featuredmedia":[{"embeddable":true,"href":"https:\/\/www.europesays.com\/fr\/wp-json\/wp\/v2\/media\/615430"}],"wp:attachment":[{"href":"https:\/\/www.europesays.com\/fr\/wp-json\/wp\/v2\/media?parent=615429"}],"wp:term":[{"taxonomy":"category","embeddable":true,"href":"https:\/\/www.europesays.com\/fr\/wp-json\/wp\/v2\/categories?post=615429"},{"taxonomy":"post_tag","embeddable":true,"href":"https:\/\/www.europesays.com\/fr\/wp-json\/wp\/v2\/tags?post=615429"}],"curies":[{"name":"wp","href":"https:\/\/api.w.org\/{rel}","templated":true}]}}