{"id":615433,"date":"2025-12-22T08:28:32","date_gmt":"2025-12-22T08:28:32","guid":{"rendered":"https:\/\/www.europesays.com\/fr\/615433\/"},"modified":"2025-12-22T08:28:32","modified_gmt":"2025-12-22T08:28:32","slug":"trump-nomme-un-envoye-special-au-groenland-malgre-lopposition-du-danemark","status":"publish","type":"post","link":"https:\/\/www.europesays.com\/fr\/615433\/","title":{"rendered":"Trump nomme un envoy\u00e9 sp\u00e9cial au Groenland, malgr\u00e9 l\u2019opposition du Danemark"},"content":{"rendered":"<p>\n    Le pr\u00e9sident am\u00e9ricain relance le dossier groenlandais en d\u00e9signant le gouverneur de Louisiane comme envoy\u00e9 sp\u00e9cial. Une d\u00e9cision qui ravive les tensions avec le Groenland et le Danemark, fermement oppos\u00e9s \u00e0 toute annexion.<\/p>\n<p class=\"fig-paragraph\">Le pr\u00e9sident am\u00e9ricain\u00a0<a href=\"http:\/\/www.lefigaro.fr\/international\/on-est-la-cible-ideale-aux-etats-unis-la-communaute-somalienne-subit-les-foudres-de-donald-trump-20251221\" data-fig-type=\"Article\" data-gtm-custom-categorie=\"navigation\" data-gtm-custom-action=\"crossclick\" data-gtm-custom-label=\"Contextuel\" data-gtm-event=\"customEventSPE\" data-fig-domain=\"LEFIGARO\" target=\"_blank\" rel=\"noopener\">Donald Trump<\/a>\u00a0a annonc\u00e9 dimanche la nomination du gouverneur de Louisiane, Jeff Landry, au poste d\u2019envoy\u00e9 sp\u00e9cial des \u00c9tats-Unis au Groenland. Dans un message publi\u00e9 sur Truth Social, le chef de l\u2019\u00c9tat a affirm\u00e9 que Jeff Landry \u00abcomprend \u00e0 quel point le Groenland est essentiel \u00e0 notre s\u00e9curit\u00e9 nationale\u00bb et qu\u2019il d\u00e9fendra les int\u00e9r\u00eats am\u00e9ricains \u00abpour la s\u00fbret\u00e9, la s\u00e9curit\u00e9 et la survie\u00bb des alli\u00e9s des \u00c9tats-Unis.<\/p>\n<p class=\"fig-paragraph\">Jeff Landry, en fonction comme gouverneur de Louisiane depuis janvier 2024, a r\u00e9agi<a href=\"https:\/\/x.com\/LAGovJeffLandry\/status\/2002950029494124986?s=20\" target=\"_blank\" rel=\"sponsored noopener\" data-gtm-custom-categorie=\"navigation\" data-gtm-custom-action=\"crossclick\" data-gtm-custom-label=\"Contextuel\" data-gtm-event=\"customEventSPE\">\u00a0sur le r\u00e9seau X<\/a>\u00a0en remerciant Donald Trump. Il a qualifi\u00e9 cette nomination de \u00abposte b\u00e9n\u00e9vole\u00bb et d\u00e9clar\u00e9 qu\u2019il s\u2019agissait pour lui de \u00abfaire du Groenland une partie int\u00e9grante des \u00c9tats-Unis\u00bb, pr\u00e9cisant que cette mission n\u2019aurait aucun impact sur ses fonctions de gouverneur.<\/p>\n<p>                                            <a class=\"fig-a11y-skip\" href=\"#fig-a11y-skip-main-inarticle\" data-module=\"a11y-skip\" data-context=\"was @visible\"><br \/>\n    Passer la publicit\u00e9<br \/>\n<\/a>            <\/p>\n<p class=\"fig-paragraph\">Donald Trump a, \u00e0 plusieurs reprises au cours des derni\u00e8res ann\u00e9es, affirm\u00e9 que le Groenland, territoire largement autonome sous souverainet\u00e9 danoise, devrait \u00eatre<a href=\"http:\/\/www.lefigaro.fr\/international\/malgre-des-relations-toujours-plus-tendues-avec-les-etats-unis-le-danemark-devrait-accueillir-de-nouvelles-troupes-americaines-20250410\" data-fig-type=\"Article\" data-gtm-custom-categorie=\"navigation\" data-gtm-custom-action=\"crossclick\" data-gtm-custom-label=\"Contextuel\" data-gtm-event=\"customEventSPE\" data-fig-domain=\"LEFIGARO\" target=\"_blank\" rel=\"noopener\">\u00a0int\u00e9gr\u00e9 aux \u00c9tats-Unis<\/a>. Il justifie cette position par des consid\u00e9rations strat\u00e9giques li\u00e9es \u00e0 la s\u00e9curit\u00e9 ainsi que par l\u2019int\u00e9r\u00eat am\u00e9ricain pour les ressources mini\u00e8res de l\u2019\u00eele. Jeff Landry s\u2019est publiquement rang\u00e9 derri\u00e8re cette position en d\u00e9but d\u2019ann\u00e9e, estimant qu\u2019une telle int\u00e9gration serait b\u00e9n\u00e9fique pour les deux parties.<\/p>\n<p>                                            Une coop\u00e9ration vielle de 80 ans<\/p>\n<p class=\"fig-paragraph\">Le\u00a0<a href=\"http:\/\/www.lefigaro.fr\/international\/le-danemark-convoque-le-charge-d-affaires-americain-apres-des-tentatives-d-ingerence-au-groenland-convoite-par-donald-trump-20250827\" data-fig-type=\"NewsFlash\" data-gtm-custom-categorie=\"navigation\" data-gtm-custom-action=\"crossclick\" data-gtm-custom-label=\"Contextuel\" data-gtm-event=\"customEventSPE\" data-fig-domain=\"LEFIGARO\" target=\"_blank\" rel=\"noopener\">Groenland et le Danemark<\/a>\u00a0ont toutefois toujours rejet\u00e9 cette proposition. Malgr\u00e9 un engagement r\u00e9cent entre Washington et Nuuk en faveur du \u00ab respect mutuel\u00a0\u00bb, la ministre groenlandaise des Affaires \u00e9trang\u00e8res, Vivian Motzfeldt, a d\u00e9clar\u00e9 que les prises de position am\u00e9ricaines avaient suscit\u00e9 de l\u2019incertitude au sein de la population locale. Elle a soulign\u00e9 la n\u00e9cessit\u00e9 de maintenir un dialogue ouvert avec les \u00c9tats-Unis afin de pr\u00e9server les relations bilat\u00e9rales.<\/p>\n<p class=\"fig-paragraph\">Citant le quotidien Sermitsiaq le 8 d\u00e9cembre, Vivian Motzfeldt a rappel\u00e9 que le Groenland et les \u00c9tats-Unis coop\u00e8rent depuis plus de 80 ans sur la base d\u2019int\u00e9r\u00eats communs, ajoutant qu\u2019il \u00e9tait \u00ab n\u00e9cessaire de r\u00e9tablir la confiance\u00a0\u00bb pour poursuivre cette coop\u00e9ration.<\/p>\n<p class=\"fig-paragraph\">Du c\u00f4t\u00e9 danois, le ministre des Affaires \u00e9trang\u00e8res a estim\u00e9 ce lundi que la nomination d\u2019un envoy\u00e9 sp\u00e9cial am\u00e9ricain confirmait l\u2019int\u00e9r\u00eat durable des \u00c9tats-Unis pour le Groenland. Il a toutefois insist\u00e9 sur le fait que tous les acteurs, y compris Washington, devaient respecter l\u2019int\u00e9grit\u00e9 territoriale du Royaume du Danemark.<\/p>\n","protected":false},"excerpt":{"rendered":"Le pr\u00e9sident am\u00e9ricain relance le dossier groenlandais en d\u00e9signant le gouverneur de Louisiane comme envoy\u00e9 sp\u00e9cial. Une d\u00e9cision&hellip;\n","protected":false},"author":2,"featured_media":615434,"comment_status":"","ping_status":"","sticky":false,"template":"","format":"standard","meta":{"footnotes":""},"categories":[1589],"tags":[11,145,73,1866,146,12,1864,1865,1863,308],"class_list":{"0":"post-615433","1":"post","2":"type-post","3":"status-publish","4":"format-standard","5":"has-post-thumbnail","7":"category-etats-unis","8":"tag-actualites","9":"tag-danemark","10":"tag-etats-unis","11":"tag-etats-unis-damerique","12":"tag-groenland","13":"tag-news","14":"tag-united-states","15":"tag-united-states-of-america","16":"tag-us","17":"tag-usa"},"share_on_mastodon":{"url":"https:\/\/pubeurope.com\/@fr\/115762279419427821","error":""},"_links":{"self":[{"href":"https:\/\/www.europesays.com\/fr\/wp-json\/wp\/v2\/posts\/615433","targetHints":{"allow":["GET"]}}],"collection":[{"href":"https:\/\/www.europesays.com\/fr\/wp-json\/wp\/v2\/posts"}],"about":[{"href":"https:\/\/www.europesays.com\/fr\/wp-json\/wp\/v2\/types\/post"}],"author":[{"embeddable":true,"href":"https:\/\/www.europesays.com\/fr\/wp-json\/wp\/v2\/users\/2"}],"replies":[{"embeddable":true,"href":"https:\/\/www.europesays.com\/fr\/wp-json\/wp\/v2\/comments?post=615433"}],"version-history":[{"count":0,"href":"https:\/\/www.europesays.com\/fr\/wp-json\/wp\/v2\/posts\/615433\/revisions"}],"wp:featuredmedia":[{"embeddable":true,"href":"https:\/\/www.europesays.com\/fr\/wp-json\/wp\/v2\/media\/615434"}],"wp:attachment":[{"href":"https:\/\/www.europesays.com\/fr\/wp-json\/wp\/v2\/media?parent=615433"}],"wp:term":[{"taxonomy":"category","embeddable":true,"href":"https:\/\/www.europesays.com\/fr\/wp-json\/wp\/v2\/categories?post=615433"},{"taxonomy":"post_tag","embeddable":true,"href":"https:\/\/www.europesays.com\/fr\/wp-json\/wp\/v2\/tags?post=615433"}],"curies":[{"name":"wp","href":"https:\/\/api.w.org\/{rel}","templated":true}]}}