{"id":615435,"date":"2025-12-22T08:29:19","date_gmt":"2025-12-22T08:29:19","guid":{"rendered":"https:\/\/www.europesays.com\/fr\/615435\/"},"modified":"2025-12-22T08:29:19","modified_gmt":"2025-12-22T08:29:19","slug":"royaume-uni-croissance-du-pib-revue-a-02-au-2e-trimestre","status":"publish","type":"post","link":"https:\/\/www.europesays.com\/fr\/615435\/","title":{"rendered":"Royaume-Uni : croissance du PIB revue \u00e0 0,2% au 2e trimestre"},"content":{"rendered":"<p class=\"lead\">La croissance de l&rsquo;\u00e9conomie britannique au deuxi\u00e8me trimestre a \u00e9t\u00e9 revue \u00e0 la baisse lundi par l&rsquo;Office national des statistiques (ONS), qui l&rsquo;estime d\u00e9sormais \u00e0 0,2%, contre 0,3% pr\u00e9c\u00e9demment, une mauvaise nouvelle suppl\u00e9mentaire pour le gouvernement travailliste.<\/p>\n<p class=\"paragraph\">L&rsquo;estimation pour le troisi\u00e8me trimestre reste inchang\u00e9e, \u00e0 0,1%, mais elle confirme le net ralentissement enregistr\u00e9 au fil de l&rsquo;ann\u00e9e 2025, apr\u00e8s la progression inattendue de 0,7% sur les trois premiers mois de l&rsquo;ann\u00e9e.<\/p>\n<p class=\"paragraph\">Le deuxi\u00e8me trimestre a notamment \u00e9t\u00e9 marqu\u00e9 par l&rsquo;entr\u00e9e en vigueur d&rsquo;une forte hausse des cotisations patronales, tr\u00e8s critiqu\u00e9e par les entreprises, annonc\u00e9es dans l&rsquo;espoir de redresser les comptes publics.<\/p>\n<p class=\"paragraph\">Ces chiffres \u00ab\u00a0ne changent pas le constat g\u00e9n\u00e9ral: la croissance du PIB a nettement ralenti\u00a0\u00bb, r\u00e9sume Alex Kerr, de Capital Economics, pour qui \u00ab\u00a0l&rsquo;\u00e9conomie demeure tr\u00e8s faible et aborde 2026 avec tr\u00e8s peu d&rsquo;\u00e9lan\u00a0\u00bb.<\/p>\n<p class=\"paragraph\">Pour Lindsay James, analyste chez Quilter, ils montrent que \u00ab\u00a0l&rsquo;\u00e9conomie britannique est en train de s&rsquo;enrayer\u00a0\u00bb, d&rsquo;autant que les derni\u00e8res mesures budg\u00e9taires annonc\u00e9es fin novembre par la ministre des Finances Rachel Reeves n&rsquo;auront, selon elle, \u00ab\u00a0aucun effet sur la croissance\u00a0\u00bb.<\/p>\n<p class=\"paragraph\">\u00ab\u00a0Le gouvernement va devoir esp\u00e9rer que les mesures prises jusqu&rsquo;\u00e0 pr\u00e9sent commencent \u00e0 porter leurs fruits, ou que les d\u00e9fis g\u00e9opolitiques s&rsquo;apaisent suffisamment pour que le commerce mondial puisse rebondir\u00a0\u00bb, poursuit-elle, \u00e9voquant m\u00eame d\u00e9j\u00e0 \u00ab\u00a0le spectre de la r\u00e9cession\u00a0\u00bb.<\/p>\n<p class=\"paragraph\">Le gouvernement a d\u00e9j\u00e0 encaiss\u00e9 un recul inattendu du PIB de 0,1% en octobre, premier mois du quatri\u00e8me trimestre, d&rsquo;apr\u00e8s l&rsquo;ONS.<\/p>\n<p class=\"paragraph\">Dans l&rsquo;espoir de soutenir l&rsquo;activit\u00e9, la Banque d&rsquo;Angleterre a abaiss\u00e9 la semaine derni\u00e8re son taux directeur d&rsquo;un quart de point, \u00e0 3,75%, confort\u00e9e par le ralentissement de l&rsquo;inflation. Les analystes tablent sur deux ou trois nouvelles baisses en 2026.<\/p>\n","protected":false},"excerpt":{"rendered":"La croissance de l&rsquo;\u00e9conomie britannique au deuxi\u00e8me trimestre a \u00e9t\u00e9 revue \u00e0 la baisse lundi par l&rsquo;Office national&hellip;\n","protected":false},"author":2,"featured_media":615436,"comment_status":"","ping_status":"","sticky":false,"template":"","format":"standard","meta":{"footnotes":""},"categories":[1588],"tags":[11,1777,674,12,473,1853,1851,1850,1852],"class_list":{"0":"post-615435","1":"post","2":"type-post","3":"status-publish","4":"format-standard","5":"has-post-thumbnail","7":"category-royaume-uni","8":"tag-actualites","9":"tag-eu","10":"tag-europe","11":"tag-news","12":"tag-royaume-uni","13":"tag-royaume-uni-de-grande-bretagne-et-dirlande-du-nord","14":"tag-uk","15":"tag-united-kingdom","16":"tag-united-kingdom-of-great-britain-and-northern-ireland"},"share_on_mastodon":{"url":"https:\/\/pubeurope.com\/@fr\/115762283472177099","error":""},"_links":{"self":[{"href":"https:\/\/www.europesays.com\/fr\/wp-json\/wp\/v2\/posts\/615435","targetHints":{"allow":["GET"]}}],"collection":[{"href":"https:\/\/www.europesays.com\/fr\/wp-json\/wp\/v2\/posts"}],"about":[{"href":"https:\/\/www.europesays.com\/fr\/wp-json\/wp\/v2\/types\/post"}],"author":[{"embeddable":true,"href":"https:\/\/www.europesays.com\/fr\/wp-json\/wp\/v2\/users\/2"}],"replies":[{"embeddable":true,"href":"https:\/\/www.europesays.com\/fr\/wp-json\/wp\/v2\/comments?post=615435"}],"version-history":[{"count":0,"href":"https:\/\/www.europesays.com\/fr\/wp-json\/wp\/v2\/posts\/615435\/revisions"}],"wp:featuredmedia":[{"embeddable":true,"href":"https:\/\/www.europesays.com\/fr\/wp-json\/wp\/v2\/media\/615436"}],"wp:attachment":[{"href":"https:\/\/www.europesays.com\/fr\/wp-json\/wp\/v2\/media?parent=615435"}],"wp:term":[{"taxonomy":"category","embeddable":true,"href":"https:\/\/www.europesays.com\/fr\/wp-json\/wp\/v2\/categories?post=615435"},{"taxonomy":"post_tag","embeddable":true,"href":"https:\/\/www.europesays.com\/fr\/wp-json\/wp\/v2\/tags?post=615435"}],"curies":[{"name":"wp","href":"https:\/\/api.w.org\/{rel}","templated":true}]}}