{"id":615441,"date":"2025-12-22T08:32:13","date_gmt":"2025-12-22T08:32:13","guid":{"rendered":"https:\/\/www.europesays.com\/fr\/615441\/"},"modified":"2025-12-22T08:32:13","modified_gmt":"2025-12-22T08:32:13","slug":"le-ministre-russe-des-affaires-etrangeres-accuse-lue-dingerence-electorale-en-armenie","status":"publish","type":"post","link":"https:\/\/www.europesays.com\/fr\/615441\/","title":{"rendered":"Le ministre russe des Affaires \u00e9trang\u00e8res accuse l&rsquo;UE d&rsquo;ing\u00e9rence \u00e9lectorale en Arm\u00e9nie"},"content":{"rendered":"<p>Le ministre russe des Affaires \u00e9trang\u00e8res, Sergue\u00ef Lavrov, a accus\u00e9 l\u2019Union europ\u00e9enne d\u2019ing\u00e9rence dans les affaires int\u00e9rieures de l\u2019Arm\u00e9nie dans le but d\u2019influencer le r\u00e9sultat des \u00e9lections g\u00e9n\u00e9rales qui doivent s\u2019y tenir en juin.<\/p>\n<p>M. Lavrov a cit\u00e9 les propos tenus par la chef de la diplomatie europ\u00e9enne, Kaja Kallas, juste avant que celle-ci et les ministres des Affaires \u00e9trang\u00e8res des \u00c9tats membres de l\u2019UE ne rencontrent leur homologue arm\u00e9nien, Ararat Mirzoyan, \u00e0 Bruxelles lundi. Mme Kallas a d\u00e9clar\u00e9 que le gouvernement arm\u00e9nien avait demand\u00e9 le type d\u2019\u00ab aide pour lutter contre les ing\u00e9rences \u00e9trang\u00e8res malveillantes \u00bb que l\u2019UE avait fourni \u00e0 la Moldavie au d\u00e9but de l\u2019ann\u00e9e.<\/p>\n<p>\u00ab Il y a quelques jours \u00e0 peine, la chef de la diplomatie europ\u00e9enne, Kristina Kallas, a publiquement promis que l\u2019Union europ\u00e9enne \u00ab aiderait l\u2019Arm\u00e9nie \u00e0 lutter contre les ing\u00e9rences \u00e9trang\u00e8res malveillantes, comme nous l\u2019avons fait en Moldavie \u00bb. [Il s\u2019agit l\u00e0] d\u2019un aveu sinc\u00e8re, d\u2019une reconnaissance de culpabilit\u00e9 \u00bb, a d\u00e9clar\u00e9 M. Lavrov aux hauts responsables du parti au pouvoir en Russie lors d\u2019une r\u00e9union jeudi 18 d\u00e9cembre.<\/p>\n<p>Il a pass\u00e9 sous silence le fait que l\u2019aide de l\u2019UE mentionn\u00e9e par Mme Kallas avait \u00e9t\u00e9 demand\u00e9e par le gouvernement arm\u00e9nien.<\/p>\n<p>Cette demande et la r\u00e9action apparemment favorable de la responsable de l\u2019UE ont suscit\u00e9 de vives inqui\u00e9tudes parmi les principaux groupes d\u2019opposition arm\u00e9niens. Leurs dirigeants affirment que Nikol Pachinian tente d\u2019obtenir le soutien de l\u2019UE pour remporter les \u00e9lections d\u00e9cisives par la fraude ou des man\u0153uvres d\u00e9loyales.<\/p>\n<p>\u00ab La d\u00e9claration de Kaya Kalas constitue une ing\u00e9rence directe et flagrante dans les affaires int\u00e9rieures de l\u2019Arm\u00e9nie \u00bb, a insist\u00e9 mercredi Ishkhan Saghatelian, membre \u00e9minent de la principale alliance d\u2019opposition Hayastan.<\/p>\n<p>M. Saghatelian a d\u00e9clar\u00e9 que cette d\u00e9claration visait \u00e0 \u00ab pr\u00e9parer le terrain pour limiter, r\u00e9primer ou neutraliser les activit\u00e9s des forces politiques d\u2019opposition pendant la p\u00e9riode pr\u00e9\u00e9lectorale \u00bb et \u00ab influencer la volont\u00e9 \u00e9lectorale et les pr\u00e9f\u00e9rences des citoyens arm\u00e9niens \u00bb.<\/p>\n<p>L\u2019opposition arm\u00e9nienne est particuli\u00e8rement alarm\u00e9e par la r\u00e9f\u00e9rence de Mme Kallas \u00e0 la Moldavie, o\u00f9 deux partis d\u2019opposition consid\u00e9r\u00e9s comme pro-russes ont \u00e9t\u00e9 interdits de participer aux r\u00e9centes \u00e9lections l\u00e9gislatives remport\u00e9es par les dirigeants pro-occidentaux du pays. L\u2019UE a justifi\u00e9 ces interdictions en invoquant l\u2019ing\u00e9rence russe dans les \u00e9lections moldaves.<\/p>\n<p>Lavrov a accus\u00e9 l\u2019UE elle-m\u00eame de s\u2019\u00eatre ing\u00e9r\u00e9e dans ces \u00e9lections en soutenant ouvertement le parti au pouvoir de l\u2019ancienne r\u00e9publique sovi\u00e9tique.<\/p>\n<p>Le soutien \u00e9lectoral demand\u00e9 par le gouvernement de Pachinian \u00e0 l\u2019UE a attis\u00e9 les craintes de l\u2019opposition que les autorit\u00e9s arm\u00e9niennes puissent elles aussi disqualifier certains groupes d\u2019opposition importants du scrutin de 2026.<\/p>\n<p>Le minist\u00e8re arm\u00e9nien des Affaires \u00e9trang\u00e8res a d\u00e9clar\u00e9 mardi que Erevan souhaitait uniquement que l\u2019UE l\u2019aide \u00e0 \u00ab contrer les menaces hybrides potentielles \u00bb pesant sur le bon d\u00e9roulement des \u00e9lections. Les responsables arm\u00e9niens n\u2019ont toujours pas donn\u00e9 de d\u00e9tails sur ces menaces ni indiqu\u00e9 publiquement si elles \u00e9manaient de la Russie.<\/p>\n<p>\u00c0 la suite de ses pr\u00e9c\u00e9dentes discussions avec Mirzoyan au d\u00e9but du mois, Mme Kallas a accus\u00e9 la Russie de diffuser de la \u00ab d\u00e9sinformation \u00bb pr\u00e9\u00e9lectorale en Arm\u00e9nie. Si le Premier ministre qualifie r\u00e9guli\u00e8rement ses adversaires politiques d\u2019agents russes, ni lui ni les autres dirigeants arm\u00e9niens n\u2019ont explicitement repris ces accusations, qui ont \u00e9t\u00e9 fermement d\u00e9menties par le minist\u00e8re russe des Affaires \u00e9trang\u00e8res.<\/p>\n<p>Malgr\u00e9 les tensions accrues avec Erevan, Moscou a jusqu\u2019\u00e0 pr\u00e9sent \u00e9vit\u00e9 de manifester son soutien \u00e0 un groupe d\u2019opposition arm\u00e9nien, y compris celui dirig\u00e9 par le milliardaire russo-arm\u00e9nien emprisonn\u00e9 Samvel Karapetian.<\/p>\n<p>\u00a0<\/p>\n<p>Reprinted with permission from RFE\/RL Copyright(c)2007 Radio Free Europe \/ Radio Liberty, Inc.1201 Connecticut Ave, t N.W. Washington DC 20<\/p>\n<p>\u00a0<\/p>\n<p>\u00a0<\/p>\n","protected":false},"excerpt":{"rendered":"Le ministre russe des Affaires \u00e9trang\u00e8res, Sergue\u00ef Lavrov, a accus\u00e9 l\u2019Union europ\u00e9enne d\u2019ing\u00e9rence dans les affaires int\u00e9rieures de&hellip;\n","protected":false},"author":2,"featured_media":615442,"comment_status":"","ping_status":"","sticky":false,"template":"","format":"standard","meta":{"footnotes":""},"categories":[1586],"tags":[38404,4865,11,5950,1777,674,1779,1011,27,12,25,132,1778,364],"class_list":{"0":"post-615441","1":"post","2":"type-post","3":"status-publish","4":"format-standard","5":"has-post-thumbnail","7":"category-europe","8":"tag-01-la-une","9":"tag-06-une-de-rubrique","10":"tag-actualites","11":"tag-armenie","12":"tag-eu","13":"tag-europe","14":"tag-european-union","15":"tag-fr","16":"tag-france","17":"tag-news","18":"tag-republique-francaise","19":"tag-russie","20":"tag-ue","21":"tag-union-europeenne"},"share_on_mastodon":{"url":"https:\/\/pubeurope.com\/@fr\/115762295285265066","error":""},"_links":{"self":[{"href":"https:\/\/www.europesays.com\/fr\/wp-json\/wp\/v2\/posts\/615441","targetHints":{"allow":["GET"]}}],"collection":[{"href":"https:\/\/www.europesays.com\/fr\/wp-json\/wp\/v2\/posts"}],"about":[{"href":"https:\/\/www.europesays.com\/fr\/wp-json\/wp\/v2\/types\/post"}],"author":[{"embeddable":true,"href":"https:\/\/www.europesays.com\/fr\/wp-json\/wp\/v2\/users\/2"}],"replies":[{"embeddable":true,"href":"https:\/\/www.europesays.com\/fr\/wp-json\/wp\/v2\/comments?post=615441"}],"version-history":[{"count":0,"href":"https:\/\/www.europesays.com\/fr\/wp-json\/wp\/v2\/posts\/615441\/revisions"}],"wp:featuredmedia":[{"embeddable":true,"href":"https:\/\/www.europesays.com\/fr\/wp-json\/wp\/v2\/media\/615442"}],"wp:attachment":[{"href":"https:\/\/www.europesays.com\/fr\/wp-json\/wp\/v2\/media?parent=615441"}],"wp:term":[{"taxonomy":"category","embeddable":true,"href":"https:\/\/www.europesays.com\/fr\/wp-json\/wp\/v2\/categories?post=615441"},{"taxonomy":"post_tag","embeddable":true,"href":"https:\/\/www.europesays.com\/fr\/wp-json\/wp\/v2\/tags?post=615441"}],"curies":[{"name":"wp","href":"https:\/\/api.w.org\/{rel}","templated":true}]}}