{"id":615447,"date":"2025-12-22T08:35:14","date_gmt":"2025-12-22T08:35:14","guid":{"rendered":"https:\/\/www.europesays.com\/fr\/615447\/"},"modified":"2025-12-22T08:35:14","modified_gmt":"2025-12-22T08:35:14","slug":"dans-limpitoyable-guerre-de-lapero-intersnack-france-lentreprise-derriere-les-chips-vico-et-les-curly-peut-compter-sur-un-nouveau-trio-de-dirigeants","status":"publish","type":"post","link":"https:\/\/www.europesays.com\/fr\/615447\/","title":{"rendered":"Dans l\u2019impitoyable guerre de l\u2019ap\u00e9ro, Intersnack France, l\u2019entreprise derri\u00e8re les chips Vico et les Curly, peut compter sur un nouveau trio de dirigeants"},"content":{"rendered":"<p>Le fabricant de chips et de snacks ap\u00e9ritifs Intersnack France annonce une \u00e9volution de sa gouvernance avec la nomination de Charles-Etienne Le Renard \u00e0 la pr\u00e9sidence, tandis que la direction g\u00e9n\u00e9rale est confi\u00e9e \u00e0 Mark Klingler et C\u00e9line Gocht. Ils devront affronter un march\u00e9 ultra-concurrentiel.<\/p>\n<p class=\"c-paragraph\">Intersnack France renouvelle sa gouvernance. Suite au d\u00e9part de Genevi\u00e8ve Louis-Hooper de son poste de pr\u00e9sidente-directrice g\u00e9n\u00e9rale, <a href=\"https:\/\/www.usinenouvelle.com\/article\/apres-la-recolte-catastrophique-de-pommes-de-terre-les-industriels-s-organisent.N2044682\" target=\"_self\" rel=\"noopener\" title=\"https:\/\/www.usinenouvelle.com\/article\/apres-la-recolte-catastrophique-de-pommes-de-terre-les-industriels-s-organisent.N2044682\">le fabricant de chips<\/a> et de snacks ap\u00e9ritifs (Vico, Curly, Aperifruits, Tyrrells\u2026) renouvelle son management avec la nomination de Charles-Etienne Le Renard au poste de pr\u00e9sident. La fonction de direction g\u00e9n\u00e9rale est dissoci\u00e9e, et \u00e9choit \u00e0 Mark Klingler et C\u00e9line Gocht, qui occupaient \u00e9galement des fonctions de management au sein de l\u2019entreprise (550 salari\u00e9s, 344 millions d\u2019euros de chiffre d\u2019affaires en 2024).<\/p>\n<p class=\"c-paragraph\">Charles-Etienne Le Renard, 54 ans, ing\u00e9nieur en g\u00e9nie industriel d\u2019Agro ParisTech, \u00e9tait directeur g\u00e9n\u00e9ral des op\u00e9rations d\u2019Intersnack France depuis septembre 2020. Il d\u00e9bute sa carri\u00e8re en 1994 comme ing\u00e9nieur projet pour le chimiste Applexion, aux Etats-Unis, avant de revenir en France deux ans plus tard \u00e0 des fonctions similaires au sein de l\u2019\u00e9quipementier agroalimentaire APV Baker, puis de l\u2019amidonnier Cerestar (depuis dans le giron de Cargill) avant de devenir, en 2000, directeur d\u2019usine chez Lorenz Snack-World (Curly, Monster Munch\u2026). En 2007, \u00e0 l\u2019occasion de la reprise des activit\u00e9s fran\u00e7aises par Vico, Charles-Etienne Le Renard prend la direction industrielle <a href=\"https:\/\/www.usinenouvelle.com\/article\/vico-au-pays-de-la-pomme-de-terre.N387587\" target=\"_self\" rel=\"noopener\" title=\"https:\/\/www.usinenouvelle.com\/article\/vico-au-pays-de-la-pomme-de-terre.N387587\">du nouvel ensemble<\/a>, Intersnack France, avant, entre 2014 et 2020, d\u2019occuper des postes d\u2019ing\u00e9nierie et de logistique en Allemagne, chez Lorenz Snack-World.<\/p>\n<p>Deux nouveaux directeurs g\u00e9n\u00e9raux<\/p>\n<p class=\"c-paragraph\">Mark Klingler, 49 ans, \u00e9tait directeur financier en charge de l\u2019informatique et du juridique chez Intersnack France depuis 2015. Dipl\u00f4m\u00e9 en administration des affaires de l\u2019Universit\u00e9 de Cologne et de la Copenhagen Business School, il d\u00e9bute sa carri\u00e8re en 2002 comme analyste financier chez Procter &amp; Gamble, avant d\u2019occuper des fonctions li\u00e9es \u00e0 la finance et au commerce au sein de l\u2019\u00e9quipementier sp\u00e9cialis\u00e9 dans les pi\u00e8ces de freinage TMD Friction, puis de contr\u00f4leur de gestion chez L\u2019Or\u00e9al \u00e0 partir de 2012, date \u00e0 laquelle il entre au si\u00e8ge mondial d\u2019Intersnack, en Allemagne.<\/p>\n<p class=\"c-paragraph\">Dipl\u00f4m\u00e9e de l\u2019Essec, C\u00e9line Gocht, 50 ans, \u00e9tait directrice commerciale d\u2019Intersnack France depuis juillet 2021. Elle d\u00e9bute sa carri\u00e8re dans le conseil en marketing chez NielsenIQ en 1998, puis devient directrice marketing chez Marie Groupe Uniq en 2000. C\u00e9line Gocht reste dans le secteur agroalimentaire, au sein du service commercial de Red Bull France en 2008, puis d\u2019Intersnack France entre 2010 et 2014. Jusqu\u2019en 2020, elle est directrice de clients nationaux chez Bl\u00e9dina, avant de rester chez Danone, comme directrice de client\u00e8le \u00e0 l\u2019\u00e9chelle mondiale.<\/p>\n<p class=\"c-paragraph\">La nouvelle direction d\u2019Intersnack France devra \u00abmaintenir une croissance profitable dans un secteur ultra concurrentiel en r\u00e9pondant aux nouvelles habitudes de consommation \u00e0 travers un portefeuille de produits toujours plus gourmand et diversifi\u00e9\u00bb, indique l\u2019entreprise dans un communiqu\u00e9. Cette ann\u00e9e, des snacks sans cacahu\u00e8tes ont \u00e9t\u00e9 lanc\u00e9s sous la marque Curly, et Vico a propos\u00e9 de nouvelles r\u00e9f\u00e9rences dans sa gamme \u00abstreet food\u00bb. Intersnack France compte deux usines, \u00e0 Vic-sur-Aisne (Aisne) et \u00e0 Charvieu-Chavagneux (Is\u00e8re).<\/p>\n","protected":false},"excerpt":{"rendered":"Le fabricant de chips et de snacks ap\u00e9ritifs Intersnack France annonce une \u00e9volution de sa gouvernance avec la&hellip;\n","protected":false},"author":2,"featured_media":615448,"comment_status":"","ping_status":"","sticky":false,"template":"","format":"standard","meta":{"footnotes":""},"categories":[4],"tags":[11,2159,26788,13789,69350,1011,27,811,12,8145,40292,25],"class_list":{"0":"post-615447","1":"post","2":"type-post","3":"status-publish","4":"format-standard","5":"has-post-thumbnail","7":"category-france","8":"tag-actualites","9":"tag-agro","10":"tag-aisne","11":"tag-dirigeants","12":"tag-elles-et-ils-font-lindustrie","13":"tag-fr","14":"tag-france","15":"tag-hauts-de-france","16":"tag-news","17":"tag-nomination","18":"tag-produits-alimentaires","19":"tag-republique-francaise"},"share_on_mastodon":{"url":"https:\/\/pubeurope.com\/@fr\/115762307065849320","error":""},"_links":{"self":[{"href":"https:\/\/www.europesays.com\/fr\/wp-json\/wp\/v2\/posts\/615447","targetHints":{"allow":["GET"]}}],"collection":[{"href":"https:\/\/www.europesays.com\/fr\/wp-json\/wp\/v2\/posts"}],"about":[{"href":"https:\/\/www.europesays.com\/fr\/wp-json\/wp\/v2\/types\/post"}],"author":[{"embeddable":true,"href":"https:\/\/www.europesays.com\/fr\/wp-json\/wp\/v2\/users\/2"}],"replies":[{"embeddable":true,"href":"https:\/\/www.europesays.com\/fr\/wp-json\/wp\/v2\/comments?post=615447"}],"version-history":[{"count":0,"href":"https:\/\/www.europesays.com\/fr\/wp-json\/wp\/v2\/posts\/615447\/revisions"}],"wp:featuredmedia":[{"embeddable":true,"href":"https:\/\/www.europesays.com\/fr\/wp-json\/wp\/v2\/media\/615448"}],"wp:attachment":[{"href":"https:\/\/www.europesays.com\/fr\/wp-json\/wp\/v2\/media?parent=615447"}],"wp:term":[{"taxonomy":"category","embeddable":true,"href":"https:\/\/www.europesays.com\/fr\/wp-json\/wp\/v2\/categories?post=615447"},{"taxonomy":"post_tag","embeddable":true,"href":"https:\/\/www.europesays.com\/fr\/wp-json\/wp\/v2\/tags?post=615447"}],"curies":[{"name":"wp","href":"https:\/\/api.w.org\/{rel}","templated":true}]}}