{"id":61545,"date":"2025-04-29T10:22:08","date_gmt":"2025-04-29T10:22:08","guid":{"rendered":"https:\/\/www.europesays.com\/fr\/61545\/"},"modified":"2025-04-29T10:22:08","modified_gmt":"2025-04-29T10:22:08","slug":"raphael-glucksmann-si-les-dirigeants-europeens-veulent-etre-pris-au-serieux-par-les-grands-predateurs-ils-doivent-montrer-les-dents-liberation","status":"publish","type":"post","link":"https:\/\/www.europesays.com\/fr\/61545\/","title":{"rendered":"Rapha\u00ebl Glucksmann : \u00abSi les dirigeants europ\u00e9ens veulent \u00eatre pris au s\u00e9rieux par les grands pr\u00e9dateurs, ils doivent montrer les dents &#8211; Lib\u00e9ration"},"content":{"rendered":"<ol>\n<li><a href=\"https:\/\/news.google.com\/rss\/articles\/CBMiuwJBVV95cUxNMVJqSWlaNzNrX25rS0Q2WW1XWFVBeVJLM3pDQVpWQURnVTRienBiX0gtWFdDYUZRNFgxbjVIclpDZzdFb2o2NTBsY1RhNDZ2VXByelJkRVB1eFNjYS1VeVFsb3BCeUtRMkVqcnVkUjVqRkZDeDM5R0Mwd0FsLXFpRDFHTjRFZUpjaGFJV21MRXljS0JVRkJDZldmRUZ4WU5UYU9mZnVTZTgzdTRJb202TVNOdFE0LWJUdmhicTZVc2xNMFNCWVBjNldwcnFtMnpGLWY5RzBpRjM1VTR2YkZ1R3MtWUNFTW9VRC1aSnlEeXdDNGVvVUQ2V242ZFp4bTlJZEpfY2ZXcU5Zc1ljNFE5d1VGbTdRV1R1YXdXNmVNZEVlZFVyLThkUFI5SVZJR1gzR3pvblRxVzl5N2M?oc=5\" target=\"_blank\" rel=\"nofollow noopener\">Rapha\u00ebl Glucksmann : \u00abSi les dirigeants europ\u00e9ens veulent \u00eatre pris au s\u00e9rieux par les grands pr\u00e9dateurs, ils doivent montrer les dents<\/a>&nbsp;&nbsp;Lib\u00e9ration<\/li>\n<li><a href=\"https:\/\/news.google.com\/rss\/articles\/CBMikwJBVV95cUxQdVpNU1RXZzJsdWpZdkY1SG1NMHFGY3RaSHM2U2VmQ2x6TTNNaDV3V3dJZ011ZjFWUXlBODhhM3JuaGczYm13TmtBNDhmQlVNNFUyN0g0T2gwQW5SdmI0OUh4XzYzcnVzMll0LWZ6T25KS2RvellReDB1VGxRQURxZHg3WEJyNTVpalJndGh3WGZaNTl0dXplUzRxSnlCTVlPOV9ua0lYdlNkaTZYMGRJNWdWNEc3UDExTUg1U1RVMEExT1pRVjliUWFDdjdxSmR5MU5tSVc4VjVYeVI3MnlHT2FEd2NDeUNOZVIzeVM4VEFJc1RXekRNU3hDY1lSOEpGekRmdkxnUDVSLVJHYXBZSG4waw?oc=5\" target=\"_blank\" rel=\"nofollow noopener\">Thierry Chopin, politiste : \u00ab Vuln\u00e9rable face \u00e0 des empires oligarchiques, l\u2019Europe doit lancer sa \u201cmarche vers l\u2019ind\u00e9pendance\u201d \u00bb<\/a>&nbsp;&nbsp;Le Monde.fr<\/li>\n<li><a href=\"https:\/\/news.google.com\/rss\/articles\/CBMiyAFBVV95cUxOeTFXSUlvRDY5a0h0ZGZXZTlfc0dZSnQ1U2FQM3Nmcmh2czJWOENKaXpzQ1dNZ1JrZ1lVZHJFSWFuMUtMNThmUWRPRUJMSmNoaHdnYUszMXN2eG5ma0NWaHVWY3Q1SXlvbVlQU0RiY3ZVcElHdXRpOXNIamxkam5wTlE1bUN0Q3NIQmU3WnAwVVhFRFI4dWN5ckotcXdXWTFiY0xKTU9vWW5uTWFqQ3dnZW9uWnRWd2t3THc3U1NGWW1oYUlocmlBRw?oc=5\" target=\"_blank\" rel=\"nofollow noopener\">Autonomie, souverainet\u00e9 : l&rsquo;Europe doit-elle adopter la m\u00e9thode Trump ? \u2013 par Monique Canto-Sperber<\/a>&nbsp;&nbsp;l&rsquo;Opinion<\/li>\n<li><a href=\"https:\/\/news.google.com\/rss\/articles\/CBMi4gFBVV95cUxOWEpmMnQ3WHdaaG9TTHNBd0hjMFdfTENIQnM2VjJTczhzOERGMHMyNFF6OWpnNkZKQWJFM1R0Y1l5RFJPR1VNT0VQb1pEVHpxVFRUb2M5WnVKTUtDdnRBczFkS25ZSThXMXhOLURyMmtEM1YxLVRKU09wX01mRFV3VjJ1MmItNHlweFZHeTFwWXpweDNaTjJuaGFpNzRic0g3TEJxdUZzbUFiT3p4VFhzeFJGNXE4WEFaV2R0X3M3UHNVMi12QUpkS3VCZ2ZLbjFlMVV6NVlfN0dBU042T2w3MTR3?oc=5\" target=\"_blank\" rel=\"nofollow noopener\">\u00ab Nous sommes tr\u00e8s impliqu\u00e9s dans cette affaire \u00bb : le vrai r\u00f4le des \u00c9tats-Unis dans la construction europ\u00e9enne<\/a>&nbsp;&nbsp;Le Grand Continent<\/li>\n<li><a href=\"https:\/\/news.google.com\/rss\/articles\/CBMitgFBVV95cUxPUU1EQkVVMTFmbEg2VUk4QWZQNkJzRVpxcDY3MVNVbXZLX1lXeTdqeW5IWml2ZXoyN3F3Sk5kQjVOOXg0SVpITnVwaW1RWDhnR043NElrWmpZbnNfMEFuMmtGa2l5all0OVBjVUFQbGNDMlIxb1B6ZXVraHBWRXZBc0xpMTJtSDE3eTJTNUxOY09Oc1lDYUhwVEo2bEVPUWlvNW1oMFpIV1VRajVsTE5hRjNmUTJtdw?oc=5\" target=\"_blank\" rel=\"nofollow noopener\">G\u00e9opolitique &#8211; L&rsquo;Europe au prisme des 100 jours de pr\u00e9sidence Trump<\/a>&nbsp;&nbsp;RFI<\/li>\n<\/ol>\n","protected":false},"excerpt":{"rendered":"Rapha\u00ebl Glucksmann : \u00abSi les dirigeants europ\u00e9ens veulent \u00eatre pris au s\u00e9rieux par les grands pr\u00e9dateurs, ils doivent&hellip;\n","protected":false},"author":2,"featured_media":61546,"comment_status":"","ping_status":"","sticky":false,"template":"","format":"standard","meta":{"footnotes":""},"categories":[2],"tags":[11,554,1011,27,12,8552,15923,25],"class_list":{"0":"post-61545","1":"post","2":"type-post","3":"status-publish","4":"format-standard","5":"has-post-thumbnail","7":"category-actualites","8":"tag-actualites","9":"tag-defense","10":"tag-fr","11":"tag-france","12":"tag-news","13":"tag-parlement-europeen","14":"tag-raphael-glucksmann","15":"tag-republique-francaise"},"share_on_mastodon":{"url":"https:\/\/pubeurope.com\/@fr\/114420760169479561","error":""},"_links":{"self":[{"href":"https:\/\/www.europesays.com\/fr\/wp-json\/wp\/v2\/posts\/61545","targetHints":{"allow":["GET"]}}],"collection":[{"href":"https:\/\/www.europesays.com\/fr\/wp-json\/wp\/v2\/posts"}],"about":[{"href":"https:\/\/www.europesays.com\/fr\/wp-json\/wp\/v2\/types\/post"}],"author":[{"embeddable":true,"href":"https:\/\/www.europesays.com\/fr\/wp-json\/wp\/v2\/users\/2"}],"replies":[{"embeddable":true,"href":"https:\/\/www.europesays.com\/fr\/wp-json\/wp\/v2\/comments?post=61545"}],"version-history":[{"count":0,"href":"https:\/\/www.europesays.com\/fr\/wp-json\/wp\/v2\/posts\/61545\/revisions"}],"wp:featuredmedia":[{"embeddable":true,"href":"https:\/\/www.europesays.com\/fr\/wp-json\/wp\/v2\/media\/61546"}],"wp:attachment":[{"href":"https:\/\/www.europesays.com\/fr\/wp-json\/wp\/v2\/media?parent=61545"}],"wp:term":[{"taxonomy":"category","embeddable":true,"href":"https:\/\/www.europesays.com\/fr\/wp-json\/wp\/v2\/categories?post=61545"},{"taxonomy":"post_tag","embeddable":true,"href":"https:\/\/www.europesays.com\/fr\/wp-json\/wp\/v2\/tags?post=61545"}],"curies":[{"name":"wp","href":"https:\/\/api.w.org\/{rel}","templated":true}]}}