{"id":615453,"date":"2025-12-22T08:43:12","date_gmt":"2025-12-22T08:43:12","guid":{"rendered":"https:\/\/www.europesays.com\/fr\/615453\/"},"modified":"2025-12-22T08:43:12","modified_gmt":"2025-12-22T08:43:12","slug":"la-bicyclette-action-mythique-et-reve-ultime","status":"publish","type":"post","link":"https:\/\/www.europesays.com\/fr\/615453\/","title":{"rendered":"la bicyclette, action mythique et r\u00eave ultime"},"content":{"rendered":"<p>\n    <strong>CES GESTES DU SPORT QUI ENFLAMMENT LES FOULES &#8211; <\/strong>Le retourn\u00e9 acrobatique, inspiration iconique dans l\u2019histoire du football, ne laisse personne insensible. Au stade ou devant la t\u00e9l\u00e9vision, le moment d\u2019extase se v\u00e9rifie \u00e0 chaque fois.<\/p>\n<p class=\"fig-paragraph\">Plus de trente-cinq ans sont pass\u00e9s et rien n\u2019a boug\u00e9. Ou presque. Quand on l\u2019appelle pour \u00e9voquer le geste de la bicyclette, Amara Simba (3\u00a0s\u00e9lections, 2\u00a0buts) ne boude pas son plaisir. \u00c0 63\u00a0ans, l\u2019ancien attaquant du\u00a0<a href=\"http:\/\/www.lefigaro.fr\/sports\/football\/ligue-1\/prix-des-places-accueil-restauration-ambiance-psg-paris-fc-qui-remporte-le-match-de-la-meilleure-soiree-au-stade-20251107\" data-fig-type=\"NewsFlash\" data-gtm-custom-categorie=\"navigation\" data-gtm-custom-action=\"crossclick\" data-gtm-custom-label=\"Contextuel\" data-gtm-event=\"customEventSPE\" data-fig-domain=\"LEFIGARO\" target=\"_blank\" rel=\"noopener\">Paris SG<\/a>\u00a0dans les ann\u00e9es 1980-1990 garde des souvenirs intacts. S\u2019il n\u2019a mis \u00ab\u00a0que\u00a0\u00bb vingt-deux buts sous les couleurs parisiennes, ses cinq retourn\u00e9s acrobatiques inscrits avec le club de la capitale lui offrent une place de choix dans le c\u0153ur des supporteurs de la Porte d\u2019Auteuil.<\/p>\n<p class=\"fig-paragraph\">Demandez \u00e0 un suiveur du Paris SG de cette \u00e9poque ce que lui \u00e9voque le natif de Dakar\u2026 Sans surprise, le sujet de la bicyclette arrivera instantan\u00e9ment dans la discussion. \u00ab\u00a0Preuve en est, vous m\u2019en parlez encore aujourd\u2019hui, sourit l\u2019attaquant pass\u00e9 par Cannes, Monaco, Caen ou encore Lille durant sa carri\u00e8re. Ce geste, on m\u2019en parlera jusqu\u2019\u00e0 la fin de ma vie. M\u00eame sur mon lit de mort. C\u2019est mon histoire.\u00a0\u00bb<\/p>\n<p class=\"fig-body-link\">\n            \u00c0 lire aussi<br \/>\n        <a class=\"fig-body-link__link\" href=\"http:\/\/www.lefigaro.fr\/sports\/football\/coupe-de-france\/psg-une-annee-historique-savoure-hernandez-avant-une-belle-petite-coupure-pour-reprendre-des-forces-20251220\" data-fig-type=\"NewsFlash\" data-gtm-custom-categorie=\"navigation\" data-gtm-custom-action=\"crossclick\" data-gtm-custom-label=\"Contextuel\" data-gtm-event=\"customEventSPE\" data-fig-domain=\"LEFIGARO\" target=\"_blank\" rel=\"noopener\"><\/p>\n<p>        PSG\u00a0: \u00abOn a \u00e9crit l\u2019histoire du football mondial et du club\u00bb, mart\u00e8le D\u00e9sir\u00e9 Dou\u00e9 apr\u00e8s une ann\u00e9e 2025 \u00abhistorique\u00bb<br \/>\n    <\/a>\n<\/p>\n<p class=\"fig-paragraph\">Difficile de savoir la gen\u00e8se v\u00e9ritable de cette fameuse bicyclette, inspiration qui\u2026<\/p>\n<p class=\"fig-premium-paywall__infos\">\n        Cet article est r\u00e9serv\u00e9 aux abonn\u00e9s.        Il vous reste 85% \u00e0 d\u00e9couvrir.\n    <\/p>\n<p>                <img  data- alt=\"Le Figaro\" class=\"fig-img--complete fig-img\"\/><\/p>\n<p class=\"fig-premium-paywall__title\">Vous avez envie de lire la suite ?<\/p>\n<p class=\"fig-premium-paywall__subtitle\">D\u00e9bloquez tous les articles imm\u00e9diatement.<\/p>\n<p class=\"fig-premium-paywall__connect\">\n                D\u00e9j\u00e0 abonn\u00e9\u00a0?                <a class=\"fig-premium-paywall__connect-link\" href=\"https:\/\/connect.lefigaro.fr\/login?client=horizon_web&amp;type=main&amp;redirect_uri=https%3A%2F%2Fwww.lefigaro.fr%2Fsports%2Ffootball%2Fun-melange-d-instinct-et-de-beaute-la-bicyclette-action-mythique-et-reve-ultime-20251222\" data-js-gtm=\"{&quot;customCategorie&quot;: &quot;conversion&quot;, &quot;customAction&quot;: &quot;before_Landing_Connexion_paywall_auto&quot;, &quot;customLabel&quot;: &quot;bGVmaWdhcm8uZnJfXzFmMGRjMDM4LWNjNTQtNmZmMC1iN2UwLTY3ODczY2Y1MzY0M19fQXJ0aWNsZQ==_\u00abUn m\u00e9lange d\u2019instinct et de beaut\u00e9\u00bb: la bicyclette, action mythique et r\u00eave ultime_82&quot;, &quot;customIDSPE&quot;: &quot;bGVmaWdhcm8uZnJfXzFmMGRjMDM4LWNjNTQtNmZmMC1iN2UwLTY3ODczY2Y1MzY0M19fQXJ0aWNsZQ==&quot;, &quot;event&quot;: &quot;customEventSPE&quot;}\" target=\"_blank\" rel=\"noopener\"><br \/>\n                    Connectez-vous<br \/>\n                <\/a>\n            <\/p>\n","protected":false},"excerpt":{"rendered":"CES GESTES DU SPORT QUI ENFLAMMENT LES FOULES &#8211; Le retourn\u00e9 acrobatique, inspiration iconique dans l\u2019histoire du football,&hellip;\n","protected":false},"author":2,"featured_media":615454,"comment_status":"","ping_status":"","sticky":false,"template":"","format":"standard","meta":{"footnotes":""},"categories":[1411],"tags":[1154,207,63,1011,27,66,60],"class_list":{"0":"post-615453","1":"post","2":"type-post","3":"status-publish","4":"format-standard","5":"has-post-thumbnail","7":"category-cyclisme","8":"tag-cycling","9":"tag-cyclisme","10":"tag-football","11":"tag-fr","12":"tag-france","13":"tag-ligue-1","14":"tag-sports"},"share_on_mastodon":{"url":"https:\/\/pubeurope.com\/@fr\/115762338475942766","error":""},"_links":{"self":[{"href":"https:\/\/www.europesays.com\/fr\/wp-json\/wp\/v2\/posts\/615453","targetHints":{"allow":["GET"]}}],"collection":[{"href":"https:\/\/www.europesays.com\/fr\/wp-json\/wp\/v2\/posts"}],"about":[{"href":"https:\/\/www.europesays.com\/fr\/wp-json\/wp\/v2\/types\/post"}],"author":[{"embeddable":true,"href":"https:\/\/www.europesays.com\/fr\/wp-json\/wp\/v2\/users\/2"}],"replies":[{"embeddable":true,"href":"https:\/\/www.europesays.com\/fr\/wp-json\/wp\/v2\/comments?post=615453"}],"version-history":[{"count":0,"href":"https:\/\/www.europesays.com\/fr\/wp-json\/wp\/v2\/posts\/615453\/revisions"}],"wp:featuredmedia":[{"embeddable":true,"href":"https:\/\/www.europesays.com\/fr\/wp-json\/wp\/v2\/media\/615454"}],"wp:attachment":[{"href":"https:\/\/www.europesays.com\/fr\/wp-json\/wp\/v2\/media?parent=615453"}],"wp:term":[{"taxonomy":"category","embeddable":true,"href":"https:\/\/www.europesays.com\/fr\/wp-json\/wp\/v2\/categories?post=615453"},{"taxonomy":"post_tag","embeddable":true,"href":"https:\/\/www.europesays.com\/fr\/wp-json\/wp\/v2\/tags?post=615453"}],"curies":[{"name":"wp","href":"https:\/\/api.w.org\/{rel}","templated":true}]}}