{"id":615459,"date":"2025-12-22T08:46:16","date_gmt":"2025-12-22T08:46:16","guid":{"rendered":"https:\/\/www.europesays.com\/fr\/615459\/"},"modified":"2025-12-22T08:46:16","modified_gmt":"2025-12-22T08:46:16","slug":"architecture-avez-vous-deja-pousse-les-portes-de-la-maison-losseau","status":"publish","type":"post","link":"https:\/\/www.europesays.com\/fr\/615459\/","title":{"rendered":"Architecture\u00a0: avez-vous d\u00e9j\u00e0 pouss\u00e9 les portes de la Maison Losseau\u00a0?"},"content":{"rendered":"<p>Le propri\u00e9taire des lieux \u00e9tait <strong>tr\u00e8s attir\u00e9 par l\u2019art nouveau fran\u00e7ais<\/strong>\u00a0: l\u2019\u00e9cole de Nancy, la villa Majorelle sont des inspirations. \u00ab\u00a0Le rapport aux fleurs est tr\u00e8s dominant et il rencontre les propres centres d\u2019int\u00e9r\u00eat du propri\u00e9taire\u00a0\u00bb, explique la charg\u00e9e du Patrimoine.<\/p>\n<p>\u00ab\u00a0<strong>Les mosa\u00efques, certaines en forme de magnolia<\/strong>, typiques de l\u2019\u00e9cole de Nancy ont \u00e9t\u00e9 dessin\u00e9es par Sarazin et Sauvage. Ils devaient en principe poursuivre le travail de r\u00e9novation de la maison.\u00a0\u00bb Las, l\u2019entente professionnelle a tourn\u00e9 au fiasco. Ils\u00a0ont tourn\u00e9 le dos \u00e0 Losseau qui a poursuivi sa collaboration avec d\u2019autres artistes prestigieux.<\/p>\n<p>Ce d\u00e9cor exquis sera r\u00e9alis\u00e9 par les meilleurs artistes et artisans\u00a0: citons les ateliers Emile Gall\u00e9 ou la Manufacture Daum. Le mobilier de la maison est rest\u00e9 pratiquement intact, ce qui reste plut\u00f4t rare.<\/p>\n","protected":false},"excerpt":{"rendered":"Le propri\u00e9taire des lieux \u00e9tait tr\u00e8s attir\u00e9 par l\u2019art nouveau fran\u00e7ais\u00a0: l\u2019\u00e9cole de Nancy, la villa Majorelle sont&hellip;\n","protected":false},"author":2,"featured_media":615460,"comment_status":"","ping_status":"","sticky":false,"template":"","format":"standard","meta":{"footnotes":""},"categories":[1358],"tags":[1348,1384,1385,1386,58,59,1011,27],"class_list":{"0":"post-615459","1":"post","2":"type-post","3":"status-publish","4":"format-standard","5":"has-post-thumbnail","7":"category-arts-et-design","8":"tag-arts","9":"tag-arts-and-design","10":"tag-arts-et-design","11":"tag-design","12":"tag-divertissement","13":"tag-entertainment","14":"tag-fr","15":"tag-france"},"share_on_mastodon":{"url":"https:\/\/pubeurope.com\/@fr\/115762350212521330","error":""},"_links":{"self":[{"href":"https:\/\/www.europesays.com\/fr\/wp-json\/wp\/v2\/posts\/615459","targetHints":{"allow":["GET"]}}],"collection":[{"href":"https:\/\/www.europesays.com\/fr\/wp-json\/wp\/v2\/posts"}],"about":[{"href":"https:\/\/www.europesays.com\/fr\/wp-json\/wp\/v2\/types\/post"}],"author":[{"embeddable":true,"href":"https:\/\/www.europesays.com\/fr\/wp-json\/wp\/v2\/users\/2"}],"replies":[{"embeddable":true,"href":"https:\/\/www.europesays.com\/fr\/wp-json\/wp\/v2\/comments?post=615459"}],"version-history":[{"count":0,"href":"https:\/\/www.europesays.com\/fr\/wp-json\/wp\/v2\/posts\/615459\/revisions"}],"wp:featuredmedia":[{"embeddable":true,"href":"https:\/\/www.europesays.com\/fr\/wp-json\/wp\/v2\/media\/615460"}],"wp:attachment":[{"href":"https:\/\/www.europesays.com\/fr\/wp-json\/wp\/v2\/media?parent=615459"}],"wp:term":[{"taxonomy":"category","embeddable":true,"href":"https:\/\/www.europesays.com\/fr\/wp-json\/wp\/v2\/categories?post=615459"},{"taxonomy":"post_tag","embeddable":true,"href":"https:\/\/www.europesays.com\/fr\/wp-json\/wp\/v2\/tags?post=615459"}],"curies":[{"name":"wp","href":"https:\/\/api.w.org\/{rel}","templated":true}]}}