{"id":615477,"date":"2025-12-22T08:57:12","date_gmt":"2025-12-22T08:57:12","guid":{"rendered":"https:\/\/www.europesays.com\/fr\/615477\/"},"modified":"2025-12-22T08:57:12","modified_gmt":"2025-12-22T08:57:12","slug":"une-americaine-gagne-le-droit-de-garder-un-pere-noel-geant-dans-son-jardin-grace-au-soutien-de-ses-voisins","status":"publish","type":"post","link":"https:\/\/www.europesays.com\/fr\/615477\/","title":{"rendered":"Une Am\u00e9ricaine gagne le droit de garder un p\u00e8re No\u00ebl g\u00e9ant dans son jardin gr\u00e2ce au soutien de ses voisins"},"content":{"rendered":"<p>\n    Un p\u00e8re No\u00ebl gonflable de 8,50 m\u00e8tres a sem\u00e9 la discorde dans un quartier r\u00e9sidentiel du Colorado. Somm\u00e9e de le retirer par le syndic, une m\u00e8re de famille a tenu bon, soutenue par ses voisins, jusqu\u2019\u00e0 faire plier l\u2019association de propri\u00e9taires.<\/p>\n<p class=\"fig-paragraph\">Impossible de le manquer. Dans un quartier r\u00e9sidentiel de Severance, petite ville du\u00a0<a href=\"http:\/\/www.lefigaro.fr\/cinema\/adieu-l-utah-le-festival-de-sundance-demenage-apres-40-annees-et-s-installera-en-2027-dans-le-colorado-20250328\" data-fig-type=\"NewsFlash\" data-gtm-custom-categorie=\"navigation\" data-gtm-custom-action=\"crossclick\" data-gtm-custom-label=\"Contextuel\" data-gtm-event=\"customEventSPE\" data-fig-domain=\"LEFIGARO\" target=\"_blank\" rel=\"noopener\">Colorado\u00a0<\/a>situ\u00e9e \u00e0 une heure de Denver, un\u00a0<a href=\"http:\/\/www.lefigaro.fr\/flash-actu\/pakistan-des-peres-noel-a-dos-de-chameau-deambulent-au-milieu-des-voitures-20251208\" data-fig-type=\"NewsFlash\" data-gtm-custom-categorie=\"navigation\" data-gtm-custom-action=\"crossclick\" data-gtm-custom-label=\"Contextuel\" data-gtm-event=\"customEventSPE\" data-fig-domain=\"LEFIGARO\" target=\"_blank\" rel=\"noopener\">p\u00e8re No\u00ebl<\/a>\u00a0gonflable de 8,50 m\u00e8tres de haut domine les maisons alentour, d\u00e9passant m\u00eame les toits. Une d\u00e9coration spectaculaire dont la taille a rapidement attir\u00e9 l\u2019attention\u2026 et d\u00e9clench\u00e9 la col\u00e8re du syndic de copropri\u00e9t\u00e9.<\/p>\n<p class=\"fig-paragraph\">\u00c0 l\u2019origine de cette installation hors normes, Dora Flores, m\u00e8re de famille, qui assume pleinement son choix. \u00ab Nous avons \u00e9conomis\u00e9 toute l\u2019ann\u00e9e pour pouvoir l\u2019acheter\u00a0\u00bb, explique-t-elle aux m\u00e9dias locaux dont\u00a0<a href=\"https:\/\/www.upi.com\/Odd_News\/2025\/12\/17\/Severence-Colorado-28-foot-Santa-HOA-orders\/9521765991696\/\" target=\"_blank\" rel=\"sponsored noopener\" data-gtm-custom-categorie=\"navigation\" data-gtm-custom-action=\"crossclick\" data-gtm-custom-label=\"Contextuel\" data-gtm-event=\"customEventSPE\">UPI<\/a>. Loin d\u2019\u00eatre une nuisance selon elle, le g\u00e9ant rouge et blanc est devenu une curiosit\u00e9 du voisinage\u00a0: \u00ab Des automobilistes s\u2019arr\u00eatent pour prendre des photos avec leurs enfants.\u00a0\u00bb<\/p>\n<p>                                            <a class=\"fig-a11y-skip\" href=\"#fig-a11y-skip-main-inarticle\" data-module=\"a11y-skip\" data-context=\"was @visible\"><br \/>\n    Passer la publicit\u00e9<br \/>\n<\/a>            <\/p>\n<p class=\"fig-paragraph\">Mais l\u2019enthousiasme a \u00e9t\u00e9 de courte dur\u00e9e. Peu apr\u00e8s la mise en place de la d\u00e9coration, la famille a re\u00e7u un courrier de Fromm and Company, l\u2019organisme charg\u00e9 de g\u00e9rer la copropri\u00e9t\u00e9. Le message est sans d\u00e9tour\u00a0: le p\u00e8re No\u00ebl est jug\u00e9 trop imposant et doit \u00eatre retir\u00e9 imm\u00e9diatement, sous peine de sanctions financi\u00e8res.<\/p>\n<p>                                            \u00abJe n\u2019ai aucune raison de l\u2019enlever\u00bb<\/p>\n<p class=\"fig-paragraph\">Dora Flores conteste toutefois la d\u00e9cision. Selon elle, le r\u00e8glement de l\u2019association des propri\u00e9taires ne fixe aucune limite pr\u00e9cise concernant la hauteur des d\u00e9corations saisonni\u00e8res. Refusant de c\u00e9der, elle d\u00e9cide de maintenir son p\u00e8re No\u00ebl en place.<\/p>\n<p class=\"fig-paragraph\">Un bras de fer qui va rapidement d\u00e9passer le cadre familial. Plusieurs voisins prennent fait et cause pour la famille Flores. Certains contactent directement le syndic, d\u2019autres expriment leur soutien sur les r\u00e9seaux sociaux. Un riverain, Cody Bowden, choisit m\u00eame la provocation bon enfant en installant \u00e0 son tour un p\u00e8re No\u00ebl gonflable sur sa pelouse. \u00ab Je n\u2019ai aucune raison de l\u2019enlever. Je ne vois rien de choquant l\u00e0-dedans\u00a0\u00bb, affirme-t-il.<\/p>\n<p class=\"fig-paragraph\">Face \u00e0 cette mobilisation inattendue, le syndic finit par faire marche arri\u00e8re. Quelques jours plus tard, Dora Flores re\u00e7oit un appel de la direction de l\u2019association des propri\u00e9taires. \u00ab Ils se sont excus\u00e9s et nous ont expliqu\u00e9 qu\u2019il s\u2019agissait d\u2019une erreur. Nous avons finalement l\u2019autorisation de garder le p\u00e8re No\u00ebl\u00a0\u00bb, se r\u00e9jouit-elle, \u00e0 quelques jours de No\u00ebl.<\/p>\n","protected":false},"excerpt":{"rendered":"Un p\u00e8re No\u00ebl gonflable de 8,50 m\u00e8tres a sem\u00e9 la discorde dans un quartier r\u00e9sidentiel du Colorado. Somm\u00e9e&hellip;\n","protected":false},"author":2,"featured_media":615478,"comment_status":"","ping_status":"","sticky":false,"template":"","format":"standard","meta":{"footnotes":""},"categories":[5],"tags":[11,73,1011,27,14,12,15830,72607,28],"class_list":{"0":"post-615477","1":"post","2":"type-post","3":"status-publish","4":"format-standard","5":"has-post-thumbnail","7":"category-international","8":"tag-actualites","9":"tag-etats-unis","10":"tag-fr","11":"tag-france","12":"tag-international","13":"tag-news","14":"tag-noel","15":"tag-syndics","16":"tag-world"},"share_on_mastodon":{"url":"https:\/\/pubeurope.com\/@fr\/115762393648912613","error":""},"_links":{"self":[{"href":"https:\/\/www.europesays.com\/fr\/wp-json\/wp\/v2\/posts\/615477","targetHints":{"allow":["GET"]}}],"collection":[{"href":"https:\/\/www.europesays.com\/fr\/wp-json\/wp\/v2\/posts"}],"about":[{"href":"https:\/\/www.europesays.com\/fr\/wp-json\/wp\/v2\/types\/post"}],"author":[{"embeddable":true,"href":"https:\/\/www.europesays.com\/fr\/wp-json\/wp\/v2\/users\/2"}],"replies":[{"embeddable":true,"href":"https:\/\/www.europesays.com\/fr\/wp-json\/wp\/v2\/comments?post=615477"}],"version-history":[{"count":0,"href":"https:\/\/www.europesays.com\/fr\/wp-json\/wp\/v2\/posts\/615477\/revisions"}],"wp:featuredmedia":[{"embeddable":true,"href":"https:\/\/www.europesays.com\/fr\/wp-json\/wp\/v2\/media\/615478"}],"wp:attachment":[{"href":"https:\/\/www.europesays.com\/fr\/wp-json\/wp\/v2\/media?parent=615477"}],"wp:term":[{"taxonomy":"category","embeddable":true,"href":"https:\/\/www.europesays.com\/fr\/wp-json\/wp\/v2\/categories?post=615477"},{"taxonomy":"post_tag","embeddable":true,"href":"https:\/\/www.europesays.com\/fr\/wp-json\/wp\/v2\/tags?post=615477"}],"curies":[{"name":"wp","href":"https:\/\/api.w.org\/{rel}","templated":true}]}}