{"id":615483,"date":"2025-12-22T09:00:24","date_gmt":"2025-12-22T09:00:24","guid":{"rendered":"https:\/\/www.europesays.com\/fr\/615483\/"},"modified":"2025-12-22T09:00:24","modified_gmt":"2025-12-22T09:00:24","slug":"un-homme-de-49-ans-sauve","status":"publish","type":"post","link":"https:\/\/www.europesays.com\/fr\/615483\/","title":{"rendered":"un homme de 49 ans sauv\u00e9"},"content":{"rendered":"<p>                    Par<br \/>\n        <strong><br \/>\n            <a href=\"https:\/\/actu.fr\/auteur\/mathias-souteyrat\" title=\"Consulter tous les articles de Mathias Souteyrat\" target=\"_blank\" rel=\"noopener\">Mathias Souteyrat<\/a><br \/>\n                    <\/strong><\/p>\n<p>        Publi\u00e9 le<\/p>\n<p>            22 d\u00e9c. 2025 \u00e0 9h22        <\/p>\n<p>Un homme \u00e2g\u00e9 de 49\u00a0ans a \u00e9t\u00e9 sauv\u00e9 de la noyade par les sapeurs-pompiers et gendarmes samedi 20\u00a0d\u00e9cembre vers 20\u00a0heures dans la commune d\u2019<a href=\"https:\/\/actu.fr\/auvergne-rhone-alpes\/andrezieux-boutheon_42005\" target=\"_blank\" rel=\"noopener\">Andr\u00e9zieux-Bouth\u00e9on<\/a>, <strong>chemin Auguste Arsac<\/strong>, pr\u00e8s de <a href=\"https:\/\/actu.fr\/saint-etienne\/\" target=\"_blank\" rel=\"noopener\">Saint-Etienne<\/a>.<\/p>\n<p>Une tentative de suicide<\/p>\n<p class=\" wall-content\">Son utilitaire \u00e9tait en partie immerg\u00e9 dans le fleuve de la Loire. Son conducteur, <strong>conscient<\/strong> au moment du sauvetage, cherchait \u00e0 mettre fin \u00e0 ses jours.<\/p>\n<p class=\" wall-content\">La victime a \u00e9t\u00e9 extraite par les sapeurs-pompiers et les gendarmes. Il a \u00e9t\u00e9 transport\u00e9 m\u00e9dicalis\u00e9 vers le CH Nord st\u00e9phanois.<\/p>\n<p class=\" wall-content\">Un chef de groupe, une ambulance, une \u00e9quipe nautique et un fourgon incendie hors route, ainsi que 17 soldats du feu sont intervenus.<\/p>\n<p class=\" wall-content\">Personnalisez votre actualit\u00e9 en ajoutant vos villes et m\u00e9dias en favori avec <a href=\"https:\/\/moncompte.actu.fr\" title=\"D\u00e9couvez Mon Actu\" rel=\"nofollow noopener\" data-trk=\"{&quot;cta&quot;:{&quot;action&quot;:&quot;https:\\\/\\\/moncompte.actu.fr&quot;,&quot;category&quot;:&quot;mon compte&quot;,&quot;from&quot;:&quot;article footer&quot;,&quot;name&quot;:&quot;Mon actu&quot;,&quot;type&quot;:&quot;cta&quot;}}\" target=\"_blank\">Mon Actu<\/a>.<\/p>\n","protected":false},"excerpt":{"rendered":"Par Mathias Souteyrat Publi\u00e9 le 22 d\u00e9c. 2025 \u00e0 9h22 Un homme \u00e2g\u00e9 de 49\u00a0ans a \u00e9t\u00e9 sauv\u00e9&hellip;\n","protected":false},"author":2,"featured_media":615484,"comment_status":"","ping_status":"","sticky":false,"template":"","format":"standard","meta":{"footnotes":""},"categories":[9653],"tags":[1111,11,2430,1777,674,118,1011,27,3381,12,1311,25,4001],"class_list":{"0":"post-615483","1":"post","2":"type-post","3":"status-publish","4":"format-standard","5":"has-post-thumbnail","7":"category-saint-etienne","8":"tag-actu","9":"tag-actualites","10":"tag-auvergne-rhone-alpes","11":"tag-eu","12":"tag-europe","13":"tag-faits-divers","14":"tag-fr","15":"tag-france","16":"tag-gendarmerie","17":"tag-news","18":"tag-pompiers","19":"tag-republique-francaise","20":"tag-saint-etienne"},"share_on_mastodon":{"url":"https:\/\/pubeurope.com\/@fr\/115762405255998870","error":""},"_links":{"self":[{"href":"https:\/\/www.europesays.com\/fr\/wp-json\/wp\/v2\/posts\/615483","targetHints":{"allow":["GET"]}}],"collection":[{"href":"https:\/\/www.europesays.com\/fr\/wp-json\/wp\/v2\/posts"}],"about":[{"href":"https:\/\/www.europesays.com\/fr\/wp-json\/wp\/v2\/types\/post"}],"author":[{"embeddable":true,"href":"https:\/\/www.europesays.com\/fr\/wp-json\/wp\/v2\/users\/2"}],"replies":[{"embeddable":true,"href":"https:\/\/www.europesays.com\/fr\/wp-json\/wp\/v2\/comments?post=615483"}],"version-history":[{"count":0,"href":"https:\/\/www.europesays.com\/fr\/wp-json\/wp\/v2\/posts\/615483\/revisions"}],"wp:featuredmedia":[{"embeddable":true,"href":"https:\/\/www.europesays.com\/fr\/wp-json\/wp\/v2\/media\/615484"}],"wp:attachment":[{"href":"https:\/\/www.europesays.com\/fr\/wp-json\/wp\/v2\/media?parent=615483"}],"wp:term":[{"taxonomy":"category","embeddable":true,"href":"https:\/\/www.europesays.com\/fr\/wp-json\/wp\/v2\/categories?post=615483"},{"taxonomy":"post_tag","embeddable":true,"href":"https:\/\/www.europesays.com\/fr\/wp-json\/wp\/v2\/tags?post=615483"}],"curies":[{"name":"wp","href":"https:\/\/api.w.org\/{rel}","templated":true}]}}