{"id":615490,"date":"2025-12-22T09:06:16","date_gmt":"2025-12-22T09:06:16","guid":{"rendered":"https:\/\/www.europesays.com\/fr\/615490\/"},"modified":"2025-12-22T09:06:16","modified_gmt":"2025-12-22T09:06:16","slug":"romain-buros-salue-un-gros-match-defensif","status":"publish","type":"post","link":"https:\/\/www.europesays.com\/fr\/615490\/","title":{"rendered":"Romain Buros salue \u00abun gros match d\u00e9fensif\u00bb"},"content":{"rendered":"<p>\n    L\u2019UBB a frapp\u00e9 fort dimanche soir face \u00e0 Toulon et s\u2019est replac\u00e9e sur le podium du Top 14.<\/p>\n<p class=\"fig-paragraph\">L\u2019UBB n\u2019a laiss\u00e9 aucune chance<a href=\"http:\/\/www.lefigaro.fr\/sports\/rugby\/top-14\/dans-un-match-a-sens-unique-l-ubb-roule-sur-toulon-et-retrouve-le-podium-20251221\" data-fig-type=\"NewsFlash\" data-gtm-custom-categorie=\"navigation\" data-gtm-custom-action=\"crossclick\" data-gtm-custom-label=\"Contextuel\" data-gtm-event=\"customEventSPE\" data-fig-domain=\"LEFIGARO\" target=\"_blank\" rel=\"noopener\">\u00a0\u00e0 Toulon<\/a>\u00a0(46-7) en cl\u00f4ture de la 12e journ\u00e9e du Top 14. Dominants dans tous les secteurs, les Bordelais ont \u00e9touff\u00e9 les Varois et\u00a0<a href=\"https:\/\/www.lefigaro.fr\/sports\/rugby\/top-14\/classement\" target=\"_blank\" rel=\"sponsored noopener\" data-gtm-custom-categorie=\"navigation\" data-gtm-custom-action=\"crossclick\" data-gtm-custom-label=\"Contextuel\" data-gtm-event=\"customEventSPE\">retrouvent le podium<\/a>\u00a0gr\u00e2ce notamment \u00abaux avants qui ont fait un gros match\u00bb comme le souligne Romain Buros.<\/p>\n<p class=\"fig-paragraph\">\u00abOn peut f\u00e9liciter les avants qui ont fait un gros, gros match d\u00e9fensif notamment en premi\u00e8re mi-temps\u00bb, r\u00e9agissait l\u2019arri\u00e8re bordelais apr\u00e8s le rencontre. \u00abOn a su les \u00e9puiser et les emp\u00eacher de trouver des solutions et on a su faire parler notre vitesse sur des ballons rapides comme on sait le faire. Le bon point ce soir, est de n&rsquo;avoir pris que 7 points. On recolle au wagon de t\u00eate.\u00bb ajoutait Romain Buros, lucide malgr\u00e9 l\u2019ampleur du succ\u00e8s.<\/p>\n<p>                                            <a class=\"fig-a11y-skip\" href=\"#fig-a11y-skip-main-inarticle\" data-module=\"a11y-skip\" data-context=\"was @visible\"><br \/>\n    Passer la publicit\u00e9<br \/>\n<\/a>            <\/p>\n<p class=\"fig-paragraph\">En face, Pierre Mignoni n\u2019a pas cherch\u00e9 d\u2019excuses. \u00abBordeaux a fait un tr\u00e8s grand match et on n&rsquo;a pas \u00e9t\u00e9 \u00e0 la hauteur. Merci, au revoir\u00bb, l\u00e2chait le manager toulonnais, d\u00e9\u00e7u par \u00abdeux visages\u00bb, montr\u00e9 par son \u00e9quipe en l\u2019espace d\u2019une semaine.<\/p>\n","protected":false},"excerpt":{"rendered":"L\u2019UBB a frapp\u00e9 fort dimanche soir face \u00e0 Toulon et s\u2019est replac\u00e9e sur le podium du Top 14.&hellip;\n","protected":false},"author":2,"featured_media":615491,"comment_status":"","ping_status":"","sticky":false,"template":"","format":"standard","meta":{"footnotes":""},"categories":[9619],"tags":[1111,11,1777,674,1011,27,12,882,3461,25,2310,4364],"class_list":{"0":"post-615490","1":"post","2":"type-post","3":"status-publish","4":"format-standard","5":"has-post-thumbnail","7":"category-toulon","8":"tag-actu","9":"tag-actualites","10":"tag-eu","11":"tag-europe","12":"tag-fr","13":"tag-france","14":"tag-news","15":"tag-provence-alpes-cote-dazur","16":"tag-rct","17":"tag-republique-francaise","18":"tag-toulon","19":"tag-ubb"},"share_on_mastodon":{"url":"https:\/\/pubeurope.com\/@fr\/115762428948833644","error":""},"_links":{"self":[{"href":"https:\/\/www.europesays.com\/fr\/wp-json\/wp\/v2\/posts\/615490","targetHints":{"allow":["GET"]}}],"collection":[{"href":"https:\/\/www.europesays.com\/fr\/wp-json\/wp\/v2\/posts"}],"about":[{"href":"https:\/\/www.europesays.com\/fr\/wp-json\/wp\/v2\/types\/post"}],"author":[{"embeddable":true,"href":"https:\/\/www.europesays.com\/fr\/wp-json\/wp\/v2\/users\/2"}],"replies":[{"embeddable":true,"href":"https:\/\/www.europesays.com\/fr\/wp-json\/wp\/v2\/comments?post=615490"}],"version-history":[{"count":0,"href":"https:\/\/www.europesays.com\/fr\/wp-json\/wp\/v2\/posts\/615490\/revisions"}],"wp:featuredmedia":[{"embeddable":true,"href":"https:\/\/www.europesays.com\/fr\/wp-json\/wp\/v2\/media\/615491"}],"wp:attachment":[{"href":"https:\/\/www.europesays.com\/fr\/wp-json\/wp\/v2\/media?parent=615490"}],"wp:term":[{"taxonomy":"category","embeddable":true,"href":"https:\/\/www.europesays.com\/fr\/wp-json\/wp\/v2\/categories?post=615490"},{"taxonomy":"post_tag","embeddable":true,"href":"https:\/\/www.europesays.com\/fr\/wp-json\/wp\/v2\/tags?post=615490"}],"curies":[{"name":"wp","href":"https:\/\/api.w.org\/{rel}","templated":true}]}}