{"id":615492,"date":"2025-12-22T09:07:14","date_gmt":"2025-12-22T09:07:14","guid":{"rendered":"https:\/\/www.europesays.com\/fr\/615492\/"},"modified":"2025-12-22T09:07:14","modified_gmt":"2025-12-22T09:07:14","slug":"il-setait-introduit-chez-son-ex-en-passant-sous-le-volet-lui-envoyait-des-sms-menacants-et-orduriers-une-caricature-du-violent-conjugal","status":"publish","type":"post","link":"https:\/\/www.europesays.com\/fr\/615492\/","title":{"rendered":"Il s\u2019\u00e9tait introduit chez son ex en passant sous le volet, lui envoyait des SMS mena\u00e7ants et orduriers\u00a0: \u00ab\u00a0Une caricature du violent conjugal\u00a0\u00bb"},"content":{"rendered":"<p>\n                                                                Il n\u2019a pas support\u00e9 la rupture avec son ex-compagne. Un homme de 30 ans \u00e9tait jug\u00e9 vendredi 19\u00a0d\u00e9cembre au tribunal correctionnel de Montpellier pour menace de mort, appels malveillants, violation de domicile et d\u00e9tention d\u2019arme.\n                            <\/p>\n<p>Un d\u00e9ferlement de propos salaces et violents, par SMS et messages vocaux, adress\u00e9s pendant des mois \u00e0 son ex-compagne. En lisant \u00e0 l\u2019audience ces tombereaux d\u2019injures plus obsc\u00e8nes les unes que les autres, la pr\u00e9sidente du tribunal correctionnel, Sandrine Lalande, ne cache pas son effarement.<\/p>\n<p>\u00ab\u00a0Je vais t\u2019arracher la t\u00eate\u00a0\u00bb<\/p>\n<p>\u00ab\u00a0Qui vous a appris \u00e0 parler comme \u00e7a \u00e0 une femme\u00a0? Comment pouvez-vous souhaiter sa mort\u00a0?\u00a0\u00bb, demande-t-elle au Pisc\u00e9nois de 30 ans qui, par d\u00e9pit amoureux, n\u2019a pas h\u00e9sit\u00e9 \u00e0 envoyer \u00e0 la jeune femme, domicili\u00e9e \u00e0 Montagnac\u00a0: \u00ab\u00a0Je suis calibr\u00e9. Je vais t\u2019exploser la t\u00eate \u00e0 coups de poing\u00a0\u00bb ou encore \u00ab\u00a0je vais t\u2019arracher la t\u00eate la prochaine fois que je te vois\u00a0\u00bb.<\/p>\n<p>\u00ab\u00a0Je regrette beaucoup de lui avoir parl\u00e9 comme \u00e7a\u00a0\u00bb, r\u00e9pond l\u2019int\u00e9ress\u00e9, qui reconna\u00eet avoir mal v\u00e9cu cette s\u00e9paration. \u00ab\u00a0J\u2019\u00e9tais pas bien. J\u2019ai p\u00e9t\u00e9 les plombs. \u00c7a ne refl\u00e8te pas la personne que je suis\u00a0\u00bb. \u00ab\u00a0Si monsieur\u00a0! \u00c7a a dur\u00e9 de juillet \u00e0 octobre\u00a02025\u00a0!\u00a0\u00bb, lui r\u00e9torque la pr\u00e9sidente, qui tente de faire r\u00e9aliser\u00a0au pr\u00e9venu, la peur qu\u2019il a suscit\u00e9e\u00a0chez son ex. \u00ab\u00a0Elle, elle ne sait pas si c\u2019est du vent ou des mots\u00a0que vous allez mettre \u00e0 ex\u00e9cution\u00a0!\u00a0\u00bb.<\/p>\n<p>Il s\u2019introduit chez elle la nuit<\/p>\n<p>L\u2019acharnement du jeune homme fait froid dans le dos. De 30 \u00e0 100 appels par jour. Elle bloque son num\u00e9ro\u00a0? Il ach\u00e8te des cartes pr\u00e9pay\u00e9es pour continuer \u00e0 la joindre avec des num\u00e9ros diff\u00e9rents. Elle le bloque sur les r\u00e9seaux sociaux\u00a0? Il s\u2019introduit chez elle, pendant la nuit, le 24\u00a0septembre dernier, en se glissant sous un volet roulant. \u00ab\u00a0Elle ne veut plus de vous\u00a0! Vous n\u2019avez rien \u00e0 faire l\u00e0\u00a0!\u00a0\u00bb, lui signifie la pr\u00e9sidente, alors que le trentenaire tend \u00e0 minimiser syst\u00e9matiquement les faits.<\/p>\n<p>La procureure, Estelle Bois, en est exasp\u00e9r\u00e9e dans son r\u00e9quisitoire\u00a0: \u00ab\u00a0C\u2019est dramatique \u00e0 quel point on essaie de lui faire prendre conscience et on retombe \u00e0 la case d\u00e9part. C\u2019est une caricature du violent conjugal sur tous les plans\u00a0!\u00a0\u00bb L\u00e0 o\u00f9 on attendrait une remise en question, le Pisc\u00e9nois met en cause, en filigrane, son ex-compagne\u00a0: \u00ab\u00a0Dans une future relation, je choisirai une personnalit\u00e9 diff\u00e9rente.\u00a0\u00bb\u00a0La repr\u00e9sentante du minist\u00e8re public regrette qu\u2019une expertise psychiatrique n\u2019ait pas \u00e9t\u00e9 effectu\u00e9e.<\/p>\n<p>Une arme d\u00e9couverte \u00e0 son domicile<\/p>\n<p>L\u2019affaire a pris un tour plus inqui\u00e9tant encore lorsqu\u2019au cours de l\u2019enqu\u00eate, les gendarmes ont d\u00e9couvert une arme cach\u00e9e sous un olivier, dans le jardin du Pisc\u00e9nois, qui a pourtant interdiction d\u2019en d\u00e9tenir une, \u00e0 la\u00a0suite\u00a0d\u2019une pr\u00e9c\u00e9dente condamnation. Ce qui lui vaut d\u2019\u00eatre \u00e9galement poursuivi pour cela.<\/p>\n<p>La d\u00e9fense sur plusieurs fronts<\/p>\n<p>Son avocat, met en avant \u00ab\u00a0le contexte particuli\u00e8rement horrible\u00a0\u00bb dans lequel a grandi le jeune homme, au sein d\u2019une famille d\u00e9chir\u00e9e. Un \u00e9l\u00e9ment pour comprendre son profil. Il pointe par ailleurs que la victime a, elle aussi, contact\u00e9 de multiples fois le pr\u00e9venu par t\u00e9l\u00e9phone. Ou encore, qu\u2019elle ne s\u2019est pas pr\u00e9sent\u00e9e \u00e0 l\u2019unit\u00e9 m\u00e9dico-judiciaire pour faire attester les violences qu\u2019elle dit avoir subies.<\/p>\n<p>Il admet \u00ab\u00a0la personnalit\u00e9 violente\u00a0\u00bb de son client, \u00ab\u00a0mais dans les gestes, on n\u2019a rien.\u00a0On se sert de faits qui ne sont pas clairement \u00e9tablis pour solliciter une peine tr\u00e8s lourde\u00a0\u00bb. En l\u2019occurrence, pr\u00e8s de trois ans de prison ferme, incluant la r\u00e9vocation de deux condamnations pr\u00e9c\u00e9dentes avec sursis, requis par le minist\u00e8re public.<\/p>\n<p>Incarc\u00e9ration imm\u00e9diate<\/p>\n<p>Le tribunal, apr\u00e8s avoir d\u00e9lib\u00e9r\u00e9, a effectivement prononc\u00e9 deux ans de prison ferme et la r\u00e9vocation de deux sursis de 3 mois et 8 mois, avec incarc\u00e9ration imm\u00e9diate. Le trentenaire est \u00e9galement condamn\u00e9 \u00e0 une interdiction de port d\u2019arme pendant quinze ans, et \u00e0 une interdiction d\u2019approcher la victime pendant trois ans.<\/p>\n","protected":false},"excerpt":{"rendered":"Il n\u2019a pas support\u00e9 la rupture avec son ex-compagne. Un homme de 30 ans \u00e9tait jug\u00e9 vendredi 19\u00a0d\u00e9cembre&hellip;\n","protected":false},"author":2,"featured_media":615493,"comment_status":"","ping_status":"","sticky":false,"template":"","format":"standard","meta":{"footnotes":""},"categories":[9599],"tags":[1111,11,1777,674,1011,27,7089,303,2208,12,2680,25],"class_list":{"0":"post-615492","1":"post","2":"type-post","3":"status-publish","4":"format-standard","5":"has-post-thumbnail","7":"category-montpellier","8":"tag-actu","9":"tag-actualites","10":"tag-eu","11":"tag-europe","12":"tag-fr","13":"tag-france","14":"tag-herault","15":"tag-justice","16":"tag-montpellier","17":"tag-news","18":"tag-occitanie","19":"tag-republique-francaise"},"share_on_mastodon":{"url":"https:\/\/pubeurope.com\/@fr\/115762432940548060","error":""},"_links":{"self":[{"href":"https:\/\/www.europesays.com\/fr\/wp-json\/wp\/v2\/posts\/615492","targetHints":{"allow":["GET"]}}],"collection":[{"href":"https:\/\/www.europesays.com\/fr\/wp-json\/wp\/v2\/posts"}],"about":[{"href":"https:\/\/www.europesays.com\/fr\/wp-json\/wp\/v2\/types\/post"}],"author":[{"embeddable":true,"href":"https:\/\/www.europesays.com\/fr\/wp-json\/wp\/v2\/users\/2"}],"replies":[{"embeddable":true,"href":"https:\/\/www.europesays.com\/fr\/wp-json\/wp\/v2\/comments?post=615492"}],"version-history":[{"count":0,"href":"https:\/\/www.europesays.com\/fr\/wp-json\/wp\/v2\/posts\/615492\/revisions"}],"wp:featuredmedia":[{"embeddable":true,"href":"https:\/\/www.europesays.com\/fr\/wp-json\/wp\/v2\/media\/615493"}],"wp:attachment":[{"href":"https:\/\/www.europesays.com\/fr\/wp-json\/wp\/v2\/media?parent=615492"}],"wp:term":[{"taxonomy":"category","embeddable":true,"href":"https:\/\/www.europesays.com\/fr\/wp-json\/wp\/v2\/categories?post=615492"},{"taxonomy":"post_tag","embeddable":true,"href":"https:\/\/www.europesays.com\/fr\/wp-json\/wp\/v2\/tags?post=615492"}],"curies":[{"name":"wp","href":"https:\/\/api.w.org\/{rel}","templated":true}]}}