{"id":615496,"date":"2025-12-22T09:09:15","date_gmt":"2025-12-22T09:09:15","guid":{"rendered":"https:\/\/www.europesays.com\/fr\/615496\/"},"modified":"2025-12-22T09:09:15","modified_gmt":"2025-12-22T09:09:15","slug":"a-rouen-les-passants-sont-ils-plus-genereux-avec-les-sdf-pendant-les-fetes-on-a-demande-aux-gens-de-la-rue","status":"publish","type":"post","link":"https:\/\/www.europesays.com\/fr\/615496\/","title":{"rendered":"\u00c0 Rouen, les passants sont-ils plus g\u00e9n\u00e9reux avec les SDF pendant les f\u00eates ? On a demand\u00e9 aux gens de la rue"},"content":{"rendered":"<p>                    Par<br \/>\n        <strong><br \/>\n            <a href=\"https:\/\/actu.fr\/auteur\/lily-dedeye\" title=\"Consulter tous les articles de Lily Dedeye\" target=\"_blank\" rel=\"noopener\">Lily Dedeye<\/a><br \/>\n                    <\/strong><\/p>\n<p>        Publi\u00e9 le<\/p>\n<p>            22 d\u00e9c. 2025 \u00e0 7h02        <\/p>\n<p><img decoding=\"async\" loading=\"lazy\" src=\"https:\/\/www.europesays.com\/fr\/wp-content\/uploads\/2025\/12\/img-3421-960x640.jpg\" alt=\"Cissou et Teddy, sans domiciles fixes, r\u00e9ussissent \u00e0 faire no\u00ebl gr\u00e2ce aux dons de multiples Rouennais\" width=\"960\" height=\"640\"\/>Cissou et Teddy, sans domiciles fixes, r\u00e9ussissent \u00e0 faire no\u00ebl gr\u00e2ce aux dons de multiples Rouennais (\u00a9Lily Dedeye)<\/p>\n<p class=\" wall-content\">Sur le <a href=\"https:\/\/actu.fr\/normandie\/rouen_76540\/patinoire-ephemere-grande-parade-illuminations-le-programme-des-animations-de-noel-a-rouen_63473134.html\" target=\"_blank\" rel=\"noopener\">march\u00e9 de No\u00ebl de Rouen<\/a>, en ce vendredi 12 d\u00e9cembre, Julie fait la manche.\u00a0 A quelques pas de l\u00e0, Cissou et Teddy attendent aussi de leur c\u00f4t\u00e9 quelques c\u0153urs g\u00e9n\u00e9reux. En cette p\u00e9riode de f\u00eates de fin d\u2019ann\u00e9e, de nombreuses familles sont dehors et font leurs empl\u00e8tes, l\u2019occasion pour certaines de s\u2019arr\u00eater et faire un don \u00e0 ces jeunes \u00e0 la rue. Alors, <strong>la magie de No\u00ebl rend-t-elle plus les g\u00e9n\u00e9reux?<\/strong> La mendicit\u00e9 marche-t-elle mieux pendant les f\u00eates ? C\u2019est ce que nous sommes all\u00e9s leur demander.\u00a0<\/p>\n<p>De l\u2019argent oui, \u00ab\u00a0du simple au double\u00a0\u00bb<\/p>\n<p class=\" wall-content\">Pour Cassandra, la p\u00e9riode de f\u00eates est un moment propice \u00e0 la mendicit\u00e9. \u00ab\u00a0Je gagne plus d\u2019argent oui, <strong>du simple au double<\/strong>. Cela me permet de nourrir mon chien et faire aussi des cadeaux \u00e0 ma famille\u00a0\u00bb, explique-t-elle.\u00a0<\/p>\n<p class=\" wall-content\">Ma\u00eblle, jeune commer\u00e7ante sur le march\u00e9 de Rouen confirme : \u00ab\u00a0Au moment des f\u00eates, sur le march\u00e9 de No\u00ebl, on a souvent des sans abri qui viennent nous redonner des <strong>verres consign\u00e9s<\/strong>. Je pense que c\u2019est une bonne fa\u00e7on pour eux de se faire un peu plus d\u2019argent que d\u2019habitude, et ne pas forc\u00e9ment attendre que quelqu\u2019un leur d\u00e9pose une pi\u00e8ce\u00a0\u00bb.<\/p>\n<p>Des cadeaux en abondance<\/p>\n<p class=\" wall-content\">Mais pour Cissou et Teddy, ce n\u2019est pas tellement une question d\u2019argent. \u00ab\u00a0Nous ce que l\u2019on gagne est tr\u00e8s al\u00e9atoire tous les jours de l\u2019ann\u00e9e, m\u00eame le jour de No\u00ebl. En revanche, les gens nous am\u00e8nent <strong>plein de cadeaux<\/strong>. Je ne connais pas une seule personne dans la rue qui m\u2019ait dit qu\u2019elle n\u2019avait pas eu de cadeaux pour No\u00ebl. Les gens sont tr\u00e8s g\u00e9n\u00e9reux. Parfois on est m\u00eame oblig\u00e9 de refuser !\u00a0\u00bb, t\u00e9moigne Teddy.\u00a0<\/p>\n<p class=\" wall-content\">\u00ab\u00a0Les associations nous ram\u00e8nent des produits d\u2019hygi\u00e8ne, de la nourriture, du chocolat. <strong>M\u00eame les particuliers viennent de leur propre initiative<\/strong> nous apporter des pr\u00e9sents, des couvertures, des objets du march\u00e9 de No\u00ebl, des vivres, du vin chaud. En g\u00e9n\u00e9ral on met tout en commun le soir de no\u00ebl avec nos amis de la rue et on passe cette soir\u00e9e ensemble. Cela nous \u00e9vite d\u2019\u00eatre tout seul !\u00a0\u00bb, relate Cissou.<\/p>\n<blockquote class=\"ac-article-quote wall-content\">\n<p>Un jour, une ma\u00eetresse m&rsquo;a apport\u00e9 des petits mots qu&rsquo;elle avait confectionn\u00e9 avec ses \u00e9l\u00e8ves. Cela m&rsquo;a marqu\u00e9. Les gens veulent vraiment nous faire plaisir.<\/p>\n<p>    <strong>Cissou<\/strong><br \/>\n        Sans Domicile Fixe    <\/p><\/blockquote>\n<p>Votre r\u00e9gion, votre actu !<\/p>\n<p>Recevez chaque jour les infos qui comptent pour vous.<\/p>\n<p>\t<a href=\"https:\/\/actu.fr\/newsletter\" class=\"ac-btn ac-btn--corner ac-btn--medium ac-btn--blue800\" target=\"_blank\" rel=\"noopener\">S&rsquo;incrire<\/a><br \/>\nDonner de son temps<\/p>\n<p class=\" wall-content\">Selon les sans abri, le soir de No\u00ebl est \u00e9galement le moment pour des particuliers et associations de donner de leur temps. \u00ab\u00a0Il y a \u00e9norm\u00e9ment de maraudes organis\u00e9es et pas uniquement par des associations !\u00a0\u00bb, explique Cissou. \u00ab Beaucoup de particuliers viennent avec des amis pour nous apporter des choses de bon c\u0153ur et<strong> passer un moment avec nous <\/strong>\u00bb, confirme Teddy.<\/p>\n<p class=\" wall-content\">Sarah, une \u00e9tudiante se promenant sur le march\u00e9 en cette p\u00e9riode de f\u00eates fait partie de ces c\u0153urs g\u00e9n\u00e9reux. \u00ab\u00a0Je donne r\u00e9guli\u00e8rement \u00e0 No\u00ebl. J\u2019ai souvent <strong>plus de monnaie<\/strong> ou en sortant des magasins, il m\u2019arrive de faire des cadeaux. Mais le mieux reste la maraude. Il faut aussi passer du temps avec eux, ils sont souvent seuls, dans le froid, \u00e7a leur fait du bien.\u00a0\u00bb<\/p>\n<blockquote class=\"ac-article-quote wall-content\">\n<p>C&rsquo;est No\u00ebl, tout le monde a le droit \u00e0 un cadeau !<\/p>\n<p>    <strong>Sarah<\/strong><br \/>\n        \u00e9tudiante    <\/p><\/blockquote>\n<p class=\" wall-content\">Alors, la mendicit\u00e9 marche-t-elle mieux pendant les f\u00eates ? La r\u00e9ponse est oui, surtout le soir du r\u00e9veillon. Comme quoi, pour tout le monde, <strong>la magie de No\u00ebl op\u00e8re<\/strong> !\u00a0<\/p>\n<p>Suivez l\u2019actualit\u00e9 de Rouen <a href=\"https:\/\/www.whatsapp.com\/channel\/0029VaKfnf99hXF2ddApFB1D\" target=\"_blank\" rel=\"noopener\">sur notre cha\u00eene WhatsApp<\/a> et <a href=\"https:\/\/www.tiktok.com\/@76actu.fr?lang=fr\" target=\"_blank\" rel=\"noopener\">sur notre compte TikTok<\/a><\/p>\n<p class=\" wall-content\">Personnalisez votre actualit\u00e9 en ajoutant vos villes et m\u00e9dias en favori avec <a href=\"https:\/\/moncompte.actu.fr\" title=\"D\u00e9couvez Mon Actu\" rel=\"nofollow noopener\" data-trk=\"{&quot;cta&quot;:{&quot;action&quot;:&quot;https:\\\/\\\/moncompte.actu.fr&quot;,&quot;category&quot;:&quot;mon compte&quot;,&quot;from&quot;:&quot;article footer&quot;,&quot;name&quot;:&quot;Mon actu&quot;,&quot;type&quot;:&quot;cta&quot;}}\" target=\"_blank\">Mon Actu<\/a>.<\/p>\n<p>                    <script async src=\"\/\/www.tiktok.com\/embed.js\"><\/script><\/p>\n","protected":false},"excerpt":{"rendered":"Par Lily Dedeye Publi\u00e9 le 22 d\u00e9c. 2025 \u00e0 7h02 Cissou et Teddy, sans domiciles fixes, r\u00e9ussissent \u00e0&hellip;\n","protected":false},"author":2,"featured_media":615497,"comment_status":"","ping_status":"","sticky":false,"template":"","format":"standard","meta":{"footnotes":""},"categories":[9587],"tags":[1111,11,1777,674,1011,27,12,15830,5161,25,9590,104,3400],"class_list":{"0":"post-615496","1":"post","2":"type-post","3":"status-publish","4":"format-standard","5":"has-post-thumbnail","7":"category-rouen","8":"tag-actu","9":"tag-actualites","10":"tag-eu","11":"tag-europe","12":"tag-fr","13":"tag-france","14":"tag-news","15":"tag-noel","16":"tag-normandie","17":"tag-republique-francaise","18":"tag-rouen","19":"tag-societe","20":"tag-solidarite"},"share_on_mastodon":{"url":"https:\/\/pubeurope.com\/@fr\/115762441751972180","error":""},"_links":{"self":[{"href":"https:\/\/www.europesays.com\/fr\/wp-json\/wp\/v2\/posts\/615496","targetHints":{"allow":["GET"]}}],"collection":[{"href":"https:\/\/www.europesays.com\/fr\/wp-json\/wp\/v2\/posts"}],"about":[{"href":"https:\/\/www.europesays.com\/fr\/wp-json\/wp\/v2\/types\/post"}],"author":[{"embeddable":true,"href":"https:\/\/www.europesays.com\/fr\/wp-json\/wp\/v2\/users\/2"}],"replies":[{"embeddable":true,"href":"https:\/\/www.europesays.com\/fr\/wp-json\/wp\/v2\/comments?post=615496"}],"version-history":[{"count":0,"href":"https:\/\/www.europesays.com\/fr\/wp-json\/wp\/v2\/posts\/615496\/revisions"}],"wp:featuredmedia":[{"embeddable":true,"href":"https:\/\/www.europesays.com\/fr\/wp-json\/wp\/v2\/media\/615497"}],"wp:attachment":[{"href":"https:\/\/www.europesays.com\/fr\/wp-json\/wp\/v2\/media?parent=615496"}],"wp:term":[{"taxonomy":"category","embeddable":true,"href":"https:\/\/www.europesays.com\/fr\/wp-json\/wp\/v2\/categories?post=615496"},{"taxonomy":"post_tag","embeddable":true,"href":"https:\/\/www.europesays.com\/fr\/wp-json\/wp\/v2\/tags?post=615496"}],"curies":[{"name":"wp","href":"https:\/\/api.w.org\/{rel}","templated":true}]}}