{"id":615498,"date":"2025-12-22T09:11:16","date_gmt":"2025-12-22T09:11:16","guid":{"rendered":"https:\/\/www.europesays.com\/fr\/615498\/"},"modified":"2025-12-22T09:11:16","modified_gmt":"2025-12-22T09:11:16","slug":"seine-maritime-un-train-percute-un-arbre-la-ligne-rouen-dieppe-a-larret-pendant-une-demi-heure","status":"publish","type":"post","link":"https:\/\/www.europesays.com\/fr\/615498\/","title":{"rendered":"Seine-Maritime. Un train percute un arbre, la ligne Rouen Dieppe \u00e0 l&rsquo;arr\u00eat pendant une demi-heure"},"content":{"rendered":"<p melodystyle=\"texte\">Un arbre sur la voie a \u00e9t\u00e9 heurt\u00e9 par un train entre Cl\u00e8res et Malaunay sur la ligne Rouen Dieppe, lundi 22\u00a0d\u00e9cembre peu avant 6h. La circulation des trains a \u00e9t\u00e9 interrompue sur cette ligne le temps des premi\u00e8res constatations de s\u00e9curit\u00e9 sur les voies. Le conducteur de la rame n&rsquo;a rien constat\u00e9 sur son train et le heurt a d\u00e9gag\u00e9 l&rsquo;arbre des voies. La circulation a pu reprendre progressivement sur la ligne Rouen Dieppe vers 6h30. Un train a \u00e9t\u00e9 supprim\u00e9.<\/p>\n","protected":false},"excerpt":{"rendered":"Un arbre sur la voie a \u00e9t\u00e9 heurt\u00e9 par un train entre Cl\u00e8res et Malaunay sur la ligne&hellip;\n","protected":false},"author":2,"featured_media":615499,"comment_status":"","ping_status":"","sticky":false,"template":"","format":"standard","meta":{"footnotes":""},"categories":[9587],"tags":[1111,11,1777,674,1011,27,12,5161,25,9590],"class_list":{"0":"post-615498","1":"post","2":"type-post","3":"status-publish","4":"format-standard","5":"has-post-thumbnail","7":"category-rouen","8":"tag-actu","9":"tag-actualites","10":"tag-eu","11":"tag-europe","12":"tag-fr","13":"tag-france","14":"tag-news","15":"tag-normandie","16":"tag-republique-francaise","17":"tag-rouen"},"share_on_mastodon":{"url":"","error":""},"_links":{"self":[{"href":"https:\/\/www.europesays.com\/fr\/wp-json\/wp\/v2\/posts\/615498","targetHints":{"allow":["GET"]}}],"collection":[{"href":"https:\/\/www.europesays.com\/fr\/wp-json\/wp\/v2\/posts"}],"about":[{"href":"https:\/\/www.europesays.com\/fr\/wp-json\/wp\/v2\/types\/post"}],"author":[{"embeddable":true,"href":"https:\/\/www.europesays.com\/fr\/wp-json\/wp\/v2\/users\/2"}],"replies":[{"embeddable":true,"href":"https:\/\/www.europesays.com\/fr\/wp-json\/wp\/v2\/comments?post=615498"}],"version-history":[{"count":0,"href":"https:\/\/www.europesays.com\/fr\/wp-json\/wp\/v2\/posts\/615498\/revisions"}],"wp:featuredmedia":[{"embeddable":true,"href":"https:\/\/www.europesays.com\/fr\/wp-json\/wp\/v2\/media\/615499"}],"wp:attachment":[{"href":"https:\/\/www.europesays.com\/fr\/wp-json\/wp\/v2\/media?parent=615498"}],"wp:term":[{"taxonomy":"category","embeddable":true,"href":"https:\/\/www.europesays.com\/fr\/wp-json\/wp\/v2\/categories?post=615498"},{"taxonomy":"post_tag","embeddable":true,"href":"https:\/\/www.europesays.com\/fr\/wp-json\/wp\/v2\/tags?post=615498"}],"curies":[{"name":"wp","href":"https:\/\/api.w.org\/{rel}","templated":true}]}}