{"id":615500,"date":"2025-12-22T09:13:15","date_gmt":"2025-12-22T09:13:15","guid":{"rendered":"https:\/\/www.europesays.com\/fr\/615500\/"},"modified":"2025-12-22T09:13:15","modified_gmt":"2025-12-22T09:13:15","slug":"grenoble-les-policiers-font-feu-sur-un-homme-arme-dun-couteau-pres-du-parc-paul-mistral","status":"publish","type":"post","link":"https:\/\/www.europesays.com\/fr\/615500\/","title":{"rendered":"Grenoble. Les policiers font feu sur un homme arm\u00e9 d&rsquo;un couteau pr\u00e8s du parc Paul-Mistral"},"content":{"rendered":"<p>Les policiers grenoblois sont intervenus ce lundi 22 d\u00e9cembre, peu apr\u00e8s 9 heures, sur le boulevard Jean-Pain \u00e0 Grenoble o\u00f9 un homme arm\u00e9 d&rsquo;un couteau leur avait \u00e9t\u00e9 signal\u00e9.<\/p>\n<p>Rapidement sur place, les fonctionnaires de la compagnie d\u00e9partementale d&rsquo;intervention (CDI) ont \u00e9t\u00e9 contraint de faire feu \u00e0 deux reprises sur le suspect alors qu&rsquo;il mena\u00e7ait des passants. Touch\u00e9 d&rsquo;au moins une balle, l&rsquo;homme s&rsquo;est \u00e9croul\u00e9 au sol.<\/p>\n<p>Ce contenu est bloqu\u00e9 car vous n&rsquo;avez pas accept\u00e9 les cookies et autres traceurs.<\/p>\n<p>En cliquant sur \u00ab J\u2019accepte \u00bb, les cookies et autres traceurs seront d\u00e9pos\u00e9s et vous pourrez visualiser les contenus  (<a href=\"\" class=\"consentModule_policy\" target=\"_blank\" title=\"Consulter la politique de protection des donn\u00e9es du fournisseur\">plus d&rsquo;informations<\/a>).<\/p>\n<p>En cliquant sur \u00ab J\u2019accepte tous les cookies \u00bb, vous autorisez des d\u00e9p\u00f4ts de cookies et autres traceurs pour le stockage de vos donn\u00e9es sur nos sites et applications \u00e0 des fins de personnalisation et de ciblage publicitaire.<\/p>\n<p class=\"consentModule_secondaryText\">Vous gardez la possibilit\u00e9 de retirer votre consentement \u00e0 tout moment en consultant notre <a href=\"https:\/\/www.ledauphine.com\/protection-des-donnees\" target=\"_blank\" title=\"Consulter notre politique de protection des donn\u00e9es\" rel=\"nofollow noopener\">politique de protection des donn\u00e9es<\/a>. <br \/>&#13;<br \/>\n            <a href=\"https:\/\/www.ledauphine.com\/faits-divers-justice\/2025\/12\/22\/javascript:Didomi.notice.show()\" class=\"consentModule_cmp\" rel=\"nofollow noopener\" target=\"_blank\">G\u00e9rer mes choix<\/a>&#13;\n        <\/p>\n<p>&#13;<br \/>\n                        J&rsquo;accepte&#13;<br \/>\n            J&rsquo;accepte tous les cookies&#13;\n        <\/p>\n<p>  Le bless\u00e9 \u00e9vacu\u00e9 au CHU de Grenoble<\/p>\n<p>Les faits se sont produits au d\u00e9but du boulevard Jean-Pain, quasiment \u00e0 l&rsquo;angle de la place Paul-Mistral devant le parc du m\u00eame nom.<\/p>\n<p>Secouru par les sapeurs-pompiers et une \u00e9quipe du Samu 38, le bless\u00e9 a \u00e9t\u00e9 \u00e9vacu\u00e9 au CHU Grenoble Alpes. Selon nos informations, son pronostic vital ne serait pas engag\u00e9.<\/p>\n<p>Sur place, les policiers ont instaur\u00e9 un p\u00e9rim\u00e8tre de s\u00e9curit\u00e9 le temps de proc\u00e9der aux constatations et la circulation du tramway a \u00e9t\u00e9 interrompue sur la ligne C.<\/p>\n","protected":false},"excerpt":{"rendered":"Les policiers grenoblois sont intervenus ce lundi 22 d\u00e9cembre, peu apr\u00e8s 9 heures, sur le boulevard Jean-Pain \u00e0&hellip;\n","protected":false},"author":2,"featured_media":615501,"comment_status":"","ping_status":"","sticky":false,"template":"","format":"standard","meta":{"footnotes":""},"categories":[9566],"tags":[1111,11,2430,271,272,112,1777,674,274,107,1011,27,2731,2732,108,12,25],"class_list":{"0":"post-615500","1":"post","2":"type-post","3":"status-publish","4":"format-standard","5":"has-post-thumbnail","7":"category-grenoble","8":"tag-actu","9":"tag-actualites","10":"tag-auvergne-rhone-alpes","11":"tag-crime","12":"tag-delit-et-contravention","13":"tag-edition-grenoble-agglomeration","14":"tag-eu","15":"tag-europe","16":"tag-faits-divers-justice","17":"tag-fil-info","18":"tag-fr","19":"tag-france","20":"tag-grenoble","21":"tag-grenoble-bassin","22":"tag-isere","23":"tag-news","24":"tag-republique-francaise"},"share_on_mastodon":{"url":"https:\/\/pubeurope.com\/@fr\/115762456725685293","error":""},"_links":{"self":[{"href":"https:\/\/www.europesays.com\/fr\/wp-json\/wp\/v2\/posts\/615500","targetHints":{"allow":["GET"]}}],"collection":[{"href":"https:\/\/www.europesays.com\/fr\/wp-json\/wp\/v2\/posts"}],"about":[{"href":"https:\/\/www.europesays.com\/fr\/wp-json\/wp\/v2\/types\/post"}],"author":[{"embeddable":true,"href":"https:\/\/www.europesays.com\/fr\/wp-json\/wp\/v2\/users\/2"}],"replies":[{"embeddable":true,"href":"https:\/\/www.europesays.com\/fr\/wp-json\/wp\/v2\/comments?post=615500"}],"version-history":[{"count":0,"href":"https:\/\/www.europesays.com\/fr\/wp-json\/wp\/v2\/posts\/615500\/revisions"}],"wp:featuredmedia":[{"embeddable":true,"href":"https:\/\/www.europesays.com\/fr\/wp-json\/wp\/v2\/media\/615501"}],"wp:attachment":[{"href":"https:\/\/www.europesays.com\/fr\/wp-json\/wp\/v2\/media?parent=615500"}],"wp:term":[{"taxonomy":"category","embeddable":true,"href":"https:\/\/www.europesays.com\/fr\/wp-json\/wp\/v2\/categories?post=615500"},{"taxonomy":"post_tag","embeddable":true,"href":"https:\/\/www.europesays.com\/fr\/wp-json\/wp\/v2\/tags?post=615500"}],"curies":[{"name":"wp","href":"https:\/\/api.w.org\/{rel}","templated":true}]}}