{"id":61551,"date":"2025-04-29T10:26:15","date_gmt":"2025-04-29T10:26:15","guid":{"rendered":"https:\/\/www.europesays.com\/fr\/61551\/"},"modified":"2025-04-29T10:26:15","modified_gmt":"2025-04-29T10:26:15","slug":"leo-barre-vers-une-longue-absence","status":"publish","type":"post","link":"https:\/\/www.europesays.com\/fr\/61551\/","title":{"rendered":"L\u00e9o Barr\u00e9 vers une longue absence\u00a0?"},"content":{"rendered":"<p>Quand rien ne va. Englu\u00e9 dans les abysses du championnat, <strong>le Stade Fran\u00e7ais Paris vit des heures sombres<\/strong> et va lutter jusque dans les derniers instants pour un maintien en Top 14. Une saison gal\u00e8re certes mais le couperet n\u2019est toujours pas tomb\u00e9 et <strong>les Parisiens auront besoin de toutes leurs forces vives pour d\u00e9crocher leur survie dans l\u2019\u00e9lite<\/strong>.<\/p>\n<p>Probl\u00e8me\u00a0? Il se pourrait que <strong>l\u2019un de ses cadres ne participe pas \u00e0 ce sprint final<\/strong>.<\/p>\n<p>L\u00e9o Barr\u00e9 bless\u00e9 face au Racing<\/p>\n<p>Nous jouons la 59e minute de jeu du derby francilien lorsque L\u00e9o Barr\u00e9, l\u2019arri\u00e8re du Stade Fran\u00e7ais, amorce une relance. <strong>L\u2019international fran\u00e7ais s\u2019empale violemment sur Romain Taofifenua<\/strong>. Les images sont impressionnantes et <strong>Barr\u00e9 reste au sol<\/strong> quelques instants plus tard, bien secou\u00e9.<\/p>\n<p>S\u2019il essaie tant bien que mal de rester sur le terrain, <strong>il finira par c\u00e9der sa place trois minutes plus tard<\/strong> et assistera impuissant \u00e0 la lourde d\u00e9faite de son \u00e9quipe \u00e0 l\u2019Arena (49-24). S\u2019il semble se plaindre de l\u2019\u00e9paule, Canal + dans la foul\u00e9e nous informe <strong>qu\u2019il souffrirait \u00e9galement d\u2019une grosse douleur au niveau du sternum<\/strong>. Rien de tr\u00e8s rassurant.<\/p>\n<p>Si aucune information n\u2019est sortie concernant la nature de cette blessure, L\u00e9o Barr\u00e9 pourrait souffrir d\u2019une luxation sterno-claviculaire qui l\u2019\u00e9loignerait des terrains pour plusieurs semaines. Si cela reste aujourd\u2019hui des hypoth\u00e8ses, le Stade Fran\u00e7ais <strong>pourrait prochainement communiquer sur la dur\u00e9e d\u2019indisponibilit\u00e9<\/strong> de son joueur.<\/p>\n<p>Et difficile d\u2019imaginer une blessure minime, quand <strong>on le voyait grimacer et se tordre de douleur<\/strong> sur le banc de l\u2019Arena. Tout aussi <strong>difficile de penser le voir fouler la pelouse contre Perpignan<\/strong> dans quinze jours. Si pour l\u2019instant rien n\u2019est officiel, les supporters parisiens doivent s\u2019attendre \u00e0 faire sans leur joyau ces prochains jours.<\/p>\n<p>Brillant en Bleu mais pas toujours inspir\u00e9 lorsqu\u2019il a enfil\u00e9 la tunique rose cette saison, <strong>L\u00e9o Barr\u00e9 manquera tout de m\u00eame \u00e0 la ligne d\u2019attaque parisienne<\/strong>, tout comme Jeremy Ward, le centre sud-africain, actuellement bless\u00e9. Le retour de ce dernier serait le bienvenu, \u00e0 l\u2019approche de derni\u00e8res semaines d\u00e9cisives.<\/p>\n<p>Biberonn\u00e9 au rugby, tomb\u00e9 malade de ce sport lors de la Coupe du Monde 2003, alors que je savais \u00e0 peine marcher, je suis le seul sudiste ayant reni\u00e9 le Stade Toulousain pour l\u2019autre Stade\u2026 Fran\u00e7ais. Condamn\u00e9 \u00e0 souffrir avec mon club de c\u0153ur, j\u2019esp\u00e8re vous transmettre mon amour pour la balle ovale \u00e0 travers XV Ovalie !<\/p>\n","protected":false},"excerpt":{"rendered":"Quand rien ne va. Englu\u00e9 dans les abysses du championnat, le Stade Fran\u00e7ais Paris vit des heures sombres&hellip;\n","protected":false},"author":2,"featured_media":61552,"comment_status":"","ping_status":"","sticky":false,"template":"","format":"standard","meta":{"footnotes":""},"categories":[1416],"tags":[1011,27,15924,479,1468,60,10673,478],"class_list":{"0":"post-61551","1":"post","2":"type-post","3":"status-publish","4":"format-standard","5":"has-post-thumbnail","7":"category-rugby","8":"tag-fr","9":"tag-france","10":"tag-lu00e9o-barru00e9","11":"tag-rugby","12":"tag-rugby-football","13":"tag-sports","14":"tag-stade-franu00e7ais","15":"tag-top-14"},"share_on_mastodon":{"url":"https:\/\/pubeurope.com\/@fr\/114420775841762051","error":""},"_links":{"self":[{"href":"https:\/\/www.europesays.com\/fr\/wp-json\/wp\/v2\/posts\/61551","targetHints":{"allow":["GET"]}}],"collection":[{"href":"https:\/\/www.europesays.com\/fr\/wp-json\/wp\/v2\/posts"}],"about":[{"href":"https:\/\/www.europesays.com\/fr\/wp-json\/wp\/v2\/types\/post"}],"author":[{"embeddable":true,"href":"https:\/\/www.europesays.com\/fr\/wp-json\/wp\/v2\/users\/2"}],"replies":[{"embeddable":true,"href":"https:\/\/www.europesays.com\/fr\/wp-json\/wp\/v2\/comments?post=61551"}],"version-history":[{"count":0,"href":"https:\/\/www.europesays.com\/fr\/wp-json\/wp\/v2\/posts\/61551\/revisions"}],"wp:featuredmedia":[{"embeddable":true,"href":"https:\/\/www.europesays.com\/fr\/wp-json\/wp\/v2\/media\/61552"}],"wp:attachment":[{"href":"https:\/\/www.europesays.com\/fr\/wp-json\/wp\/v2\/media?parent=61551"}],"wp:term":[{"taxonomy":"category","embeddable":true,"href":"https:\/\/www.europesays.com\/fr\/wp-json\/wp\/v2\/categories?post=61551"},{"taxonomy":"post_tag","embeddable":true,"href":"https:\/\/www.europesays.com\/fr\/wp-json\/wp\/v2\/tags?post=61551"}],"curies":[{"name":"wp","href":"https:\/\/api.w.org\/{rel}","templated":true}]}}