{"id":615510,"date":"2025-12-22T09:20:21","date_gmt":"2025-12-22T09:20:21","guid":{"rendered":"https:\/\/www.europesays.com\/fr\/615510\/"},"modified":"2025-12-22T09:20:21","modified_gmt":"2025-12-22T09:20:21","slug":"les-reactions-a-lus-avranches-apres-le-tirage-au-sort-de-la-coupe-de-france","status":"publish","type":"post","link":"https:\/\/www.europesays.com\/fr\/615510\/","title":{"rendered":"Les r\u00e9actions \u00e0 l\u2019US Avranches apr\u00e8s le tirage au sort de la Coupe de France"},"content":{"rendered":"<p>                    Par<br \/>\n        <strong><br \/>\n            <a href=\"https:\/\/actu.fr\/auteur\/t-houlette\" title=\"Consulter tous les articles de Thibault Houlette\" target=\"_blank\" rel=\"noopener\">Thibault Houlette<\/a><br \/>\n                    <\/strong><\/p>\n<p>        Publi\u00e9 le<\/p>\n<p>            22 d\u00e9c. 2025 \u00e0 9h04        <\/p>\n<p>Avant le <b>tirage au sort<\/b> des <b>32e de finale<\/b>, les <b>joueurs <\/b>et les <b>membres du staff<\/b> de l\u2019<a href=\"https:\/\/actu.fr\/tag\/us-avranches\" target=\"_blank\" rel=\"noopener\">US Avranches<\/a> (Manche) avaient chacun mis un euro dans une <b>cagnotte <\/b>pour parier sur <b>l\u2019adversaire <\/b>qui allait croiser leur route en <a href=\"https:\/\/actu.fr\/sports\/football\/coupe-de-france\" target=\"_blank\" rel=\"noopener\">Coupe de France<\/a>. Et c\u2019est Romain Hengbart, l\u2019adjoint et fr\u00e8re du coach <a href=\"https:\/\/actu.fr\/normandie\/avranches_50025\/coupe-de-france-un-beau-cadeau-de-noel-savoure-cedric-hengbart-apres-lexploit-davranches-face-a-brest_63606905.html\" target=\"_blank\" rel=\"noopener\">C\u00e9dric Hengbart<\/a>, qui avait trouv\u00e9 le <b>bon pronostic<\/b> en citan<a href=\"https:\/\/actu.fr\/normandie\/avranches_50025\/coupe-de-france-avranches-espere-lexploit-face-au-stade-brestois-pensionnaire-de-ligue-1_63598534.html\" target=\"_blank\" rel=\"noopener\">t le Stade Brestois<\/a>.<\/p>\n<p class=\" wall-content\">Pour les 16e de finale, celui qui \u00e9tait encore l\u2019adjoint de <a href=\"https:\/\/actu.fr\/sports\/football\/football-regional-2-matthieu-travers-est-le-nouvel-entraineur-de-las-tourlaville_61244064.html\" target=\"_blank\" rel=\"noopener\">Matthieu Travers<\/a> \u00e0 l\u2019AS Tourlaville il y a six mois avait cette fois mis\u00e9 sur Lorient. S\u2019il n\u2019empochera pas la mise, on devine qu\u2019il a largement r\u00e9ussi \u00e0 se consoler en d\u00e9couvrant<a href=\"https:\/\/actu.fr\/sports\/coupe-de-france-avranches-recevra-encore-une-ligue-1-pour-les-16e-de-finale_63608050.html\" target=\"_blank\" rel=\"noopener\"> le futur adversaire de l\u2019USA<\/a>, le Racing Club de Strasbourg.<\/p>\n<blockquote class=\"ac-article-quote wall-content\">\n<p>On est content de jouer une Ligue\u00a01. C\u2019est un gros morceau, une \u00e9quipe qui est qualifi\u00e9e en Coupe d\u2019Europe et qui a beaucoup d\u2019internationaux. C\u00e9dric est content aussi car le projet de Strasbourg ressemble \u00e0 ce qu\u2019on veut faire.<\/p>\n<p>Romain Hengbart<\/p><\/blockquote>\n<p class=\" wall-content\">7e de <a href=\"https:\/\/actu.fr\/sports\/football\/ligue-1\" target=\"_blank\" rel=\"noopener\">Ligue\u00a01<\/a>, les Alsaciens sont des <b>candidats \u00e0 la qualification<\/b> en <b>Ligue des champions <\/b>en fin de la saison et comptent dans leur rang des joueurs de <b>grand talent <\/b>et \u00e0 <b>fort potentiel<\/b>.<\/p>\n<p class=\" wall-content\">Emmanuel Emegha, Valentin Barco, Joaqu\u00edn Panichelli ou encore le gardien Mike Penders sont tous vou\u00e9s \u00e0 rejoindre les <b>plus grands europ\u00e9ens <\/b>dans les ann\u00e9es \u00e0 venir, notamment Chelsea, propri\u00e9taire du RCSA depuis 2023.<\/p>\n<p>\u00ab\u2009Strasbourg, \u00e7a reste quand m\u00eame du tr\u00e8s lourd\u2009\u00bb<\/p>\n<p class=\" wall-content\">L\u2019adversit\u00e9 semble \u00eatre mont\u00e9e d\u2019un cran par rapport au tour pr\u00e9c\u00e9dent et, pourtant, le h\u00e9ros de Fenouill\u00e8re Anthony Beuve faisait presque la fine bouche au moment d\u2019apprendre que son \u00e9quipe recevrait celle de Liam Rosenior.<\/p>\n<blockquote class=\"ac-article-quote wall-content\">\n<p>Je ne suis pas sp\u00e9cialement satisfait, j\u2019aurais pr\u00e9f\u00e9r\u00e9 taper un gros comme le PSG ou Marseille. Et dans mon esprit, j\u2019ai envie de faire mieux qu\u2019un quart de finale donc j\u2019aurais \u00e9t\u00e9 content aussi d\u2019avoir un tirage abordable pour aller le plus loin possible.<\/p>\n<p>Anthony Beuve<\/p><\/blockquote>\n<p class=\" wall-content\">Le portier des Bleus, qui a connu quelques \u00e9pop\u00e9es avec l\u2019USA, convient tout de m\u00eame que le challenge qui les attend lui et ses co\u00e9quipiers sera tr\u00e8s relev\u00e9. \u00ab\u2009Strasbourg, \u00e7a reste quand m\u00eame du tr\u00e8s lourd. Ce sera tr\u00e8s compliqu\u00e9 de passer, mais pas impossible.\u2009\u00bb<\/p>\n<p>Votre r\u00e9gion, votre actu !<\/p>\n<p>Recevez chaque jour les infos qui comptent pour vous.<\/p>\n<p>\t<a href=\"https:\/\/actu.fr\/newsletter\" class=\"ac-btn ac-btn--corner ac-btn--medium ac-btn--blue800\" target=\"_blank\" rel=\"noopener\">S&rsquo;incrire<\/a><\/p>\n<p class=\" wall-content\">Avec un <b>gardien <\/b>comme lui dans les cages, tous les espoirs sont de toute fa\u00e7on permis. Surtout si l\u2019affaire se termine au-del\u00e0 du <b>temps r\u00e9glementaire<\/b>\u2026<\/p>\n<p class=\" wall-content\">Personnalisez votre actualit\u00e9 en ajoutant vos villes et m\u00e9dias en favori avec <a href=\"https:\/\/moncompte.actu.fr\" title=\"D\u00e9couvez Mon Actu\" rel=\"nofollow noopener\" data-trk=\"{&quot;cta&quot;:{&quot;action&quot;:&quot;https:\\\/\\\/moncompte.actu.fr&quot;,&quot;category&quot;:&quot;mon compte&quot;,&quot;from&quot;:&quot;article footer&quot;,&quot;name&quot;:&quot;Mon actu&quot;,&quot;type&quot;:&quot;cta&quot;}}\" target=\"_blank\">Mon Actu<\/a>.<\/p>\n","protected":false},"excerpt":{"rendered":"Par Thibault Houlette Publi\u00e9 le 22 d\u00e9c. 2025 \u00e0 9h04 Avant le tirage au sort des 32e de&hellip;\n","protected":false},"author":2,"featured_media":615511,"comment_status":"","ping_status":"","sticky":false,"template":"","format":"standard","meta":{"footnotes":""},"categories":[2820],"tags":[1111,11,15922,1777,674,63,1011,27,775,12,25,60,640,40775],"class_list":{"0":"post-615510","1":"post","2":"type-post","3":"status-publish","4":"format-standard","5":"has-post-thumbnail","7":"category-strasbourg","8":"tag-actu","9":"tag-actualites","10":"tag-coupe-de-france-de-football","11":"tag-eu","12":"tag-europe","13":"tag-football","14":"tag-fr","15":"tag-france","16":"tag-grand-est","17":"tag-news","18":"tag-republique-francaise","19":"tag-sports","20":"tag-strasbourg","21":"tag-us-avranches"},"share_on_mastodon":{"url":"https:\/\/pubeurope.com\/@fr\/115762484027933333","error":""},"_links":{"self":[{"href":"https:\/\/www.europesays.com\/fr\/wp-json\/wp\/v2\/posts\/615510","targetHints":{"allow":["GET"]}}],"collection":[{"href":"https:\/\/www.europesays.com\/fr\/wp-json\/wp\/v2\/posts"}],"about":[{"href":"https:\/\/www.europesays.com\/fr\/wp-json\/wp\/v2\/types\/post"}],"author":[{"embeddable":true,"href":"https:\/\/www.europesays.com\/fr\/wp-json\/wp\/v2\/users\/2"}],"replies":[{"embeddable":true,"href":"https:\/\/www.europesays.com\/fr\/wp-json\/wp\/v2\/comments?post=615510"}],"version-history":[{"count":0,"href":"https:\/\/www.europesays.com\/fr\/wp-json\/wp\/v2\/posts\/615510\/revisions"}],"wp:featuredmedia":[{"embeddable":true,"href":"https:\/\/www.europesays.com\/fr\/wp-json\/wp\/v2\/media\/615511"}],"wp:attachment":[{"href":"https:\/\/www.europesays.com\/fr\/wp-json\/wp\/v2\/media?parent=615510"}],"wp:term":[{"taxonomy":"category","embeddable":true,"href":"https:\/\/www.europesays.com\/fr\/wp-json\/wp\/v2\/categories?post=615510"},{"taxonomy":"post_tag","embeddable":true,"href":"https:\/\/www.europesays.com\/fr\/wp-json\/wp\/v2\/tags?post=615510"}],"curies":[{"name":"wp","href":"https:\/\/api.w.org\/{rel}","templated":true}]}}