{"id":615512,"date":"2025-12-22T09:21:14","date_gmt":"2025-12-22T09:21:14","guid":{"rendered":"https:\/\/www.europesays.com\/fr\/615512\/"},"modified":"2025-12-22T09:21:14","modified_gmt":"2025-12-22T09:21:14","slug":"920-000-euros-des-stups-des-vehicules-le-trafic-demantele-par-la-pj-de-nice-etait-pilote-depuis-une-prison","status":"publish","type":"post","link":"https:\/\/www.europesays.com\/fr\/615512\/","title":{"rendered":"920.000 euros, des stups, des v\u00e9hicules&#8230; Le trafic d\u00e9mantel\u00e9 par la PJ de Nice \u00e9tait pilot\u00e9 depuis une prison"},"content":{"rendered":"<p class=\"fs-5 \">Un important coup de filet antidrogue, quasi historique, a \u00e9t\u00e9 men\u00e9 par les enqu\u00eateurs de la brigade des stup\u00e9fiants du Service interd\u00e9partemental de police judiciaire (SIPJ) des Alpes-Maritimes, en lien avec l\u2019office anti stup\u00e9fiants (OFAST) des Bouches-du-Rh\u00f4ne.<\/p>\n<p class=\"fs-5 \">Une enqu\u00eate de longue haleine qui a permis de mettre au jour <strong>un r\u00e9seau structur\u00e9, actif entre le sud de la France et l\u2019\u00e9tranger, et pilot\u00e9<\/strong>\u2026 depuis une cellule de prison.<\/p>\n<p class=\"fs-5 \">Tout d\u00e9bute le 26 mars, sur le port de Marseille. Un convoi compos\u00e9 d\u2019un camping-car et de deux v\u00e9hicules,<strong> en provenance d\u2019Avignon et \u00e0 destination de la Tunisie,<\/strong> est intercept\u00e9 par les forces de l\u2019ordre.<\/p>\n<p class=\"fs-5 \">\u00c0 la man\u0153uvre de l\u2019interpellation : la brigade des stups du SIPJ assist\u00e9e par l\u2019Ofast 13. \u00c0 bord du v\u00e9hicule : sept personnes, trois hommes et quatre femmes, dont quatre originaires de Vallauris.<\/p>\n<p class=\"fs-5 \">La fouille du camping-car r\u00e9v\u00e8le une ourde cargaison de stup\u00e9fiants : 500 kg de r\u00e9sine de cannabis, 251 kg d\u2019ecstasy, ainsi qu\u2019un pistolet semi-automatique de calibre 9 mm accompagn\u00e9 d\u2019une vingtaine de munitions.<\/p>\n<p class=\"fs-5 \">Pr\u00e9sent\u00e9s le 30 mars 2025 devant la Juridiction interr\u00e9gionale sp\u00e9cialis\u00e9e (JIRS) de Marseille, les sept suspects ont \u00e9t\u00e9 mis en examen par la vice-pr\u00e9sidente charg\u00e9e de l\u2019instruction, Isabelle Couderc. Les trois hommes ont \u00e9t\u00e9 plac\u00e9s en d\u00e9tention provisoire, tandis que les quatre femmes ont \u00e9t\u00e9 laiss\u00e9es libres sous contr\u00f4le judiciaire.<\/p>\n<p>                                                                                Un trafic orchestr\u00e9 depuis la prison<\/p>\n<p class=\"fs-5 \">Les investigations s\u2019\u00e9taient alors poursuivies dans le cadre d\u2019une commission rogatoire. Gr\u00e2ce \u00e0 l\u2019exploitation de techniques sp\u00e9ciales d\u2019enqu\u00eate, les policiers identifiaient rapidement le commanditaire principal : un homme de 39 ans, d\u00e9j\u00e0 incarc\u00e9r\u00e9 au centre de d\u00e9tention d\u2019Avignon-Le Pontet (Vaucluse). Depuis sa cellule, il organisait le trafic et l\u2019exportation des stup\u00e9fiants.<\/p>\n<p class=\"fs-5 \">Le travail conjoint de la brigade des stup\u00e9fiants du SIPJ 06 et du Groupe interminist\u00e9riel de recherches (GIR) des Alpes-Maritimes a permis de remonter l\u2019ensemble du r\u00e9seau. Plusieurs complices ont \u00e9t\u00e9 identifi\u00e9s, dont la compagne du commanditaire, domicili\u00e9e en Avignon.<\/p>\n<p class=\"fs-5 \">Parmi les mis en cause figure notamment un homme d\u2019une quarantaine d\u2019ann\u00e9es, pr\u00e9sent\u00e9 comme le fournisseur principal de stup\u00e9fiants, ainsi que quatre autres individus \u00e2g\u00e9s de 40 \u00e0 50 ans, soup\u00e7onn\u00e9s d\u2019\u00eatre des associ\u00e9s du r\u00e9seau, certains jouant un r\u00f4le cl\u00e9 dans le blanchiment des fonds.<\/p>\n<p>                                                                                Interpellations simultan\u00e9es et saisies massives<\/p>\n<p class=\"fs-5 \">Le 15 d\u00e9cembre, c\u2019est le top d\u00e9part. Une vaste op\u00e9ration judiciaire est d\u00e9clench\u00e9e. La t\u00eate de r\u00e9seau et huit autres personnes, dont six Maralpins, sont interpell\u00e9es simultan\u00e9ment \u00e0 Nice, Antibes, Vallauris, Avignon et Saint-Ouen (Seine-Saint-Denis). Pr\u00e8s de cinquante enqu\u00eateurs sont mobilis\u00e9s, avec l\u2019appui de l\u2019antenne du RAID 06.<\/p>\n<p class=\"fs-5 \">Lors des perquisitions, les policiers d\u00e9couvrent notamment, au domicile ni\u00e7ois de la compagne d\u2019un membre influent du r\u00e9seau, la somme de 875 000 euros en num\u00e9raire.<\/p>\n<p class=\"fs-5 \">Au total, les saisies s\u2019\u00e9l\u00e8vent \u00e0 921 655 euros, 708 grammes de coca\u00efne, 2,2 kg de r\u00e9sine de cannabis, ainsi que deux v\u00e9hicules.<\/p>\n<p class=\"fs-5 \">Un mandat d\u2019amener a \u00e9t\u00e9 d\u00e9livr\u00e9 le 17 d\u00e9cembre \u00e0 l\u2019encontre d\u2019un suspect domicili\u00e9 \u00e0 Saint-Ouen. Le lendemain, six membres pr\u00e9sum\u00e9s du r\u00e9seau \u00e9taient pr\u00e9sent\u00e9s \u00e0 la juge d\u2019instruction de la JIRS de Marseille : cinq ont \u00e9t\u00e9 plac\u00e9s en d\u00e9tention provisoire, un autre sous contr\u00f4le judiciaire.<\/p>\n<p class=\"fs-5 \">L\u2019enqu\u00eate se poursuit afin de d\u00e9terminer l\u2019ampleur exacte des ramifications de ce r\u00e9seau, qui illustre une nouvelle fois la capacit\u00e9 des trafiquants \u00e0 op\u00e9rer \u00e0 distance, y compris depuis l\u2019univers carc\u00e9ral. Pour le patron de la PJ ni\u00e7oise, Eric Antonetti, il s\u2019agit d\u2019une affaire hors norme. \u00ab C\u2019est une enqu\u00eate de longue haleine, avec une saisie num\u00e9raire historique.\u00bb Il salue le travail de ses \u00e9quipes, qui ont \u0153uvr\u00e9 dans l\u2019ombre pour mener le dossier \u00e0 son terme.<\/p>\n<p class=\"fs-5 \">L\u2019affaire a \u00e9t\u00e9 ternie par la chute d\u2019un des interpell\u00e9s durant sa garde \u00e0 vue. Une enqu\u00eate a en<br \/>effet \u00e9t\u00e9 ouverte ce samedi par le parquet de Nice apr\u00e8s la chute d\u2019un homme plac\u00e9 en garde \u00e0 vue au commissariat Auvare, interpell\u00e9 \u00e0 Antibes.<\/p>\n<p class=\"fs-5 \">Et ce, pour des faits de trafic de stup\u00e9fiants. La victime souffrait de multiples fractures au cr\u00e2ne, au dos et aux cervicales. Selon le patron de la PJ, \u00ab\u00a0la garde \u00e0 vue s\u2019\u00e9tait tr\u00e8s bien pass\u00e9e jusque l\u00e0. Ind\u00e9pendamment de son r\u00f4le, nous esp\u00e9rons qu\u2019il se r\u00e9tablisse avec le minimum de s\u00e9quelles possibles\u00a0\u00bb. <\/p>\n<p class=\"fs-5 \">Le procureur de la R\u00e9publique adjoint de Nice, Maud Marty, a pr\u00e9cis\u00e9 ce samedi que l\u2019enqu\u00eate \u00ab\u00a0pour recherche des causes des blessures de la personne plac\u00e9e en<br \/>garde \u00e0 vue\u00a0\u00bb a \u00e9t\u00e9 confi\u00e9e \u00e0 la cellule d\u00e9ontologie de la Direction interminist\u00e9rielle de la police nationale (DIPN) des Alpes-Maritimes. Selon la famille la victime, inform\u00e9e tardivement de l\u2019accident, les premi\u00e8res indications donnaient \u00e0 croire que l\u2019\u00e9tat du patient \u00e9tait stable et que sa chute aurait eu lieu dans les escaliers. Les proches ont ensuite appris que la chute, d\u2019une hauteur estim\u00e9e \u00e0 six m\u00e8tres, aurait entra\u00een\u00e9 des blessures graves. Les investigations men\u00e9es par la DIPN devront d\u00e9terminer les circonstances exactes de cette chute et les responsabilit\u00e9s \u00e9ventuelles. Un acte d\u00e9sesp\u00e9r\u00e9 n\u2019est pas exclu.<\/p>\n","protected":false},"excerpt":{"rendered":"Un important coup de filet antidrogue, quasi historique, a \u00e9t\u00e9 men\u00e9 par les enqu\u00eateurs de la brigade des&hellip;\n","protected":false},"author":2,"featured_media":615513,"comment_status":"","ping_status":"","sticky":false,"template":"","format":"standard","meta":{"footnotes":""},"categories":[2819],"tags":[1111,11,1777,674,1011,27,12,2401,882,25],"class_list":{"0":"post-615512","1":"post","2":"type-post","3":"status-publish","4":"format-standard","5":"has-post-thumbnail","7":"category-nice","8":"tag-actu","9":"tag-actualites","10":"tag-eu","11":"tag-europe","12":"tag-fr","13":"tag-france","14":"tag-news","15":"tag-nice","16":"tag-provence-alpes-cote-dazur","17":"tag-republique-francaise"},"share_on_mastodon":{"url":"https:\/\/pubeurope.com\/@fr\/115762487948670559","error":""},"_links":{"self":[{"href":"https:\/\/www.europesays.com\/fr\/wp-json\/wp\/v2\/posts\/615512","targetHints":{"allow":["GET"]}}],"collection":[{"href":"https:\/\/www.europesays.com\/fr\/wp-json\/wp\/v2\/posts"}],"about":[{"href":"https:\/\/www.europesays.com\/fr\/wp-json\/wp\/v2\/types\/post"}],"author":[{"embeddable":true,"href":"https:\/\/www.europesays.com\/fr\/wp-json\/wp\/v2\/users\/2"}],"replies":[{"embeddable":true,"href":"https:\/\/www.europesays.com\/fr\/wp-json\/wp\/v2\/comments?post=615512"}],"version-history":[{"count":0,"href":"https:\/\/www.europesays.com\/fr\/wp-json\/wp\/v2\/posts\/615512\/revisions"}],"wp:featuredmedia":[{"embeddable":true,"href":"https:\/\/www.europesays.com\/fr\/wp-json\/wp\/v2\/media\/615513"}],"wp:attachment":[{"href":"https:\/\/www.europesays.com\/fr\/wp-json\/wp\/v2\/media?parent=615512"}],"wp:term":[{"taxonomy":"category","embeddable":true,"href":"https:\/\/www.europesays.com\/fr\/wp-json\/wp\/v2\/categories?post=615512"},{"taxonomy":"post_tag","embeddable":true,"href":"https:\/\/www.europesays.com\/fr\/wp-json\/wp\/v2\/tags?post=615512"}],"curies":[{"name":"wp","href":"https:\/\/api.w.org\/{rel}","templated":true}]}}