{"id":615514,"date":"2025-12-22T09:22:19","date_gmt":"2025-12-22T09:22:19","guid":{"rendered":"https:\/\/www.europesays.com\/fr\/615514\/"},"modified":"2025-12-22T09:22:19","modified_gmt":"2025-12-22T09:22:19","slug":"nice-une-premiere-victoire-depuis-deux-mois-ca-fait-du-bien-sports","status":"publish","type":"post","link":"https:\/\/www.europesays.com\/fr\/615514\/","title":{"rendered":"Nice : Une premi\u00e8re victoire depuis deux mois, \u00ab \u00e7a fait du bien \u00bb : Sports"},"content":{"rendered":"<p class=\"date\">\n                                                            Axel Allag, Media365, publi\u00e9 le lundi 22 d\u00e9cembre 2025 \u00e0 10h10\n                                                    <\/p>\n<p>L&rsquo;OGC Nice a mis un terme \u00e0 sa s\u00e9rie de neuf d\u00e9faites cons\u00e9cutives, en prenant le meilleur sur l&rsquo;AS Saint-\u00c9tienne (2-1) en 32es de finale de la comp\u00e9tition.<\/p>\n<p>Depuis le 29 octobre dernier, et un succ\u00e8s face au LOSC (2-0), l&rsquo;OGC Nice avait oubli\u00e9 le go\u00fbt de la victoire. Jusqu&rsquo;\u00e0 dimanche donc, et ce succ\u00e8s obtenu dans un match disput\u00e9 \u00e0 huis clos &#8211; en raison du spectacle pyrotechnique lors de la r\u00e9ception de l&rsquo;OM pour les 40 ans de la Populaire Sud &#8211; face \u00e0 l&rsquo;AS Saint-\u00c9tienne (2-1). Un succ\u00e8s qui a mis un terme \u00e0 la s\u00e9rie record de neufs d\u00e9faites cons\u00e9cutives toutes comp\u00e9titions confondues.<\/p>\n<p>Dup\u00e9 : \u00ab Rien ne nous emp\u00eache de pouvoir r\u00eaver, de croire \u00e0 aller au Stade de France \u00bb<\/p>\n<p>Rien n&rsquo;a \u00e9t\u00e9 simple pour les Aiglons, qui ont tout de m\u00eame conc\u00e9d\u00e9 17 tirs face aux Verts mais ont \u00e9t\u00e9 plus r\u00e9alistes que leurs adversaires. Morgan Sanson, dernier buteur de la rencontre, a reconnu son sentiment assez ambigu au terme de la rencontre remport\u00e9e par les joueurs de Franck Haise : \u00ab \u00c7a fait du bien et m\u00eame un peu bizarre. Pouvoir c\u00e9l\u00e9brer dans le vestiaire, c&rsquo;est quelque chose qui me manquait. Comme je l&rsquo;ai dit au groupe, c&rsquo;\u00e9tait le premier match de 2026. Moi, c&rsquo;est comme \u00e7a que je l&rsquo;ai v\u00e9cu. C&rsquo;\u00e9tait le match d&rsquo;un nouveau d\u00e9part \u00bb.<\/p>\n<p>Priv\u00e9 de 14 joueurs, Franck Haise, s&rsquo;il a chambr\u00e9 les journalistes qui ont pos\u00e9 moins de questions que lors des matchs perdus, est tout de m\u00eame rest\u00e9 lucide concernant la r\u00e9alit\u00e9 d&rsquo;un club qui n&rsquo;est pas encore gu\u00e9ri et devra se renforcer lors du mercato hivernal (dans des propos relat\u00e9s par L&rsquo;Equipe) : \u00ab On a souffert jusqu&rsquo;au bout et on voit bien que nos fragilit\u00e9s ne vont pas dispara\u00eetre comme \u00e7a, encore moins un jour o\u00f9 il nous manquait quatorze joueurs. On sait tr\u00e8s bien qu&rsquo;on a beaucoup de travail devant nous. Personne n&rsquo;est dupe. On doit avoir des renforts dans toutes les lignes \u00bb.<\/p>\n<p>Titularis\u00e9 dans les buts, Maxime Dup\u00e9, preneur de la victoire, ne s&rsquo;est pas interdit de voir tr\u00e8s loin, peut-\u00eatre trop : \u00ab Les gars ont beaucoup donn\u00e9. Rien ne nous emp\u00eache de pouvoir r\u00eaver, de croire \u00e0 aller au Stade de France \u00bb.<\/p>\n","protected":false},"excerpt":{"rendered":"Axel Allag, Media365, publi\u00e9 le lundi 22 d\u00e9cembre 2025 \u00e0 10h10 L&rsquo;OGC Nice a mis un terme \u00e0&hellip;\n","protected":false},"author":2,"featured_media":615515,"comment_status":"","ping_status":"","sticky":false,"template":"","format":"standard","meta":{"footnotes":""},"categories":[2819],"tags":[1111,11,1777,674,1011,27,12,2401,882,25],"class_list":{"0":"post-615514","1":"post","2":"type-post","3":"status-publish","4":"format-standard","5":"has-post-thumbnail","7":"category-nice","8":"tag-actu","9":"tag-actualites","10":"tag-eu","11":"tag-europe","12":"tag-fr","13":"tag-france","14":"tag-news","15":"tag-nice","16":"tag-provence-alpes-cote-dazur","17":"tag-republique-francaise"},"share_on_mastodon":{"url":"https:\/\/pubeurope.com\/@fr\/115762491720719734","error":""},"_links":{"self":[{"href":"https:\/\/www.europesays.com\/fr\/wp-json\/wp\/v2\/posts\/615514","targetHints":{"allow":["GET"]}}],"collection":[{"href":"https:\/\/www.europesays.com\/fr\/wp-json\/wp\/v2\/posts"}],"about":[{"href":"https:\/\/www.europesays.com\/fr\/wp-json\/wp\/v2\/types\/post"}],"author":[{"embeddable":true,"href":"https:\/\/www.europesays.com\/fr\/wp-json\/wp\/v2\/users\/2"}],"replies":[{"embeddable":true,"href":"https:\/\/www.europesays.com\/fr\/wp-json\/wp\/v2\/comments?post=615514"}],"version-history":[{"count":0,"href":"https:\/\/www.europesays.com\/fr\/wp-json\/wp\/v2\/posts\/615514\/revisions"}],"wp:featuredmedia":[{"embeddable":true,"href":"https:\/\/www.europesays.com\/fr\/wp-json\/wp\/v2\/media\/615515"}],"wp:attachment":[{"href":"https:\/\/www.europesays.com\/fr\/wp-json\/wp\/v2\/media?parent=615514"}],"wp:term":[{"taxonomy":"category","embeddable":true,"href":"https:\/\/www.europesays.com\/fr\/wp-json\/wp\/v2\/categories?post=615514"},{"taxonomy":"post_tag","embeddable":true,"href":"https:\/\/www.europesays.com\/fr\/wp-json\/wp\/v2\/tags?post=615514"}],"curies":[{"name":"wp","href":"https:\/\/api.w.org\/{rel}","templated":true}]}}