{"id":615521,"date":"2025-12-22T09:27:12","date_gmt":"2025-12-22T09:27:12","guid":{"rendered":"https:\/\/www.europesays.com\/fr\/615521\/"},"modified":"2025-12-22T09:27:12","modified_gmt":"2025-12-22T09:27:12","slug":"un-incendie-se-declare-dans-un-immeuble-pres-de-bordeaux-22-appartements-sont-inhabitables","status":"publish","type":"post","link":"https:\/\/www.europesays.com\/fr\/615521\/","title":{"rendered":"Un incendie se d\u00e9clare dans un immeuble pr\u00e8s de Bordeaux : 22 appartements sont inhabitables"},"content":{"rendered":"<p>                    Par<br \/>\n        <strong><br \/>\n            <a href=\"https:\/\/actu.fr\/auteur\/juliette-cardinale\" title=\"Consulter tous les articles de Juliette Cardinale\" target=\"_blank\" rel=\"noopener\">Juliette Cardinale<\/a><br \/>\n                    <\/strong><\/p>\n<p>        Publi\u00e9 le<\/p>\n<p>            22 d\u00e9c. 2025 \u00e0 10h19        <\/p>\n<p>Un incendie s\u2019est d\u00e9clar\u00e9 dans un immeuble de sept \u00e9tages <a href=\"https:\/\/actu.fr\/nouvelle-aquitaine\/begles_33039\" target=\"_blank\" rel=\"noopener\">\u00e0 B\u00e8gles (Gironde),<\/a> ce dimanche 21\u00a0d\u00e9cembre 2025. Plus de <strong>70\u00a0personnes ont d\u00fb \u00eatre \u00e9vacu\u00e9es,<\/strong> dont cinq transport\u00e9es \u00e0 l\u2019h\u00f4pital.<\/p>\n<p class=\" wall-content\">Le feu s\u2019est d\u00e9clench\u00e9 dans un appartement situ\u00e9 au <strong>troisi\u00e8me \u00e9tage<\/strong> de l\u2019immeuble du boulevard Jean Jacques Bosc peu avant 23\u00a0heures.<\/p>\n<p>77\u00a0personnes \u00e9vacu\u00e9es<\/p>\n<p class=\" wall-content\">Les sapeurs-pompiers ont proc\u00e9d\u00e9 \u00e0 <strong>l\u2019\u00e9vacuation de 77 r\u00e9sidents,<\/strong> via la grande \u00e9chelle pour trois personnes situ\u00e9es au 7\u00e8me \u00e9tage. Ils ont \u00e9t\u00e9 rassembl\u00e9s \u00e0 l\u2019h\u00f4tel B&amp;B le temps de l\u2019intervention.<\/p>\n<p class=\" wall-content\">Cinq personnes ont \u00e9t\u00e9 <strong>incommod\u00e9es par les fum\u00e9es,<\/strong> toutes en urgence relative. Deux hommes de 20\u00a0ans ont \u00e9t\u00e9 transport\u00e9s \u00e0 l\u2019h\u00f4pital Bagatelle. Deux hommes de 20 et 27\u00a0ans ainsi qu\u2019une femme de 28\u00a0ans ont \u00e9t\u00e9 transport\u00e9s au centre hospitalier <a href=\"https:\/\/actu.fr\/tag\/chu-de-bordeaux\" target=\"_blank\" rel=\"noopener\">de Pellegrin.<\/a><\/p>\n<p class=\" wall-content\">Les soldats du feu sont <strong>venus \u00e0 bout des flammes<\/strong> au moyen d\u2019une lance. L\u2019incendie a <strong>d\u00e9truit un logement<\/strong> de 20m\u00b2 au 3\u00e8me \u00e9tage et les fum\u00e9es ont fortement impact\u00e9 les parties communes du 3\u00e8me et 7\u00e8me \u00e9tage.<\/p>\n<p class=\" wall-content\">Compte tenu des d\u00e9g\u00e2ts dans les parties communes,<strong> 22 appartements sont inhabitables.<\/strong> Le gestionnaire du b\u00e2timent doit reloger 10\u00a0personnes. Trois locataires doivent se reloger par leurs propres moyens.<\/p>\n<p class=\" wall-content\">L\u2019autorit\u00e9 communale, la <a href=\"https:\/\/actu.fr\/tag\/police\" target=\"_blank\" rel=\"noopener\">police nationale<\/a> ainsi qu\u2019une <strong>\u00e9quipe SMUR<\/strong> \u00e9taient sur les lieux.<\/p>\n<p class=\" wall-content\">Personnalisez votre actualit\u00e9 en ajoutant vos villes et m\u00e9dias en favori avec <a href=\"https:\/\/moncompte.actu.fr\" title=\"D\u00e9couvez Mon Actu\" rel=\"nofollow noopener\" data-trk=\"{&quot;cta&quot;:{&quot;action&quot;:&quot;https:\\\/\\\/moncompte.actu.fr&quot;,&quot;category&quot;:&quot;mon compte&quot;,&quot;from&quot;:&quot;article footer&quot;,&quot;name&quot;:&quot;Mon actu&quot;,&quot;type&quot;:&quot;cta&quot;}}\" target=\"_blank\">Mon Actu<\/a>.<\/p>\n","protected":false},"excerpt":{"rendered":"Par Juliette Cardinale Publi\u00e9 le 22 d\u00e9c. 2025 \u00e0 10h19 Un incendie s\u2019est d\u00e9clar\u00e9 dans un immeuble de&hellip;\n","protected":false},"author":2,"featured_media":615522,"comment_status":"","ping_status":"","sticky":false,"template":"","format":"standard","meta":{"footnotes":""},"categories":[2817],"tags":[1111,11,1997,1777,674,118,1011,27,1310,12,2219,1311,25],"class_list":{"0":"post-615521","1":"post","2":"type-post","3":"status-publish","4":"format-standard","5":"has-post-thumbnail","7":"category-bordeaux","8":"tag-actu","9":"tag-actualites","10":"tag-bordeaux","11":"tag-eu","12":"tag-europe","13":"tag-faits-divers","14":"tag-fr","15":"tag-france","16":"tag-incendie","17":"tag-news","18":"tag-nouvelle-aquitaine","19":"tag-pompiers","20":"tag-republique-francaise"},"share_on_mastodon":{"url":"https:\/\/pubeurope.com\/@fr\/115762511566115448","error":""},"_links":{"self":[{"href":"https:\/\/www.europesays.com\/fr\/wp-json\/wp\/v2\/posts\/615521","targetHints":{"allow":["GET"]}}],"collection":[{"href":"https:\/\/www.europesays.com\/fr\/wp-json\/wp\/v2\/posts"}],"about":[{"href":"https:\/\/www.europesays.com\/fr\/wp-json\/wp\/v2\/types\/post"}],"author":[{"embeddable":true,"href":"https:\/\/www.europesays.com\/fr\/wp-json\/wp\/v2\/users\/2"}],"replies":[{"embeddable":true,"href":"https:\/\/www.europesays.com\/fr\/wp-json\/wp\/v2\/comments?post=615521"}],"version-history":[{"count":0,"href":"https:\/\/www.europesays.com\/fr\/wp-json\/wp\/v2\/posts\/615521\/revisions"}],"wp:featuredmedia":[{"embeddable":true,"href":"https:\/\/www.europesays.com\/fr\/wp-json\/wp\/v2\/media\/615522"}],"wp:attachment":[{"href":"https:\/\/www.europesays.com\/fr\/wp-json\/wp\/v2\/media?parent=615521"}],"wp:term":[{"taxonomy":"category","embeddable":true,"href":"https:\/\/www.europesays.com\/fr\/wp-json\/wp\/v2\/categories?post=615521"},{"taxonomy":"post_tag","embeddable":true,"href":"https:\/\/www.europesays.com\/fr\/wp-json\/wp\/v2\/tags?post=615521"}],"curies":[{"name":"wp","href":"https:\/\/api.w.org\/{rel}","templated":true}]}}