{"id":615529,"date":"2025-12-22T09:32:12","date_gmt":"2025-12-22T09:32:12","guid":{"rendered":"https:\/\/www.europesays.com\/fr\/615529\/"},"modified":"2025-12-22T09:32:12","modified_gmt":"2025-12-22T09:32:12","slug":"volotea-celebre-les-80-millions-de-passagers-a-lille-actualite-aeronautique","status":"publish","type":"post","link":"https:\/\/www.europesays.com\/fr\/615529\/","title":{"rendered":"Volotea c\u00e9l\u00e8bre les 80 millions de passagers \u00e0 Lille &#8211; Actualit\u00e9 a\u00e9ronautique"},"content":{"rendered":"<p class=\"subtitle\">Article publi\u00e9 le 22 d\u00e9cembre 2025 par David Dagouret<\/p>\n<p>La compagnie poursuit son expansion sur sa base lilloise et annonce 3 destinations suppl\u00e9mentaires pour 2026.<\/p>\n<p>La compagnie poursuit \u00e9galement son expansion sur sa base lilloise avec l&rsquo;annonce 3 destinations suppl\u00e9mentaires pour 2026. Ainsi, la compagnie a\u00e9rienne lancera des vols directs vers Valence et Grande Canarie en Espagne et Bourgas en Bulgarie.<\/p>\n<ul class=\"puces\">\n<li>La ligne vers Valence sera lanc\u00e9e \u00e0 partir du 21 mai et \u00e0 raison de deux vols par semaine les jeudis et dimanches.\u00a0<\/li>\n<li>La liaison vers Grande Canarie sera lanc\u00e9e d\u00e8s le 26 mai, avec un vol hebdomadaire op\u00e9r\u00e9 les mardis.<\/li>\n<li>Enfin, la route vers Bourgas sera op\u00e9r\u00e9e \u00e0 compter du 27 mai, et \u00e0 raison d&rsquo;un vol par semaine les mercredis.\u00a0<\/li>\n<\/ul>\n<p>Ces nouvelles routes viennent compl\u00e9ter une offre de 41 destinations vers 8 pays (Bulgarie, Croatie, Espagne, France, Gr\u00e8ce, Italie, Maroc et Portugal) et s&rsquo;inscrivent dans la continuit\u00e9 d\u2019une ann\u00e9e 2025 d\u00e9j\u00e0 marqu\u00e9e par l\u2019ouverture de 6 liaisons vers Bari en Italie, Madrid et S\u00e9ville en Espagne et Rodez, Biarritz et Toulon en France ainsi que par l\u2019inauguration de 2 destinations : Comiso en Italie et Patras-Araxos en Gr\u00e8ce.<\/p>\n<p>Volotea a c\u00e9l\u00e9br\u00e9 les 80 millions de passagers transport\u00e9s \u00e0 l&rsquo;a\u00e9roport de Lille.<\/p>\n<p>La compagnie a organis\u00e9, avec le soutien de l&rsquo;A\u00e9roport de Lille, une animation exclusive pour les passagers en transformant la salle d&#8217;embarquement en un espace de d\u00e9tente aux couleurs de Volotea.<\/p>\n<p>Un corner Volotea sp\u00e9cialement am\u00e9nag\u00e9 a accueilli les voyageurs dans une ambiance conviviale. Sous le concept \u00ab 80 millions de passagers m\u00e9ritent une pause \u00bb, la compagnie, en partenariat avec la marque locale Sweeek, a cr\u00e9\u00e9 un espace lounge invitant les passagers \u00e0 se d\u00e9tendre et \u00e0 c\u00e9l\u00e9brer avant l\u2019embarquement.<\/p>\n<p>En fonction de l\u2019horaire de leur vol, un petit d\u00e9jeuner ou un ap\u00e9ritif leur a \u00e9t\u00e9 propos\u00e9. Tous les voyageurs ont pu d\u00e9guster des gaufres, en collaboration avec M\u00e9ert, la prestigieuse p\u00e2tisserie lilloise. Plusieurs passagers ont \u00e9galement remport\u00e9 un vol pour deux personnes afin de d\u00e9couvrir les nouvelles destinations annonc\u00e9es par Volotea cette ann\u00e9e.<\/p>\n<p>Enfin, pour c\u00e9l\u00e9brer ce cap majeur, Natacha Pommenof, la 80 millioni\u00e8me passag\u00e8re,\u00a0 pr\u00e9sente \u00e0 bord du vol Lille\u2013Barcelone, s\u2019est vue offrir un an de vols gratuits avec Volotea.<\/p>\n<p><img loading=\"lazy\" decoding=\"async\" src=\"https:\/\/www.europesays.com\/fr\/wp-content\/uploads\/2025\/07\/9627.jpg\" alt=\"volotea\" width=\"600\" height=\"400\" style=\"border:0px solid;\" \/><\/p>\n<p>  Sur le m\u00eame sujet<\/p>\n","protected":false},"excerpt":{"rendered":"Article publi\u00e9 le 22 d\u00e9cembre 2025 par David Dagouret La compagnie poursuit son expansion sur sa base lilloise&hellip;\n","protected":false},"author":2,"featured_media":231326,"comment_status":"","ping_status":"","sticky":false,"template":"","format":"standard","meta":{"footnotes":""},"categories":[2815],"tags":[1111,47,11,296,30397,30398,7182,13796,17318,30399,9919,11821,341,1777,674,30400,5556,1011,27,811,30401,30402,1307,1031,12,25],"class_list":{"0":"post-615529","1":"post","2":"type-post","3":"status-publish","4":"format-standard","5":"has-post-thumbnail","7":"category-lille","8":"tag-actu","9":"tag-actualite","10":"tag-actualites","11":"tag-aeronautique","12":"tag-aeroweb","13":"tag-aeroweb-fr-net","14":"tag-aviation","15":"tag-avions","16":"tag-compagnies-aeriennes","17":"tag-constructeurs-aeronautiques","18":"tag-cv","19":"tag-dossiers","20":"tag-emploi","21":"tag-eu","22":"tag-europe","23":"tag-fiches-techniques","24":"tag-forum","25":"tag-fr","26":"tag-france","27":"tag-hauts-de-france","28":"tag-histoire-de-laeronautique","29":"tag-histoire-de-laviation","30":"tag-lille","31":"tag-magazine","32":"tag-news","33":"tag-republique-francaise"},"share_on_mastodon":{"url":"https:\/\/pubeurope.com\/@fr\/115762531545137775","error":""},"_links":{"self":[{"href":"https:\/\/www.europesays.com\/fr\/wp-json\/wp\/v2\/posts\/615529","targetHints":{"allow":["GET"]}}],"collection":[{"href":"https:\/\/www.europesays.com\/fr\/wp-json\/wp\/v2\/posts"}],"about":[{"href":"https:\/\/www.europesays.com\/fr\/wp-json\/wp\/v2\/types\/post"}],"author":[{"embeddable":true,"href":"https:\/\/www.europesays.com\/fr\/wp-json\/wp\/v2\/users\/2"}],"replies":[{"embeddable":true,"href":"https:\/\/www.europesays.com\/fr\/wp-json\/wp\/v2\/comments?post=615529"}],"version-history":[{"count":0,"href":"https:\/\/www.europesays.com\/fr\/wp-json\/wp\/v2\/posts\/615529\/revisions"}],"wp:featuredmedia":[{"embeddable":true,"href":"https:\/\/www.europesays.com\/fr\/wp-json\/wp\/v2\/media\/231326"}],"wp:attachment":[{"href":"https:\/\/www.europesays.com\/fr\/wp-json\/wp\/v2\/media?parent=615529"}],"wp:term":[{"taxonomy":"category","embeddable":true,"href":"https:\/\/www.europesays.com\/fr\/wp-json\/wp\/v2\/categories?post=615529"},{"taxonomy":"post_tag","embeddable":true,"href":"https:\/\/www.europesays.com\/fr\/wp-json\/wp\/v2\/tags?post=615529"}],"curies":[{"name":"wp","href":"https:\/\/api.w.org\/{rel}","templated":true}]}}