{"id":61553,"date":"2025-04-29T10:27:07","date_gmt":"2025-04-29T10:27:07","guid":{"rendered":"https:\/\/www.europesays.com\/fr\/61553\/"},"modified":"2025-04-29T10:27:07","modified_gmt":"2025-04-29T10:27:07","slug":"insolite-atp-wta-madrid-le-tacle-de-boulter-a-de-minaur-son-fiance-imagine-que-tu-blames-une-panne-massive-pour-ne-pas-mavoir-repondu-de-toute-la-journee","status":"publish","type":"post","link":"https:\/\/www.europesays.com\/fr\/61553\/","title":{"rendered":"Insolite, ATP\/WTA Madrid > Le tacle de Boulter \u00e0 De Minaur, son fianc\u00e9 : \u00ab\u00a0Imagine que tu bl\u00e2mes une panne massive pour ne pas m&rsquo;avoir r\u00e9pondu de toute la journ\u00e9e\u00a0\u00bb"},"content":{"rendered":"<p>Ce lundi, tous les matchs du tournoi de Madrid <a href=\"https:\/\/www.welovetennis.fr\/atp-wta\/atp-wta-madrid\/improbable-tous-les-matchs-interrompus-et-ce-nest-pas-a-cause-de-la-meteo\" data-wpel-link=\"internal\" target=\"_blank\" rel=\"noopener\">ont \u00e9t\u00e9 suspendus ou annul\u00e9s, apr\u00e8s une panne g\u00e9n\u00e9\u00adrale d\u2019\u00e9lec\u00adtri\u00adcit\u00e9 en Espagne et au Portugal<\/a>. Si Alex De Minaur a pr\u00e9f\u00e9r\u00e9 s\u2019amuser de la situa\u00adtion sur Twitter, sa fianc\u00e9e Katie Boulter n\u2019a pas vrai\u00adment appr\u00e9ci\u00e9.<\/p>\n<p>De Minaur\u00a0:<strong> \u00ab\u202fJe n\u2019ai rien contre le fait d\u2019\u00eatre en dehors du r\u00e9seau. J\u2019en suis \u00e0 la troi\u00adsi\u00e8me marche de la journ\u00e9e et j\u2019ai enfin pu prendre des nouvelles du reste du\u00a0monde\u202f\u00bb.<\/strong><\/p>\n<p>Boulter\u00a0: <strong>\u00ab\u202fImaginez que tu bl\u00e2mes une panne massive pour ne pas m\u2019avoir r\u00e9pondu de toute la journ\u00e9e. Comportement red flag d\u2019\u00e9lite\u202f\u00bb<\/strong>, a comment\u00e9 la Britannique avec humour.<\/p>\n<p class=\"post-published-date\" style=\"color: silver; font-size: 75%; text-align: left;\">Publi\u00e9 le mardi 29 avril 2025 \u00e0 11:29<\/p>\n","protected":false},"excerpt":{"rendered":"Ce lundi, tous les matchs du tournoi de Madrid ont \u00e9t\u00e9 suspendus ou annul\u00e9s, apr\u00e8s une panne g\u00e9n\u00e9\u00adrale&hellip;\n","protected":false},"author":2,"featured_media":54878,"comment_status":"","ping_status":"","sticky":false,"template":"","format":"standard","meta":{"footnotes":""},"categories":[1415],"tags":[8081,1011,27,60,1467],"class_list":{"0":"post-61553","1":"post","2":"type-post","3":"status-publish","4":"format-standard","5":"has-post-thumbnail","7":"category-tennis","8":"tag-de-minaur","9":"tag-fr","10":"tag-france","11":"tag-sports","12":"tag-tennis"},"share_on_mastodon":{"url":"https:\/\/pubeurope.com\/@fr\/114420779746617397","error":""},"_links":{"self":[{"href":"https:\/\/www.europesays.com\/fr\/wp-json\/wp\/v2\/posts\/61553","targetHints":{"allow":["GET"]}}],"collection":[{"href":"https:\/\/www.europesays.com\/fr\/wp-json\/wp\/v2\/posts"}],"about":[{"href":"https:\/\/www.europesays.com\/fr\/wp-json\/wp\/v2\/types\/post"}],"author":[{"embeddable":true,"href":"https:\/\/www.europesays.com\/fr\/wp-json\/wp\/v2\/users\/2"}],"replies":[{"embeddable":true,"href":"https:\/\/www.europesays.com\/fr\/wp-json\/wp\/v2\/comments?post=61553"}],"version-history":[{"count":0,"href":"https:\/\/www.europesays.com\/fr\/wp-json\/wp\/v2\/posts\/61553\/revisions"}],"wp:featuredmedia":[{"embeddable":true,"href":"https:\/\/www.europesays.com\/fr\/wp-json\/wp\/v2\/media\/54878"}],"wp:attachment":[{"href":"https:\/\/www.europesays.com\/fr\/wp-json\/wp\/v2\/media?parent=61553"}],"wp:term":[{"taxonomy":"category","embeddable":true,"href":"https:\/\/www.europesays.com\/fr\/wp-json\/wp\/v2\/categories?post=61553"},{"taxonomy":"post_tag","embeddable":true,"href":"https:\/\/www.europesays.com\/fr\/wp-json\/wp\/v2\/tags?post=61553"}],"curies":[{"name":"wp","href":"https:\/\/api.w.org\/{rel}","templated":true}]}}