{"id":615534,"date":"2025-12-22T09:35:15","date_gmt":"2025-12-22T09:35:15","guid":{"rendered":"https:\/\/www.europesays.com\/fr\/615534\/"},"modified":"2025-12-22T09:35:15","modified_gmt":"2025-12-22T09:35:15","slug":"5-idees-cadeaux-de-derniere-minute-a-trouver-a-lyon-pour-noel","status":"publish","type":"post","link":"https:\/\/www.europesays.com\/fr\/615534\/","title":{"rendered":"5 id\u00e9es cadeaux de derni\u00e8re minute \u00e0 trouver \u00e0 Lyon pour No\u00ebl"},"content":{"rendered":"<p itemprop=\"description\"><strong>C\u2019est la derni\u00e8re ligne droite.<\/strong><\/p>\n<p>A quelques jours de No\u00ebl, il est temps de finir les cadeaux que l\u2019on retrouvera sous le sapin. Si vous n\u2019avez pas encore eu le temps de commencer, la r\u00e9daction de Lyon Femmes vous donne quelques id\u00e9es de derni\u00e8re minute.<\/p>\n<p><strong>Le pass MIAM 2026 d\u2019Audrey de Praline et Rosette et Cyril Mont\u00e9gu<\/strong><\/p>\n<p>C\u2019est le cadeau parfait pour les gourmands. D\u00e9couvrir Lyon tout en se r\u00e9galant : tel est le principe du pass MIAM imagin\u00e9 par <strong>Audrey Marcelino<\/strong>, la fondatrice des balades gourmandes Praline et Rosette. La jeune femme a d\u00e9cid\u00e9 une nouvelle fois de s\u2019associer \u00e0 l\u2019influenceur food <strong>Cyril Mont\u00e9gu<\/strong> pour imaginer ce carnet gourmand avec au bout 17 adresses lyonnaises et 17 d\u00e9gustations possibles. A noter que cette ann\u00e9e, le pass devient \u00e9galement un jeu de piste pour peut-\u00eatre gagner un repas pour 2 personnes chez Paul Bocuse. Plus d\u2019informations <a href=\"https:\/\/campsite.bio\/pralineetrosette\/?utm_source=ig&amp;utm_medium=social&amp;utm_content=link_in_bio&amp;fbclid=PAZXh0bgNhZW0CMTEAc3J0YwZhcHBfaWQMMjU2MjgxMDQwNTU4AAGn1tiqcnjxy39TIOLZFMl-1A5QanXLu-UqHyaO-Ny8KqROCpBLCpC6g2E7EcE_aem_TYfrhE3l2wns1w_A0tdELg\" target=\"_blank\" rel=\"noopener\">ici<\/a><\/p>\n<blockquote class=\"instagram-media\" style=\"background: #FFF; border: 0; border-radius: 3px; box-shadow: 0 0 1px 0 rgba(0,0,0,0.5),0 1px 10px 0 rgba(0,0,0,0.15); margin: 1px; max-width: 540px; min-width: 326px; padding: 0; width: calc(100% - 2px);\" data-instgrm-captioned=\"\" data-instgrm-permalink=\"https:\/\/www.instagram.com\/reel\/DSF5UdUDOlQ\/?utm_source=ig_embed&amp;utm_campaign=loading\" data-instgrm-version=\"14\"><p>&#13;<br \/>\n&#13;\n<\/p><\/blockquote>\n<p><strong>Le jeu de soci\u00e9t\u00e9 lyonnais Flip 7<\/strong><\/p>\n<p>A No\u00ebl, on va forc\u00e9ment jouer \u00e0 des jeux de soci\u00e9t\u00e9. Autant choisir un jeu de soci\u00e9t\u00e9 lyonnais. \u00c7a tombe bien puisque l\u2019\u00e9diteur lyonnais Catch Up Games propose un nouveau jeu de cartes ultra-simple, fun et surtout addictif. Parfait pour les soir\u00e9es en famille ou entre amis, Flip 7 repose sur une r\u00e8gle simple : les joueurs d\u00e9cident \u00e0 chaque tour de tirer une carte pour accumuler des points, ou de s\u2019arr\u00eater l\u00e0. S\u2019ils tombent sur un num\u00e9ro qu\u2019ils ont d\u00e9j\u00e0\u2026 ils perdent la manche. Plus d\u2019informations <a href=\"https:\/\/linktr.ee\/CatchUpGames?utm_source=ig&amp;utm_medium=social&amp;utm_content=link_in_bio&amp;fbclid=PAZXh0bgNhZW0CMTEAc3J0YwZhcHBfaWQMMjU2MjgxMDQwNTU4AAGnS1dLkAoZyiU3xhDuV7hit1gZdrhR1n9NPHaU1zHUiBkVHuwDC5TcoNVZ3dI_aem_LZ7NS5efmT46B2scThOSPw\" target=\"_blank\" rel=\"noopener\">ici<\/a><\/p>\n<blockquote class=\"instagram-media\" style=\"background: #FFF; border: 0; border-radius: 3px; box-shadow: 0 0 1px 0 rgba(0,0,0,0.5),0 1px 10px 0 rgba(0,0,0,0.15); margin: 1px; max-width: 540px; min-width: 326px; padding: 0; width: calc(100% - 2px);\" data-instgrm-captioned=\"\" data-instgrm-permalink=\"https:\/\/www.instagram.com\/reel\/DRaEzQnDJfP\/?utm_source=ig_embed&amp;utm_campaign=loading\" data-instgrm-version=\"14\"><p>&#13;<br \/>\n&#13;\n<\/p><\/blockquote>\n<p><strong>Tote bag vadrouille Lyon<\/strong><\/p>\n<p>On a toujours besoin d\u2019un sac. C\u2019est encore mieux s\u2019il s\u2019agit d\u2019un tote bag mettant Lyon \u00e0 l\u2019honneur. Bonne nouvelle puisqu\u2019Atelier Coton propose en partenariat avec la Ville de Lyon plusieurs tote-bags \u00e0 l\u2019effigie de la capitale des Gaules. A la r\u00e9dac, on a eu un coup de c\u0153ur pour le cabas vadrouille parfait pour aller faire du shopping \u00e0 travers les rues de Lyon. Plus d\u2019informations <a href=\"https:\/\/boutique.lyon.fr\/tous-les-produits?partenaire=30\" target=\"_blank\" rel=\"noopener\">ici<\/a><\/p>\n<blockquote class=\"instagram-media\" style=\"background: #FFF; border: 0; border-radius: 3px; box-shadow: 0 0 1px 0 rgba(0,0,0,0.5),0 1px 10px 0 rgba(0,0,0,0.15); margin: 1px; max-width: 540px; min-width: 326px; padding: 0; width: calc(100% - 2px);\" data-instgrm-captioned=\"\" data-instgrm-permalink=\"https:\/\/www.instagram.com\/p\/C6GRAnFoRpJ\/?utm_source=ig_embed&amp;utm_campaign=loading\" data-instgrm-version=\"14\"><p>&#13;<br \/>\n&#13;\n<\/p><\/blockquote>\n<p><strong>Carr\u00e9 de soie de la Maison Malfroy<\/strong><\/p>\n<p>C\u2019est l\u2019accessoire chic et tendance du moment. Un foulard en soie parfait pour l\u2019hiver. La maison de soierie lyonnaise Malfroy en propose de nombreux plus color\u00e9s les uns que les autres. Mention sp\u00e9ciale pour la collection imagin\u00e9e autour de l\u2019univers du c\u00e9l\u00e8bre sorcier Harry Potter. Plus d\u2019informations <a href=\"https:\/\/www.shop.malfroy.com\/?utm_source=ig&amp;utm_medium=social&amp;utm_content=link_in_bio&amp;fbclid=PAZXh0bgNhZW0CMTEAc3J0YwZhcHBfaWQMMjU2MjgxMDQwNTU4AAGnU6CoJxerwLQowGWY7nySjk5iwT1hSBaFbeKfbKELfMz8mskuf1Prg_2n6HM_aem_wAK8FG8O3maBNhZIK33yzA\" target=\"_blank\" rel=\"noopener\">ici<\/a><\/p>\n<blockquote class=\"instagram-media\" style=\"background: #FFF; border: 0; border-radius: 3px; box-shadow: 0 0 1px 0 rgba(0,0,0,0.5),0 1px 10px 0 rgba(0,0,0,0.15); margin: 1px; max-width: 540px; min-width: 326px; padding: 0; width: calc(100% - 2px);\" data-instgrm-captioned=\"\" data-instgrm-permalink=\"https:\/\/www.instagram.com\/reel\/DSK7YLaDSvm\/?utm_source=ig_embed&amp;utm_campaign=loading\" data-instgrm-version=\"14\"><p>&#13;<br \/>\n&#13;\n<\/p><\/blockquote>\n<p><strong>Carnet coloriage de Lyon d\u2019\u00c9milie Ettori<\/strong><\/p>\n<p>C\u2019est la boutique \u00e0 ne pas louper si vous passez du c\u00f4t\u00e9 du Grand H\u00f4tel-Dieu de Lyon. Celle de l\u2019illustratrice lyonnaise \u00c9milie Ettori connue pour ses dessins de villes d\u2019un point de vue a\u00e9rien. Des cr\u00e9ations qui prennent vie sur des affiches, des carnets ou encore de la papeterie. Des cadeaux parfaits pour les amoureux de Lyon. On a eu un petit coup de c\u0153ur pour le carnet de coloriage \u00e0 peindre. Plus d\u2019informations <a href=\"https:\/\/www.emilieettori-illustration.com\/?utm_source=ig&amp;utm_medium=social&amp;utm_content=link_in_bio&amp;fbclid=PAZXh0bgNhZW0CMTEAc3J0YwZhcHBfaWQMMjU2MjgxMDQwNTU4AAGnUDkbahp0K9wiK-lzm-ULpjtsH7dhxOYKyV4emTjqH9t9871yrPfhDIRoBsg_aem_kK3S0g0UAlDMxNZ4QVsuSw\" target=\"_blank\" rel=\"noopener\">ici<\/a><\/p>\n<blockquote class=\"instagram-media\" style=\"background: #FFF; border: 0; border-radius: 3px; box-shadow: 0 0 1px 0 rgba(0,0,0,0.5),0 1px 10px 0 rgba(0,0,0,0.15); margin: 1px; max-width: 540px; min-width: 326px; padding: 0; width: calc(100% - 2px);\" data-instgrm-captioned=\"\" data-instgrm-permalink=\"https:\/\/www.instagram.com\/p\/DSLXinojJ-5\/?utm_source=ig_embed&amp;utm_campaign=loading\" data-instgrm-version=\"14\"><p>&#13;<br \/>\n&#13;\n<\/p><\/blockquote>\n<p>\t\t  <script async src=\"\/\/www.instagram.com\/embed.js\"><\/script><\/p>\n","protected":false},"excerpt":{"rendered":"C\u2019est la derni\u00e8re ligne droite. A quelques jours de No\u00ebl, il est temps de finir les cadeaux que&hellip;\n","protected":false},"author":2,"featured_media":615535,"comment_status":"","ping_status":"","sticky":false,"template":"","format":"standard","meta":{"footnotes":""},"categories":[1889],"tags":[1111,11,2813,2190,2430,1109,251,1112,2811,1777,674,118,1294,4651,1011,27,1922,1110,1114,2428,4903,4902,12,241,316,25,2812,517,800],"class_list":{"0":"post-615534","1":"post","2":"type-post","3":"status-publish","4":"format-standard","5":"has-post-thumbnail","7":"category-lyon","8":"tag-actu","9":"tag-actualites","10":"tag-article","11":"tag-asvel","12":"tag-auvergne-rhone-alpes","13":"tag-breves","14":"tag-culture","15":"tag-depeches","16":"tag-economique","17":"tag-eu","18":"tag-europe","19":"tag-faits-divers","20":"tag-femme","21":"tag-femmes","22":"tag-fr","23":"tag-france","24":"tag-info","25":"tag-informations","26":"tag-infos","27":"tag-lyon","28":"tag-lyonfemme","29":"tag-lyonfemmes","30":"tag-news","31":"tag-ol","32":"tag-politique","33":"tag-republique-francaise","34":"tag-sociale","35":"tag-sport","36":"tag-transports"},"share_on_mastodon":{"url":"https:\/\/pubeurope.com\/@fr\/115762543039864394","error":""},"_links":{"self":[{"href":"https:\/\/www.europesays.com\/fr\/wp-json\/wp\/v2\/posts\/615534","targetHints":{"allow":["GET"]}}],"collection":[{"href":"https:\/\/www.europesays.com\/fr\/wp-json\/wp\/v2\/posts"}],"about":[{"href":"https:\/\/www.europesays.com\/fr\/wp-json\/wp\/v2\/types\/post"}],"author":[{"embeddable":true,"href":"https:\/\/www.europesays.com\/fr\/wp-json\/wp\/v2\/users\/2"}],"replies":[{"embeddable":true,"href":"https:\/\/www.europesays.com\/fr\/wp-json\/wp\/v2\/comments?post=615534"}],"version-history":[{"count":0,"href":"https:\/\/www.europesays.com\/fr\/wp-json\/wp\/v2\/posts\/615534\/revisions"}],"wp:featuredmedia":[{"embeddable":true,"href":"https:\/\/www.europesays.com\/fr\/wp-json\/wp\/v2\/media\/615535"}],"wp:attachment":[{"href":"https:\/\/www.europesays.com\/fr\/wp-json\/wp\/v2\/media?parent=615534"}],"wp:term":[{"taxonomy":"category","embeddable":true,"href":"https:\/\/www.europesays.com\/fr\/wp-json\/wp\/v2\/categories?post=615534"},{"taxonomy":"post_tag","embeddable":true,"href":"https:\/\/www.europesays.com\/fr\/wp-json\/wp\/v2\/tags?post=615534"}],"curies":[{"name":"wp","href":"https:\/\/api.w.org\/{rel}","templated":true}]}}