{"id":615536,"date":"2025-12-22T09:36:16","date_gmt":"2025-12-22T09:36:16","guid":{"rendered":"https:\/\/www.europesays.com\/fr\/615536\/"},"modified":"2025-12-22T09:36:16","modified_gmt":"2025-12-22T09:36:16","slug":"lyon-apres-une-annee-de-colere-chez-tcl-une-jolie-prime-macron-peine-a-calmer-les-salaries","status":"publish","type":"post","link":"https:\/\/www.europesays.com\/fr\/615536\/","title":{"rendered":"Lyon. Apr\u00e8s une ann\u00e9e de col\u00e8re chez TCL, une jolie \u00ab\u00a0prime Macron\u00a0\u00bb peine \u00e0 calmer les salari\u00e9s"},"content":{"rendered":"<p>                    Par<br \/>\n        <strong><br \/>\n            <a href=\"https:\/\/actu.fr\/auteur\/theo-zuili\" title=\"Consulter tous les articles de Th\u00e9o Zuili\" target=\"_blank\" rel=\"noopener\">Th\u00e9o Zuili<\/a><br \/>\n                    <\/strong><\/p>\n<p>        Publi\u00e9 le<\/p>\n<p>            22 d\u00e9c. 2025 \u00e0 10h19        <\/p>\n<p>Le pire a \u00e9t\u00e9 \u00e9vit\u00e9 en pleine <a href=\"https:\/\/actu.fr\/tag\/fete-des-lumieres-de-lyon\" target=\"_blank\" rel=\"noopener\">F\u00eate des Lumi\u00e8res 2025<\/a> : les personnels du m\u00e9tro des <a href=\"https:\/\/actu.fr\/tag\/transports-en-commun-lyonnais-tcl\" target=\"_blank\" rel=\"noopener\">TCL<\/a> \u00e0 <a href=\"https:\/\/actu.fr\/auvergne-rhone-alpes\/lyon_69123\" target=\"_blank\" rel=\"noopener\">Lyon<\/a> qui <a href=\"https:\/\/actu.fr\/auvergne-rhone-alpes\/lyon_69123\/lyon-greve-massive-des-tcl-a-la-fete-des-lumieres-ce-qu-ont-decide-les-agents_63516174.html#:~:text=La%20semaine%20derni%C3%A8re%2C%20pr%C3%A8s%20de,de%20la%20F%C3%AAte%20des%20Lumi%C3%A8res.\" target=\"_blank\" rel=\"noopener\">mena\u00e7aient de faire gr\u00e8ve<\/a> ont \u00e9t\u00e9 <strong>apais\u00e9s par la promesse d\u2019une belle prime<\/strong> de No\u00ebl accord\u00e9e par RATP Dev, qui exploite le m\u00e9tro et les tramways depuis l\u2019allotissement d\u00e9cid\u00e9 en 2025.<br \/>Mais, alors que les syndicats r\u00e9clament de meilleurs salaires, ce coup de pouce ponctuel risque de<strong> ne pas suffire \u00e0 calmer une col\u00e8re<\/strong> qui monte \u00ab\u00a0en faveur du service public\u00a0\u00bb, pr\u00e9vient la CGT.<\/p>\n<p>Une ann\u00e9e sociale tr\u00e8s tendue qui s\u2019ach\u00e8ve<\/p>\n<p class=\" wall-content\">Une augmentation des salaires de 1% a \u00e9t\u00e9 d\u00e9cid\u00e9e en 2025 apr\u00e8s des n\u00e9gociations annuelles obligatoires rat\u00e9es au printemps entre syndicats et direction. La CGT, majoritaire au sein du mode lourd des TCL, militait en faveur d\u2019une augmentation de 7%. De quoi d\u00e9cider d\u2019un <strong>pr\u00e9avis de gr\u00e8ve longue dur\u00e9e<\/strong> d\u00e9pos\u00e9 sur toute l\u2019ann\u00e9e.<\/p>\n<p class=\" wall-content\">Les gr\u00e8ves <a href=\"https:\/\/actu.fr\/auvergne-rhone-alpes\/lyon_69123\/greve-des-tcl-a-lyon-une-mobilisation-record-de-nouvelles-perturbations-a-prevoir_63129893.html\" target=\"_blank\" rel=\"noopener\">se sont multipli\u00e9es entre juin, septembre et d\u00e9cembre 2025<\/a>. Jusqu\u2019\u00e0 une mobilisation spontan\u00e9e, n\u00e9e hors syndicats et annonc\u00e9e \u00e0 quelques jours de la F\u00eate des Lumi\u00e8res 2025.<\/p>\n<p class=\" wall-content\">Face \u00e0 la menace de voir le m\u00e9tro D et le r\u00e9seau de tramway immobilis\u00e9s, RATP Dev a accord\u00e9 d\u2019urgence une \u00ab\u00a0prime de partage de la valeur\u00a0\u00bb exceptionnelle (connue comme la prime Macron) \u00e0 ses salari\u00e9s. <strong>450 euros nets<\/strong> seront vers\u00e9s d\u00e9but 2026 : tous les agents n\u2019ont pas \u00e9t\u00e9 satisfaits et certains conducteurs c\u00f4t\u00e9 tramways ont tout de m\u00eame fait gr\u00e8ve.<\/p>\n<p>Une solution \u00ab\u00a0pas \u00e0 la hauteur\u00a0\u00bb<\/p>\n<p class=\" wall-content\">\u00ab\u00a0\u00c7a fait plaisir, mais ce n\u2019est pas du tout \u00e0 la hauteur des revendications\u00a0\u00bb, r\u00e9sume Ludovic Rioux, secr\u00e9taire \u00e0 l\u2019organisation du syndicat CGT des TCL Modes Lourds. De quoi diviser les agents, puisque les conducteurs de bus encore d\u00e9pendants de Keolis n\u2019auront pas droit \u00e0 cette m\u00eame prime ?<\/p>\n<p class=\" wall-content\">\u00ab\u00a0Le m\u00e9contentement c\u00f4t\u00e9 bus n\u2019\u00e9tait pas le m\u00eame et une autre prime avait \u00e9t\u00e9 d\u00e9cid\u00e9e. Mais on est tous agents TCL, et on a pas les m\u00eames droits selon notre op\u00e9rateur, \u00e7a interroge\u00a0\u00bb, r\u00e9pond le syndicaliste.<\/p>\n<p>Votre r\u00e9gion, votre actu !<\/p>\n<p>Recevez chaque jour les infos qui comptent pour vous.<\/p>\n<p>\t<a href=\"https:\/\/actu.fr\/newsletter\" class=\"ac-btn ac-btn--corner ac-btn--medium ac-btn--blue800\" target=\"_blank\" rel=\"noopener\">S&rsquo;incrire<\/a><br \/>\nDes salaires peu attractifs<\/p>\n<p class=\" wall-content\">\u00ab\u00a0Il va falloir aller au devant de combats si on veut maintenir le niveau de droits d\u2019avant l\u2019allotissement, surtout vis-\u00e0-vis des salaires en d\u00e9crochage constant vis-\u00e0-vis de l\u2019inflation depuis des ann\u00e9es maintenant\u00a0\u00bb, d\u00e9plore Ludovic Rioux qui estime qu\u2019il \u00ab\u00a0reste des combats \u00e0 mener\u00a0\u00bb pour rendre le m\u00e9tier plus attractif.<\/p>\n<blockquote class=\"ac-article-quote wall-content\">\n<p>Au regard des conditions de travail, je veux bien voir qui est pr\u00eat \u00e0 se lever, travailler toute la nuit, pour des salaires qui ne suivent pas l&rsquo;inflation et finissent \u00e0 peine plus \u00e9lev\u00e9s que le Smic. Le nouvel op\u00e9rateur montre qu&rsquo;il a repris le r\u00e9seau avec un objectif clair : faire du profit au d\u00e9triment des salairi\u00e9s. Ce choix de gestion se fait au d\u00e9triment du service public. <\/p>\n<p>    <strong>Ludovic Rioux<\/strong>\n            <\/p><\/blockquote>\n<p class=\" wall-content\">D\u2019autant que l\u2019ann\u00e9e prochaine sera celle de la ren\u00e9gociation du socle social dans l\u2019entreprise. \u00ab\u00a0Il va falloir se demander comment <strong>construire un rapport de force<\/strong> pour la question du maintien des droits existants et de la d\u00e9fense des salaires\u00a0\u00bb, mart\u00e8le le syndicaliste.<\/p>\n<p class=\" wall-content\">Si rien ne bouge en 2026, ce type de mobilisations pourra donc \u00e0 nouveau se multiplier.<\/p>\n<p class=\" wall-content\">Personnalisez votre actualit\u00e9 en ajoutant vos villes et m\u00e9dias en favori avec <a href=\"https:\/\/moncompte.actu.fr\" title=\"D\u00e9couvez Mon Actu\" rel=\"nofollow noopener\" data-trk=\"{&quot;cta&quot;:{&quot;action&quot;:&quot;https:\\\/\\\/moncompte.actu.fr&quot;,&quot;category&quot;:&quot;mon compte&quot;,&quot;from&quot;:&quot;article footer&quot;,&quot;name&quot;:&quot;Mon actu&quot;,&quot;type&quot;:&quot;cta&quot;}}\" target=\"_blank\">Mon Actu<\/a>.<\/p>\n","protected":false},"excerpt":{"rendered":"Par Th\u00e9o Zuili Publi\u00e9 le 22 d\u00e9c. 2025 \u00e0 10h19 Le pire a \u00e9t\u00e9 \u00e9vit\u00e9 en pleine F\u00eate&hellip;\n","protected":false},"author":2,"featured_media":615537,"comment_status":"","ping_status":"","sticky":false,"template":"","format":"standard","meta":{"footnotes":""},"categories":[1889],"tags":[1111,11,2430,33,1777,674,1011,27,6151,2428,1272,12,25,5787],"class_list":{"0":"post-615536","1":"post","2":"type-post","3":"status-publish","4":"format-standard","5":"has-post-thumbnail","7":"category-lyon","8":"tag-actu","9":"tag-actualites","10":"tag-auvergne-rhone-alpes","11":"tag-economie","12":"tag-eu","13":"tag-europe","14":"tag-fr","15":"tag-france","16":"tag-greve","17":"tag-lyon","18":"tag-manifestations","19":"tag-news","20":"tag-republique-francaise","21":"tag-transports-en-commun-lyonnais-tcl"},"share_on_mastodon":{"url":"https:\/\/pubeurope.com\/@fr\/115762546780196121","error":""},"_links":{"self":[{"href":"https:\/\/www.europesays.com\/fr\/wp-json\/wp\/v2\/posts\/615536","targetHints":{"allow":["GET"]}}],"collection":[{"href":"https:\/\/www.europesays.com\/fr\/wp-json\/wp\/v2\/posts"}],"about":[{"href":"https:\/\/www.europesays.com\/fr\/wp-json\/wp\/v2\/types\/post"}],"author":[{"embeddable":true,"href":"https:\/\/www.europesays.com\/fr\/wp-json\/wp\/v2\/users\/2"}],"replies":[{"embeddable":true,"href":"https:\/\/www.europesays.com\/fr\/wp-json\/wp\/v2\/comments?post=615536"}],"version-history":[{"count":0,"href":"https:\/\/www.europesays.com\/fr\/wp-json\/wp\/v2\/posts\/615536\/revisions"}],"wp:featuredmedia":[{"embeddable":true,"href":"https:\/\/www.europesays.com\/fr\/wp-json\/wp\/v2\/media\/615537"}],"wp:attachment":[{"href":"https:\/\/www.europesays.com\/fr\/wp-json\/wp\/v2\/media?parent=615536"}],"wp:term":[{"taxonomy":"category","embeddable":true,"href":"https:\/\/www.europesays.com\/fr\/wp-json\/wp\/v2\/categories?post=615536"},{"taxonomy":"post_tag","embeddable":true,"href":"https:\/\/www.europesays.com\/fr\/wp-json\/wp\/v2\/tags?post=615536"}],"curies":[{"name":"wp","href":"https:\/\/api.w.org\/{rel}","templated":true}]}}