{"id":615546,"date":"2025-12-22T09:45:18","date_gmt":"2025-12-22T09:45:18","guid":{"rendered":"https:\/\/www.europesays.com\/fr\/615546\/"},"modified":"2025-12-22T09:45:18","modified_gmt":"2025-12-22T09:45:18","slug":"la-serie-aura-t-elle-une-suite","status":"publish","type":"post","link":"https:\/\/www.europesays.com\/fr\/615546\/","title":{"rendered":"la s\u00e9rie aura-t-elle une suite ?"},"content":{"rendered":"<p>Lily Collins retrouve son r\u00f4le embl\u00e9matique d\u2019Emily Cooper dans la cinqui\u00e8me saison d\u2019Emily in Paris. Port\u00e9e par de nouveaux d\u00e9cors, la s\u00e9rie conclut ses dix \u00e9pisodes sur une ouverture assum\u00e9e, laissant entrevoir la poursuite des aventures d\u2019Emily dans un autre pays europ\u00e9en.<\/p>\n<p>Toujours prompte \u00e0 r\u00e9inventer son d\u00e9cor, <a href=\"https:\/\/leclaireur.fnac.com\/article\/644439-emily-in-paris-que-vaut-la-saison-5-notre-avis-tres-critique\/\" target=\"_blank\" rel=\"noreferrer noopener\">Emily in Paris<\/a> a livr\u00e9 <a href=\"https:\/\/leclaireur.fnac.com\/article\/644897-emily-in-paris-comment-se-termine-la-saison-5-explication-de-la-fin\/\" target=\"_blank\" rel=\"noreferrer noopener\">une cinqui\u00e8me saison<\/a> qui ne se contente plus de flirter avec <a href=\"https:\/\/leclaireur.fnac.com\/article\/639892-emily-in-paris-vs-reality-quelle-serie-romance-le-plus-la-capitale\/\" target=\"_blank\" rel=\"noreferrer noopener\">les clich\u00e9s parisiens<\/a>. Entre Rome, Paris et de nouvelles perspectives m\u00e9diterran\u00e9ennes, la com\u00e9die romantique port\u00e9e par Lily Collins s\u2019autorise un changement d\u2019\u00e9chelle. L\u2019aventure d\u2019Emily Cooper est-elle appel\u00e9e \u00e0 se poursuivre ?<\/p>\n<p>Disponible en int\u00e9gralit\u00e9 depuis le 18 d\u00e9cembre, la saison 5 d\u00e9place une partie de son intrigue en Italie, o\u00f9 Emily prend la t\u00eate de l\u2019Agence Grateau \u00e0 Rome. Ce nouveau poste marque un tournant : confront\u00e9e \u00e0 des \u00e9quipes locales et \u00e0 des codes professionnels diff\u00e9rents, elle doit assumer davantage de responsabilit\u00e9s.<\/p>\n<p><img fetchpriority=\"high\" decoding=\"async\" width=\"1000\" height=\"579\" src=\"https:\/\/www.europesays.com\/fr\/wp-content\/uploads\/2025\/12\/emily-paris3-1.jpg\" alt=\"\" class=\"wp-image-644442\"  \/>Saison 5 d\u2019Emily in Paris.\u00a9Netflix<\/p>\n<p>Sur le plan personnel, le chapitre prolonge les tiraillements sentimentaux d\u2019Emily, toujours marqu\u00e9s par son histoire complexe avec Gabriel, tandis qu\u2019une nouvelle relation italienne vient rebattre les cartes. Autour d\u2019elle, les figures famili\u00e8res restent au c\u0153ur de l\u2019intrigue : Mindy poursuit son parcours artistique, Sylvie supervise l\u2019Agence Grateau et le tandem Luc et Julien continue d\u2019animer la vie de l\u2019agence.<\/p>\n<p><img loading=\"lazy\" decoding=\"async\" width=\"1024\" height=\"576\" src=\"https:\/\/www.europesays.com\/fr\/wp-content\/uploads\/2025\/12\/emily-in-paris-saison-4-1024x576.jpg\" alt=\"\" class=\"wp-image-528130\"  \/>Saison 5 d\u2019Emily in Paris.\u00a9Netflix<\/p>\n<p>Sans d\u00e9voiler ses cartes trop frontalement, cette cinqui\u00e8me saison se conclut sur une perspective claire : le voyage d\u2019Emily ne s\u2019arr\u00eate pas l\u00e0. La derni\u00e8re sc\u00e8ne projette l\u2019h\u00e9ro\u00efne vers la Gr\u00e8ce, esquissant un nouveau terrain de jeu narratif et g\u00e9ographique. Une orientation qui agit comme un signal adress\u00e9 aux fans : l\u2019histoire n\u2019a pas encore trouv\u00e9 son point final.<\/p>\n<p>Ce que l\u2019on sait de la saison 6<\/p>\n<p>\u00c0 ce stade, aucune officialisation d\u2019une saison 6 n\u2019a \u00e9t\u00e9 annonc\u00e9e. Interrog\u00e9 \u00e0 plusieurs reprises, le cr\u00e9ateur <a href=\"https:\/\/www.fnac.com\/ia624143\/Darren-Star\" target=\"_blank\" rel=\"noreferrer noopener\">Darren Star<\/a> se montre n\u00e9anmoins confiant. Il assure avoir encore \u00ab\u00a0des histoires \u00e0 raconter\u00a0\u00bb et r\u00e9p\u00e8te \u00eatre pr\u00eat \u00e0 prolonger <a href=\"https:\/\/www.fnac.com\/s1732\/Toutes-les-Series-TV\" target=\"_blank\" rel=\"noreferrer noopener\">la s\u00e9rie<\/a> aussi longtemps que la plateforme le souhaitera. \u00ab\u00a0S\u2019il y a une saison 6, Emily aura d\u00e9j\u00e0 de nombreux d\u00e9fis \u00e0 relever\u00a0\u00bb, a-t-il d\u00e9clar\u00e9 \u00e0 <a href=\"https:\/\/www.tf1info.fr\/culture\/programme-tv-emily-in-paris-saison-5-sur-netflix-darren-star-nous-avons-encore-des-histoires-a-raconter-2413916.html\" target=\"_blank\" rel=\"noreferrer noopener nofollow\">TF1<\/a>.<\/p>\n<p>Le succ\u00e8s imm\u00e9diat de la saison 5, rapidement install\u00e9e en t\u00eate des audiences mondiales, plaide en faveur d\u2019une suite. Reste \u00e0 savoir si cette \u00e9ventuelle saison 6 marquerait l\u2019aboutissement du parcours d\u2019Emily ou l\u2019ouverture d\u2019un nouveau cycle, plus international encore. <\/p>\n<p><strong class=\"small\">En stock vendeur partenaire<\/strong><\/p>\n<p>        Acheter sur Fnac.com<\/p>\n","protected":false},"excerpt":{"rendered":"Lily Collins retrouve son r\u00f4le embl\u00e9matique d\u2019Emily Cooper dans la cinqui\u00e8me saison d\u2019Emily in Paris. Port\u00e9e par de&hellip;\n","protected":false},"author":2,"featured_media":615547,"comment_status":"","ping_status":"","sticky":false,"template":"","format":"standard","meta":{"footnotes":""},"categories":[1888],"tags":[11,11739,1777,674,1011,27,127,12,626,25,19666],"class_list":{"0":"post-615546","1":"post","2":"type-post","3":"status-publish","4":"format-standard","5":"has-post-thumbnail","7":"category-paris","8":"tag-actualites","9":"tag-emily-in-paris","10":"tag-eu","11":"tag-europe","12":"tag-fr","13":"tag-france","14":"tag-netflix","15":"tag-news","16":"tag-paris","17":"tag-republique-francaise","18":"tag-romance"},"share_on_mastodon":{"url":"https:\/\/pubeurope.com\/@fr\/115762583940472190","error":""},"_links":{"self":[{"href":"https:\/\/www.europesays.com\/fr\/wp-json\/wp\/v2\/posts\/615546","targetHints":{"allow":["GET"]}}],"collection":[{"href":"https:\/\/www.europesays.com\/fr\/wp-json\/wp\/v2\/posts"}],"about":[{"href":"https:\/\/www.europesays.com\/fr\/wp-json\/wp\/v2\/types\/post"}],"author":[{"embeddable":true,"href":"https:\/\/www.europesays.com\/fr\/wp-json\/wp\/v2\/users\/2"}],"replies":[{"embeddable":true,"href":"https:\/\/www.europesays.com\/fr\/wp-json\/wp\/v2\/comments?post=615546"}],"version-history":[{"count":0,"href":"https:\/\/www.europesays.com\/fr\/wp-json\/wp\/v2\/posts\/615546\/revisions"}],"wp:featuredmedia":[{"embeddable":true,"href":"https:\/\/www.europesays.com\/fr\/wp-json\/wp\/v2\/media\/615547"}],"wp:attachment":[{"href":"https:\/\/www.europesays.com\/fr\/wp-json\/wp\/v2\/media?parent=615546"}],"wp:term":[{"taxonomy":"category","embeddable":true,"href":"https:\/\/www.europesays.com\/fr\/wp-json\/wp\/v2\/categories?post=615546"},{"taxonomy":"post_tag","embeddable":true,"href":"https:\/\/www.europesays.com\/fr\/wp-json\/wp\/v2\/tags?post=615546"}],"curies":[{"name":"wp","href":"https:\/\/api.w.org\/{rel}","templated":true}]}}