{"id":615548,"date":"2025-12-22T09:46:22","date_gmt":"2025-12-22T09:46:22","guid":{"rendered":"https:\/\/www.europesays.com\/fr\/615548\/"},"modified":"2025-12-22T09:46:22","modified_gmt":"2025-12-22T09:46:22","slug":"en-direct-guerre-en-ukraine-un-general-de-letat-major-russe-tue-dans-une-explosion-a-moscou","status":"publish","type":"post","link":"https:\/\/www.europesays.com\/fr\/615548\/","title":{"rendered":"EN DIRECT &#8211; Guerre en Ukraine : un g\u00e9n\u00e9ral de l&rsquo;\u00e9tat-major russe tu\u00e9 dans une explosion \u00e0 Moscou"},"content":{"rendered":"<ul class=\"jsx-862013697 ArticleChapo__List\">\n<li class=\"jsx-862013697 ArticleChapo__List_Item flex\">Un g\u00e9n\u00e9ral de l&rsquo;\u00e9tat-major russe a \u00e9t\u00e9 tu\u00e9 CE matin dans l&rsquo;explosion d&rsquo;une voiture dans le sud de Moscou, a annonc\u00e9 le Comit\u00e9 d&rsquo;enqu\u00eate russe, en affirmant \u00e9tudier une piste ukrainienne.<\/li>\n<li class=\"jsx-862013697 ArticleChapo__List_Item flex\">Suivez les derni\u00e8res informations.<\/li>\n<\/ul>\n<p><a href=\"https:\/\/www.tf1info.fr\/actualite\/guerre-ukraine-russie-une-rencontre-donald-trump-vladimir-poutine-historique-le-vendredi-15-aout-2025-en-alaska-sans-volodymyr-zelensky-14326\/\" rel=\"noopener\" class=\"jsx-484472199 Link jsx-1428418400 jsx-554215408\" target=\"_blank\"><\/p>\n<p style=\"font-weight:400\" class=\"jsx-1837267516\">Suivez la couverture compl\u00e8te<\/p>\n<p style=\"font-weight:800\" class=\"jsx-1837267516\">Ukraine-Russie : la perspective de n\u00e9gociations relanc\u00e9e ?<\/p>\n<p><\/a>Les \u00e9l\u00e9ments marquantsMORT D&rsquo;UN G\u00c9N\u00c9RAL DE L&rsquo;\u00c9TAT-MAJOR RUSSE08:11<\/p>\n<p>Un g\u00e9n\u00e9ral de l&rsquo;\u00e9tat-major russe a \u00e9t\u00e9 tu\u00e9 lundi matin dans l&rsquo;explosion d&rsquo;une voiture dans le sud de Moscou, a annonc\u00e9 le Comit\u00e9 d&rsquo;enqu\u00eate russe, en affirmant \u00e9tudier une piste ukrainienne.<\/p>\n<p>Une enqu\u00eate pour \u00ab\u00a0meurtre\u00a0\u00bb du g\u00e9n\u00e9ral-lieutenant Fanil Sarvarov, chef du d\u00e9partement de la formation op\u00e9rationnelle au sein de l&rsquo;\u00e9tat-major, a \u00e9t\u00e9 ouverte, a pr\u00e9cis\u00e9 le comit\u00e9 dans un communiqu\u00e9. L&rsquo;une des pistes \u00e9tudi\u00e9es est celle \u00ab\u00a0li\u00e9e\u00a0\u00bb aux \u00ab\u00a0services sp\u00e9ciaux ukrainiens\u00a0\u00bb, selon la m\u00eame source.<\/p>\n<p>Minute par minuteEN IMAGES09:37<\/p>\n<p>D\u00e9couvrez les images de la voiture du g\u00e9n\u00e9ral d&rsquo;\u00e9tat-major russe tu\u00e9 dans l&rsquo;explosion d&rsquo;une voiture dans le sud de Moscou.\u00a0<\/p>\n<p>Un g\u00e9n\u00e9ral de l&rsquo;\u00e9tat-major russe tu\u00e9 dans une explosion \u00e0 MoscouSource : TF1 Info<\/p>\n<p><img decoding=\"async\" src=\"https:\/\/www.europesays.com\/fr\/wp-content\/uploads\/2025\/12\/un-general-de-l-etat-major-russe-tue-dans-une-explosion-a-moscou-ad48ac-0@1x.jpeg\" alt=\"Un g\u00e9n\u00e9ral de l'\u00e9tat-major russe tu\u00e9 dans une explosion \u00e0 Moscou\" loading=\"lazy\" importance=\"low\" fetchpriority=\"low\" class=\"\"\/><img decoding=\"async\" src=\"https:\/\/www.tf1info.fr\/images\/icons\/player-logo-play.svg\" alt=\"Logo lecture\" class=\"jsx-d0de44c05fe3042c PlayerLazyload__Play\"\/>MORT D&rsquo;UN G\u00c9N\u00c9RAL DE L&rsquo;\u00c9TAT-MAJOR RUSSE08:11<\/p>\n<p>Un g\u00e9n\u00e9ral de l&rsquo;\u00e9tat-major russe a \u00e9t\u00e9 tu\u00e9 lundi matin dans l&rsquo;explosion d&rsquo;une voiture dans le sud de Moscou, a annonc\u00e9 le Comit\u00e9 d&rsquo;enqu\u00eate russe, en affirmant \u00e9tudier une piste ukrainienne.<\/p>\n<p>Une enqu\u00eate pour \u00ab\u00a0meurtre\u00a0\u00bb du g\u00e9n\u00e9ral-lieutenant Fanil Sarvarov, chef du d\u00e9partement de la formation op\u00e9rationnelle au sein de l&rsquo;\u00e9tat-major, a \u00e9t\u00e9 ouverte, a pr\u00e9cis\u00e9 le comit\u00e9 dans un communiqu\u00e9. L&rsquo;une des pistes \u00e9tudi\u00e9es est celle \u00ab\u00a0li\u00e9e\u00a0\u00bb aux \u00ab\u00a0services sp\u00e9ciaux ukrainiens\u00a0\u00bb, selon la m\u00eame source.<\/p>\n<p>DES N\u00c9GOCIATIONS \u00ab\u00a0CONSTRUCTIVES\u00a0\u00bb07:24<\/p>\n<p>Les Etats-Unis et l&rsquo;Ukraine ont salu\u00e9 dimanche des \u00e9changes \u00ab\u00a0productifs et constructifs\u00a0\u00bb entre \u00e9missaires des deux pays r\u00e9unis \u00e0 Miami, en pr\u00e9sence de n\u00e9gociateurs europ\u00e9ens, en vue de mettre fin \u00e0 la guerre en Ukraine.<\/p>\n<p>M\u00eame si ce dernier cycle de pourparlers &#8211; avec \u00e9galement des r\u00e9unions distinctes entre Am\u00e9ricains et Russes en Floride &#8211; n&rsquo;a produit aucune perc\u00e9e significative, toutes les parties ont tenu \u00e0 se montrer positifs.\u00a0<\/p>\n<p>\u00ab\u00a0Au cours des trois derniers jours en Floride, la d\u00e9l\u00e9gation ukrainienne a tenu une s\u00e9rie de r\u00e9unions productives et constructives avec ses partenaires am\u00e9ricains et europ\u00e9ens\u00a0\u00bb ont ainsi \u00e9crit sur X Steve Witkoff, fid\u00e8le de Donald Trump et ordonnateur de ces discussions, et Roustem Oumerov, n\u00e9gociateur en chef de Kiev.<\/p>\n<p>BONJOUR07:23<\/p>\n<p>Bienvenue dans ce direct comment\u00e9 d\u00e9di\u00e9 \u00e0 la situation en Ukraine et aux n\u00e9gocations pour tenter d&rsquo;obtenir la paix \u00e0 l&rsquo;est de l&rsquo;Europe.<\/p>\n<p data-module=\"article-paragraph\" class=\"jsx-157965717 Paragraph\">Kiev a annonc\u00e9, dimanche 21 d\u00e9cembre, que les n\u00e9gociateurs ukrainiens allaient de nouveau s&rsquo;entretenir \u00e0 Miami avec leurs homologues am\u00e9ricains qui re\u00e7oivent de leur c\u00f4t\u00e9 s\u00e9par\u00e9ment l&rsquo;\u00e9missaire russe, pour \u00e9voquer un possible r\u00e8glement du conflit en Ukraine. La pr\u00e9sidence russe a pour sa part affirm\u00e9 le m\u00eame jour, par la voix de son conseiller diplomatique, Iouri Ouchakov, qu&rsquo;une rencontre trilat\u00e9rale Russie\/\u00c9tats-Unis\/Ukraine n&rsquo;\u00e9tait \u00ab\u00a0pas en cours de pr\u00e9paration\u00a0\u00bb, alors que les Ukrainiens avaient fait \u00e9tat d&rsquo;une proposition de Washington d&rsquo;en organiser une.<\/p>\n<p data-module=\"article-paragraph\" class=\"jsx-157965717 Paragraph Paragraph__End\">De son c\u00f4t\u00e9, la pr\u00e9sidence fran\u00e7aise a salu\u00e9 les propos de Vladimir Poutine, qui s&rsquo;est dit \u00ab\u00a0pr\u00eat au dialogue\u00a0\u00bb avec son homologue fran\u00e7ais Emmanuel Macron. \u00ab\u00a0Il est bienvenu que le Kremlin donne un accord public <a href=\"https:\/\/www.tf1info.fr\/international\/guerre-ukraine-russie-apres-emmanuel-macron-vladimir-poutine-ouvre-la-porte-a-une-reprise-du-dialogue-2414099.html\" target=\"_blank\" rel=\"noopener\">\u00e0 cette d\u00e9marche<\/a>. Nous aviserons dans les prochains jours sur la meilleure mani\u00e8re de proc\u00e9der\u00a0\u00bb, a-t-elle fait savoir.<\/p>\n<p data-module=\"article-paragraph\" class=\"jsx-157965717 Paragraph\">Sur le terrain, l&rsquo;arm\u00e9e ukrainienne a annonc\u00e9 dimanche qu&rsquo;elle s&rsquo;effor\u00e7ait de repousser une tentative de perc\u00e9e des troupes russes dans une zone frontali\u00e8re de la r\u00e9gion de Soumy (nord-est), d&rsquo;o\u00f9 Kiev accuse Moscou d&rsquo;avoir ill\u00e9galement d\u00e9port\u00e9 des civils en Russie. \u00ab\u00a0Des combats sont en cours dans le village de Grabovske\u00a0\u00bb, ont d\u00e9clar\u00e9 les forces ukrainiennes, d\u00e9mentant la pr\u00e9sence de soldats russes dans la petite localit\u00e9 voisine de Riasne.<\/p>\n<p data-module=\"article-paragraph\" class=\"jsx-157965717 Paragraph Paragraph__End\">Selon Volodymyr Zelensky, \u00ab\u00a0cette semaine, la Russie a lanc\u00e9 approximativement 1.300 attaques de drones, (largu\u00e9) presque 1.200 bombes a\u00e9riennes guid\u00e9es et (tir\u00e9) neuf missiles de diff\u00e9rents types\u00a0\u00bb sur le territoire ukrainien, touchant particuli\u00e8rement le sud, \u00e0 commencer par la cit\u00e9 portuaire d&rsquo;Odessa, sur la mer Noire. \u00ab\u00a0Il s&rsquo;agit d&rsquo;une tentative de la Russie de bloquer l&rsquo;acc\u00e8s de l&rsquo;Ukraine \u00e0 la logistique maritime\u00a0\u00bb, a-t-il \u00e0 cet \u00e9gard conclu.<\/p>\n<p>La r\u00e9daction de TF1info<\/p>\n","protected":false},"excerpt":{"rendered":"Un g\u00e9n\u00e9ral de l&rsquo;\u00e9tat-major russe a \u00e9t\u00e9 tu\u00e9 CE matin dans l&rsquo;explosion d&rsquo;une voiture dans le sud de&hellip;\n","protected":false},"author":2,"featured_media":615549,"comment_status":"","ping_status":"","sticky":false,"template":"","format":"standard","meta":{"footnotes":""},"categories":[1591],"tags":[1111,11,1921,1887,28083,1922,12,1885,1886,132,220,1917,67457,133,1920],"class_list":{"0":"post-615548","1":"post","2":"type-post","3":"status-publish","4":"format-standard","5":"has-post-thumbnail","7":"category-russie","8":"tag-actu","9":"tag-actualites","10":"tag-article-video","11":"tag-federation-de-russie","12":"tag-guerre-en-ukraine-une-treve-sera-t-elle-possible","13":"tag-info","14":"tag-news","15":"tag-russia","16":"tag-russian-federation","17":"tag-russie","18":"tag-ukraine","19":"tag-ukraine-4-annee-de-guerre","20":"tag-ukraine-russie-la-perspective-de-negociations-relancee","21":"tag-video","22":"tag-video-international"},"share_on_mastodon":{"url":"https:\/\/pubeurope.com\/@fr\/115762586614360857","error":""},"_links":{"self":[{"href":"https:\/\/www.europesays.com\/fr\/wp-json\/wp\/v2\/posts\/615548","targetHints":{"allow":["GET"]}}],"collection":[{"href":"https:\/\/www.europesays.com\/fr\/wp-json\/wp\/v2\/posts"}],"about":[{"href":"https:\/\/www.europesays.com\/fr\/wp-json\/wp\/v2\/types\/post"}],"author":[{"embeddable":true,"href":"https:\/\/www.europesays.com\/fr\/wp-json\/wp\/v2\/users\/2"}],"replies":[{"embeddable":true,"href":"https:\/\/www.europesays.com\/fr\/wp-json\/wp\/v2\/comments?post=615548"}],"version-history":[{"count":0,"href":"https:\/\/www.europesays.com\/fr\/wp-json\/wp\/v2\/posts\/615548\/revisions"}],"wp:featuredmedia":[{"embeddable":true,"href":"https:\/\/www.europesays.com\/fr\/wp-json\/wp\/v2\/media\/615549"}],"wp:attachment":[{"href":"https:\/\/www.europesays.com\/fr\/wp-json\/wp\/v2\/media?parent=615548"}],"wp:term":[{"taxonomy":"category","embeddable":true,"href":"https:\/\/www.europesays.com\/fr\/wp-json\/wp\/v2\/categories?post=615548"},{"taxonomy":"post_tag","embeddable":true,"href":"https:\/\/www.europesays.com\/fr\/wp-json\/wp\/v2\/tags?post=615548"}],"curies":[{"name":"wp","href":"https:\/\/api.w.org\/{rel}","templated":true}]}}