{"id":615550,"date":"2025-12-22T09:47:20","date_gmt":"2025-12-22T09:47:20","guid":{"rendered":"https:\/\/www.europesays.com\/fr\/615550\/"},"modified":"2025-12-22T09:47:20","modified_gmt":"2025-12-22T09:47:20","slug":"vladimir-poutine-se-dit-pret-au-dialogue-avec-emmanuel-macron","status":"publish","type":"post","link":"https:\/\/www.europesays.com\/fr\/615550\/","title":{"rendered":"Vladimir Poutine se dit \u00ab\u00a0pr\u00eat au dialogue\u00a0\u00bb avec Emmanuel Macron"},"content":{"rendered":"<p>Le pr\u00e9sident de la R\u00e9publique et l\u2019autocrate russe se disent pr\u00eats \u00e0 renouer le dialogue entre leurs deux pays, alors que le conflit en Ukraine n\u2019en finit plus de s\u2019enliser.<\/p>\n<p class=\"c-paragraph\">Est-ce un pas en avant vers l\u2019accalmie du conflit en Ukraine ? Il est bien trop t\u00f4t pour le dire et la prudence reste de mise. Mais ce week-end, Vladimir Poutine et Emmanuel Macron ont ouvert la porte \u00e0 de nouveaux contacts.<\/p>\n<p class=\"c-paragraph\">La France et la Russie sont en quasi-rupture diplomatique depuis presque quatre ans \u2013 soit depuis le d\u00e9but des combats. Un \u00e9ventuel retour \u00e0 la table des n\u00e9gociations qui serait le bienvenu, dans la qu\u00eate d\u2019un accord de paix.<\/p>\n<p class=\"c-paragraph\">Dans la nuit de samedi \u00e0 dimanche, <a href=\"https:\/\/www.lepoint.fr\/monde\/exclusif-dmitri-peskov-porte-parole-de-poutine-la-russie-veut-atteindre-nos-buts-pacifiquement-ou-militairement-23-04-2025-2588063_24.php\" target=\"_self\" rel=\"noopener\" title=\"https:\/\/www.lepoint.fr\/monde\/exclusif-dmitri-peskov-porte-parole-de-poutine-la-russie-veut-atteindre-nos-buts-pacifiquement-ou-militairement-23-04-2025-2588063_24.php\">le porte-parole du Kremlin Dmitri Peskov<\/a> l\u2019a assur\u00e9 \u00e0 l\u2019agence russe RIA Novosti : le dirigeant russe est \u00ab pr\u00eat au dialogue \u00bb avec son homologue fran\u00e7ais, rappelant qu\u2019\u00ab il [Emmanuel Macron, NDLR] a dit \u00eatre pr\u00eat \u00e0 parler avec Poutine. Il est probablement tr\u00e8s important de rappeler ce que le pr\u00e9sident a dit lors de Ligne directe [sa grande conf\u00e9rence de presse annuelle, vendredi]. Il a \u00e9galement exprim\u00e9 le fait qu\u2019il \u00e9tait pr\u00eat \u00e0 engager le dialogue \u00bb.<\/p>\n<p class=\"newsletter-subscription__disclaimer\">En vous inscrivant, vous acceptez les <a class=\"c-link newsletter-subscription__legal-link\" href=\"https:\/\/www.lepoint.fr\/html\/cgu\/\" target=\"_blank\" rel=\"noopener\">conditions g\u00e9n\u00e9rales d&rsquo;utilisation<\/a> et notre <a class=\"c-link newsletter-subscription__legal-link\" href=\"https:\/\/www.lepoint.fr\/html\/politique-de-protection-donnees-personnelles\/\" target=\"_blank\" rel=\"noopener\">politique de confidentialit\u00e9<\/a>.<\/p>\n<p>\u00ab Il va redevenir utile de parler \u00e0 Vladimir Poutine \u00bb<\/p>\n<p class=\"c-paragraph\">De son c\u00f4t\u00e9, l\u2019\u00c9lys\u00e9e s\u2019est f\u00e9licit\u00e9 de cette annonce : \u00ab Il est bienvenu que le Kremlin donne un accord public \u00e0 cette d\u00e9marche \u00bb, a-t-il indiqu\u00e9. Le pr\u00e9sident de la R\u00e9publique avisera \u00ab dans les prochains jours \u00bb les modalit\u00e9s selon lesquelles le dialogue pourrait reprendre.<\/p>\n<p class=\"c-paragraph\">Le chef de l\u2019\u00c9tat entamera ainsi cette d\u00e9marche \u00ab en toute transparence \u00bb avec le pr\u00e9sident ukrainien, Volodymyr Zelensky, et les Europ\u00e9ens, a assur\u00e9 l\u2019\u00c9lys\u00e9e, qui a rappel\u00e9 que son objectif reste d\u2019obtenir une \u00ab paix solide et durable \u00bb pour les Ukrainiens.<\/p>\n<p class=\"c-paragraph\">En fin de semaine derni\u00e8re, Emmanuel Macron a en effet d\u00e9clar\u00e9 : \u00ab Je pense qu\u2019il va redevenir utile de parler \u00e0 Vladimir Poutine \u00bb, apr\u00e8s un sommet qui a permis \u00e0 l\u2019UE de <a href=\"https:\/\/www.lepoint.fr\/monde\/aide-a-lukraine-comment-les-europeens-ont-evite-de-taper-dans-les-avoirs-russes-GJESITTRWVGEXNFFSVEBVJPO24\/\" target=\"_self\" rel=\"noopener\" title=\"https:\/\/www.lepoint.fr\/monde\/aide-a-lukraine-comment-les-europeens-ont-evite-de-taper-dans-les-avoirs-russes-GJESITTRWVGEXNFFSVEBVJPO24\/\">d\u00e9bloquer un pr\u00eat de 90 milliards d\u2019euros pour soutenir l\u2019Ukraine<\/a>. Et d\u2019ajouter : \u00ab Je constate qu\u2019il y a des gens qui parlent \u00e0 Vladimir Poutine. Donc je pense que nous, Europ\u00e9ens et Ukrainiens, on a int\u00e9r\u00eat \u00e0 trouver le cadre pour r\u00e9engager cette discussion en bonne et due forme. Sinon, on discute entre nous avec des n\u00e9gociateurs qui vont seuls discuter avec les Russes, ce qui n\u2019est pas optimal. \u00bb<\/p>\n<p class=\"c-paragraph\">Le locataire de l\u2019\u00c9lys\u00e9e esp\u00e8re ainsi \u00e9viter que les n\u00e9gociations pour la paix en Ukraine ne d\u00e9pendent que de l\u2019insaisissable Donald Trump, jug\u00e9 enclin \u00e0 int\u00e9grer \u00e0 cette paix les exigences maximalistes de Moscou. Apr\u00e8s la d\u00e9claration du Kremlin, l\u2019\u00c9lys\u00e9e a ainsi confirm\u00e9 : \u00ab D\u00e8s lors que la perspective d\u2019un cessez-le-feu et d\u2019une n\u00e9gociation de paix se pr\u00e9cise, il redevient utile de parler \u00e0 Poutine. \u00bb<\/p>\n<p class=\"c-paragraph\">Du reste, personne ne conna\u00eet encore les modalit\u00e9s d\u2019un \u00e9ventuel \u00e9change. Aupr\u00e8s de nos confr\u00e8res du <a href=\"https:\/\/www.lemonde.fr\/international\/article\/2025\/12\/22\/guerre-en-ukraine-les-negociations-rentrent-dans-le-dur-vladimir-poutine-se-dit-pret-au-dialogue-avec-emmanuel-macron_6659069_3210.html\" rel=\"noopener\" target=\"_blank\">Monde<\/a>, un diplomate s\u2019interroge : \u00ab Tout le monde en Europe voit qu\u2019il faudra un jour parler \u00e0 Poutine, notamment si la m\u00e9diation am\u00e9ricaine devait \u00e9chouer. L\u00e0 o\u00f9 ce sera compliqu\u00e9, c\u2019est sur la question du format le plus adapt\u00e9 pour mener ces discussions, en \u201cE3\u201d avec la France, l\u2019Allemagne et le Royaume-Uni, ou dans un cadre plus large. \u00bb<\/p>\n<p><strong>LE BON NOMBRE<\/strong><\/p>\n<p>Quelle est la part des armes fournies par la France parmi les importations d&rsquo;armes de l&rsquo;Ukraine en 2024 ?<\/p>\n<p class=\"c-paragraph\">Rappelons que la derni\u00e8re tentative de renouer avec Moscou <a href=\"https:\/\/www.lepoint.fr\/monde\/iran-ukraine-ce-que-macron-et-poutine-se-sont-dit-apres-trois-ans-de-rupture-01-07-2025-2593463_24.php\" target=\"_self\" rel=\"noopener\" title=\"https:\/\/www.lepoint.fr\/monde\/iran-ukraine-ce-que-macron-et-poutine-se-sont-dit-apres-trois-ans-de-rupture-01-07-2025-2593463_24.php\">date de juillet<\/a>, lorsque la conversation entre Emmanuel Macron et Vladimir Poutine de septembre 2022 \u2013 l\u2019avant-derni\u00e8re en date \u2013 avait suscit\u00e9 la controverse.<\/p>\n","protected":false},"excerpt":{"rendered":"Le pr\u00e9sident de la R\u00e9publique et l\u2019autocrate russe se disent pr\u00eats \u00e0 renouer le dialogue entre leurs deux&hellip;\n","protected":false},"author":2,"featured_media":615551,"comment_status":"","ping_status":"","sticky":false,"template":"","format":"standard","meta":{"footnotes":""},"categories":[1590],"tags":[11,7818,1777,674,6079,1916,37726,72609,12,1885,132,220],"class_list":{"0":"post-615550","1":"post","2":"type-post","3":"status-publish","4":"format-standard","5":"has-post-thumbnail","7":"category-ukraine","8":"tag-actualites","9":"tag-chef","10":"tag-eu","11":"tag-europe","12":"tag-leader","13":"tag-moscou","14":"tag-moscow","15":"tag-moskova","16":"tag-news","17":"tag-russia","18":"tag-russie","19":"tag-ukraine"},"share_on_mastodon":{"url":"https:\/\/pubeurope.com\/@fr\/115762590174698373","error":""},"_links":{"self":[{"href":"https:\/\/www.europesays.com\/fr\/wp-json\/wp\/v2\/posts\/615550","targetHints":{"allow":["GET"]}}],"collection":[{"href":"https:\/\/www.europesays.com\/fr\/wp-json\/wp\/v2\/posts"}],"about":[{"href":"https:\/\/www.europesays.com\/fr\/wp-json\/wp\/v2\/types\/post"}],"author":[{"embeddable":true,"href":"https:\/\/www.europesays.com\/fr\/wp-json\/wp\/v2\/users\/2"}],"replies":[{"embeddable":true,"href":"https:\/\/www.europesays.com\/fr\/wp-json\/wp\/v2\/comments?post=615550"}],"version-history":[{"count":0,"href":"https:\/\/www.europesays.com\/fr\/wp-json\/wp\/v2\/posts\/615550\/revisions"}],"wp:featuredmedia":[{"embeddable":true,"href":"https:\/\/www.europesays.com\/fr\/wp-json\/wp\/v2\/media\/615551"}],"wp:attachment":[{"href":"https:\/\/www.europesays.com\/fr\/wp-json\/wp\/v2\/media?parent=615550"}],"wp:term":[{"taxonomy":"category","embeddable":true,"href":"https:\/\/www.europesays.com\/fr\/wp-json\/wp\/v2\/categories?post=615550"},{"taxonomy":"post_tag","embeddable":true,"href":"https:\/\/www.europesays.com\/fr\/wp-json\/wp\/v2\/tags?post=615550"}],"curies":[{"name":"wp","href":"https:\/\/api.w.org\/{rel}","templated":true}]}}