{"id":615559,"date":"2025-12-22T09:52:15","date_gmt":"2025-12-22T09:52:15","guid":{"rendered":"https:\/\/www.europesays.com\/fr\/615559\/"},"modified":"2025-12-22T09:52:15","modified_gmt":"2025-12-22T09:52:15","slug":"presidence-chypriote-du-conseil-de-lue-autonomie-et-ouverture-sur-le-monde","status":"publish","type":"post","link":"https:\/\/www.europesays.com\/fr\/615559\/","title":{"rendered":"Pr\u00e9sidence chypriote du Conseil de l&rsquo;UE : autonomie et ouverture sur le monde"},"content":{"rendered":"<p>Le logo de la pr\u00e9sidence chypriote du Conseil de l&rsquo;UE s&rsquo;inspire de la broderie de leucarite.<\/p>\n<p>Il se compose de 27 chiffres comme autant d&rsquo;\u00c9tats membres de l&rsquo;UE, cr\u00e9\u00e9s par le graphiste Marios Kourooufexis.<\/p>\n<p>La pr\u00e9sentation du programme de la pr\u00e9sidence chypriote du Conseil de l&rsquo;Union europ\u00e9enne concernant les axes et le logo de la pr\u00e9sidence chypriote a eu lieu \u00e0 Pano Lefkara.<\/p>\n<p>Il a \u00e9t\u00e9 organis\u00e9 par le Secr\u00e9tariat de la Pr\u00e9sidence chypriote de l&rsquo;UE en pr\u00e9sence du Pr\u00e9sident de la R\u00e9publique de Chypre Nicos Christodoulides.<\/p>\n<p>La Pr\u00e9sidence chypriote travaillera pour une \u00a0\u00bb Union autonome ouverte sur le monde \u00a0\u00bb a d\u00e9clar\u00e9 dimanche le Pr\u00e9sident de la R\u00e9publique, Nicos Christodoulides, lors de la pr\u00e9sentation du programme et des priorit\u00e9s de la Pr\u00e9sidence chypriote du Conseil de l&rsquo;UE, au Centre de conf\u00e9rences de Lefkara.<\/p>\n<p>Dans ce contexte, il a not\u00e9 que la Pr\u00e9sidence sera bas\u00e9e sur cinq piliers interconnect\u00e9s.<\/p>\n<p>Le Pr\u00e9sident a d\u00e9crit cette journ\u00e9e comme une \u00e9tape importante pour le pr\u00e9sent et l&rsquo;avenir de la R\u00e9publique de Chypre. \u00ab\u00a0Dans dix jours, nous assumons un r\u00f4le institutionnel et une responsabilit\u00e9 envers l&rsquo;Europe, nos concitoyens, nos enfants\u00a0\u00bb pour l&rsquo;avenir, a-t-il d\u00e9clar\u00e9, notant qu&rsquo;aujourd&rsquo;hui le c\u0153ur de l&rsquo;Europe bat le plus fort \u00e0 Chypre, l&rsquo;extr\u00e9mit\u00e9 sud-est de l&rsquo;Europe, le dernier \u00c9tat membre de l&rsquo;Europe sous l&rsquo;occupation.<\/p>\n<p>\u00ab\u00a0Ce n&rsquo;est pas un hasard si nous nous trouvons \u00e0 Lefkara aujourd&rsquo;hui\u00a0\u00bb, a-t-il d\u00e9clar\u00e9, soulignant que ce lieu symbolise la cr\u00e9ativit\u00e9, la tradition et l&rsquo;extraversion intemporelle de notre pays.<\/p>\n<p>Il a soulign\u00e9 que Chypre \u00ab\u00a0est pr\u00eate \u00e0 jouer un r\u00f4le de premier plan. \u00c0 devenir pendant six mois la voix des 27 \u00c9tats membres. \u00c0 diriger, \u00e0 coordonner, \u00e0 n\u00e9gocier en tant qu&rsquo;interm\u00e9diaires honn\u00eates, \u00e0 combler les diff\u00e9rences et \u00e0 pousser l&rsquo;int\u00e9gration europ\u00e9enne encore plus loin. Avec confiance et fiert\u00e9.<\/p>\n<p>Le pr\u00e9sident Christodoulides a fait remarquer que la pr\u00e9sidence intervient \u00e0 un moment de d\u00e9fis g\u00e9opolitiques intenses, qui mettent \u00e0 l&rsquo;\u00e9preuve la r\u00e9silience de l&rsquo;UE, son unit\u00e9 et sa coh\u00e9sion. L&rsquo;UE \u00ab\u00a0n&rsquo;a pas peur des d\u00e9fis, elle les aborde comme des opportunit\u00e9s et va toujours de l&rsquo;avant. Elle n&rsquo;a pas peur, elle s&rsquo;adapte, se renforce et va de l&rsquo;avant. C&rsquo;est la voie europ\u00e9enne, c&rsquo;est la voie europ\u00e9enne\u00a0\u00bb, a-t-il d\u00e9clar\u00e9.<\/p>\n<p>Il a ajout\u00e9 que ce dont nous avons besoin aujourd&rsquo;hui, et qui est l&rsquo;objectif principal de la pr\u00e9sidence, c&rsquo;est d&rsquo;une UE autonome, \u00e9tape n\u00e9cessaire vers l&rsquo;int\u00e9gration europ\u00e9enne. Une Union forte de l&rsquo;int\u00e9rieur, capable de prot\u00e9ger ses citoyens, ses fronti\u00e8res et ses int\u00e9r\u00eats. Une Union capable de construire des partenariats et des alliances \u00e0 partir d&rsquo;une position de force, sachant que plus elle est forte, plus elle est pr\u00e9cieuse pour ses partenaires. Une Union tourn\u00e9e vers l&rsquo;ext\u00e9rieur et ouverte sur le monde. Une Union qui, lorsqu&rsquo;elle est ouverte sur le monde, a un r\u00f4le et une voix significatifs au niveau mondial. Une Union qui tire sa force de sa stabilit\u00e9, de sa fiabilit\u00e9, de sa pr\u00e9visibilit\u00e9, qui inspire confiance parce qu&rsquo;elle est fond\u00e9e sur des principes et des valeurs, le droit international, le dialogue, la diplomatie et la coop\u00e9ration.<\/p>\n<p>\u00ab\u00a0C&rsquo;est pour cette Union que nous travaillerons en tant que pr\u00e9sidence chypriote. Pour une Union autonome et ouverte sur le monde. C&rsquo;est le message central et l&rsquo;objectif principal de la pr\u00e9sidence chypriote\u00a0\u00bb, a-t-il soulign\u00e9.<\/p>\n<p>Il a \u00e9galement fait remarquer que toutes les politiques que la pr\u00e9sidence promouvra au cours des six prochains mois reposent sur cinq piliers interconnect\u00e9s : l&rsquo;autonomie par la s\u00e9curit\u00e9, la d\u00e9fense, la pr\u00e9paration, l&rsquo;autonomie par la comp\u00e9titivit\u00e9. Le troisi\u00e8me pilier est une Union autonome ouverte sur le monde, le quatri\u00e8me est une Union autonome de valeurs pour tous et le cinqui\u00e8me est un budget qui est toujours n\u00e9cessaire pour soutenir une UE autonome.<\/p>\n<p><strong>Les priorit\u00e9s de la pr\u00e9sidence chypriote<\/strong><\/p>\n<p>Sur la base des piliers susmentionn\u00e9s, le Pr\u00e9sident de la R\u00e9publique a pr\u00e9sent\u00e9 les priorit\u00e9s sur lesquelles la Pr\u00e9sidence chypriote se concentrera.<\/p>\n<p>Dans le domaine de la s\u00e9curit\u00e9 et de la d\u00e9fense, la pr\u00e9sidence chypriote soutiendra les grandes initiatives en mati\u00e8re de d\u00e9fense et encouragera la mise en \u0153uvre rapide du Livre blanc sur la d\u00e9fense europ\u00e9enne et de la feuille de route pour la pr\u00e9paration \u00e0 la d\u00e9fense \u00e0 l&rsquo;horizon 2030.<\/p>\n<p>Le pr\u00e9sident a not\u00e9 que le renforcement des relations transatlantiques est une pierre angulaire de la s\u00e9curit\u00e9 europ\u00e9enne et que la poursuite de la promotion de la coop\u00e9ration euro-OTAN restera une priorit\u00e9 importante.<\/p>\n<p>Il a \u00e9galement fait r\u00e9f\u00e9rence \u00e0 la libert\u00e9 de navigation et \u00e0 la s\u00e9curit\u00e9 dans les couloirs maritimes. Il a indiqu\u00e9 que la pr\u00e9sidence chypriote encouragerait la mise en \u0153uvre de la strat\u00e9gie de s\u00e9curit\u00e9 maritime de l&rsquo;UE.<\/p>\n<p>Il a \u00e9galement fait r\u00e9f\u00e9rence \u00e0 la s\u00e9curit\u00e9 \u00e9conomique, mais aussi \u00e0 la r\u00e9silience de l&rsquo;eau, notant qu&rsquo;il s&rsquo;agit d&rsquo;une priorit\u00e9 strat\u00e9gique que la pr\u00e9sidence chypriote encouragera.<\/p>\n<p>Le pr\u00e9sident Christodoulides a \u00e9galement mentionn\u00e9 la gestion efficace des migrations comme une question centrale de s\u00e9curit\u00e9. \u00ab\u00a0La pr\u00e9sidence chypriote fera de la pleine mise en \u0153uvre du pacte sur l&rsquo;immigration et l&rsquo;asile une priorit\u00e9 essentielle, encouragera le renforcement du syst\u00e8me de retour et approfondira la coop\u00e9ration avec les principaux pays tiers, en veillant \u00e0 adopter une approche \u00e9quilibr\u00e9e et globale.<\/p>\n<p>Il a \u00e9galement d\u00e9clar\u00e9 que la pr\u00e9sidence chypriote s&rsquo;efforcerait de renforcer les principes d\u00e9mocratiques, de contrer les attaques contre la d\u00e9mocratie, la d\u00e9sinformation et l&rsquo;ing\u00e9rence \u00e9trang\u00e8re.<\/p>\n<p>En ce qui concerne l&rsquo;autonomie par la comp\u00e9titivit\u00e9, le pr\u00e9sident a d\u00e9clar\u00e9 que la pr\u00e9sidence chypriote encouragerait la simplification administrative et la poursuite de l&rsquo;int\u00e9gration europ\u00e9enne. \u00ab\u00a0La pr\u00e9sidence chypriote travaillera \u00e0 l&rsquo;am\u00e9lioration de la s\u00e9curit\u00e9 \u00e9nerg\u00e9tique, de l&rsquo;approvisionnement et des itin\u00e9raires alternatifs et des prix abordables\u00a0\u00bb, a-t-il d\u00e9clar\u00e9.<\/p>\n<p>Il mettra \u00e9galement l&rsquo;accent sur le renforcement des infrastructures d&rsquo;interconnexion \u00e9nerg\u00e9tique et sur les investissements dans les technologies propres et innovantes, tout en promouvant la connectivit\u00e9 r\u00e9gionale, en se concentrant sur les strat\u00e9gies pour les ports et l&rsquo;industrie maritime, en renfor\u00e7ant la souverainet\u00e9 num\u00e9rique et en r\u00e9duisant les d\u00e9pendances ext\u00e9rieures, ainsi que la r\u00e9duction durable des \u00e9missions de gaz.<\/p>\n<p>Dans le cadre du pilier sur l&rsquo;Europe \u00ab\u00a0ouverte sur le monde\u00a0\u00bb, selon le Pr\u00e9sident, la Pr\u00e9sidence chypriote travaillera \u00e0 renforcer les capacit\u00e9s strat\u00e9giques de l&rsquo;UE et son r\u00f4le dans l&rsquo;orientation des d\u00e9veloppements internationaux, tout en restant pleinement engag\u00e9e dans la coop\u00e9ration.<\/p>\n<p>Il a notamment \u00e9voqu\u00e9 l&rsquo;Ukraine, la Moldavie, les Balkans occidentaux et la Turquie. Il a indiqu\u00e9 que la pr\u00e9sidence s&rsquo;engageait pleinement \u00e0 faire progresser le programme d&rsquo;\u00e9largissement de mani\u00e8re cr\u00e9dible afin d&rsquo;obtenir des r\u00e9sultats tangibles. Il a indiqu\u00e9 que l&rsquo;Ukraine serait une priorit\u00e9 essentielle, la pr\u00e9sidence continuant \u00e0 promouvoir le soutien diplomatique, politique, \u00e9conomique, militaire, \u00e9nerg\u00e9tique et humanitaire de l&rsquo;UE \u00e0 ce pays.<\/p>\n<p>En outre, elle s&rsquo;efforcera de renforcer les relations de l&rsquo;UE avec les pays voisins du Sud et de l&rsquo;Est et les pays du Golfe, mais aussi de promouvoir la coop\u00e9ration par l&rsquo;interm\u00e9diaire de l&rsquo;IMEC, en approfondissant la coop\u00e9ration avec des organisations telles que le Conseil de coop\u00e9ration du Golfe et la Ligue des \u00c9tats arabes.<\/p>\n<p>Elle s&rsquo;efforcera \u00e9galement de renforcer la coop\u00e9ration avec les \u00c9tats-Unis et le Royaume-Uni, ainsi qu&rsquo;avec d&rsquo;autres \u00c9tats ayant des approches similaires.<\/p>\n<p>En ce qui concerne le quatri\u00e8me pilier, \u00e0 savoir une Union autonome de valeurs, le pr\u00e9sident Christodoulides a d\u00e9clar\u00e9 que la pr\u00e9sidence chypriote s&#8217;emploierait \u00e0 renforcer l&rsquo;\u00c9tat de droit dans l&rsquo;ensemble de l&rsquo;UE. Il se concentrera \u00e9galement sur le logement abordable, en promouvant la mise en \u0153uvre du plan europ\u00e9en correspondant.<\/p>\n<p>Le pr\u00e9sident a \u00e9galement d\u00e9clar\u00e9 que la pr\u00e9sidence chypriote soutiendra la mise en \u0153uvre de la strat\u00e9gie de lutte contre la pauvret\u00e9, avec des initiatives visant \u00e0 fournir une alimentation s\u00fbre et de qualit\u00e9 pour tous.<\/p>\n<p>Une autre priorit\u00e9 est la protection des enfants et la garantie d&rsquo;un environnement en ligne s\u00fbr gr\u00e2ce au plan d&rsquo;action de la Commission contre le harc\u00e8lement en ligne. Il s&rsquo;agira \u00e9galement de promouvoir l&rsquo;\u00e9galit\u00e9 des sexes et de lutter contre toutes les formes de discrimination, de mettre en place des politiques adapt\u00e9es aux jeunes et de mettre l&rsquo;accent sur les politiques de sant\u00e9 mentale.<\/p>\n<p>Enfin, en ce qui concerne le cinqui\u00e8me pilier, qui porte sur le budget, le pr\u00e9sident a indiqu\u00e9 que la pr\u00e9sidence chypriote ferait avancer les n\u00e9gociations sur tous les dossiers l\u00e9gislatifs relatifs \u00e0 la proposition de cadre financier pluriannuel pour la p\u00e9riode 2028-2034, dans le but de fournir en juin un cadre de n\u00e9gociation m\u00fbr avec des chiffres indicatifs.<\/p>\n<p>\u00ab\u00a0L&rsquo;UE s&rsquo;est construite gr\u00e2ce au courage durable de visionnaires qui l&rsquo;ont men\u00e9e de l&rsquo;avant\u00a0\u00bb, a-t-il d\u00e9clar\u00e9, notant qu&rsquo;elle se transforme au fil des d\u00e9fis. \u00ab\u00a0L&rsquo;autonomie europ\u00e9enne et l&rsquo;approfondissement de l&rsquo;int\u00e9gration qui l&rsquo;accompagne sont l&rsquo;\u00e9volution naturelle du projet europ\u00e9en\u00a0\u00bb, a-t-il d\u00e9clar\u00e9, notant que dans cette perspective, la pr\u00e9sidence chypriote travaillera avec d\u00e9termination pour donner un nouvel \u00e9lan au projet europ\u00e9en et contribuer \u00e0 la prochaine \u00e9tape de la voie commune vers une \u00ab\u00a0Union autonome ouverte sur le monde\u00a0\u00bb, soulignant qu&rsquo;il s&rsquo;agit de la meilleure garantie pour un continent de paix, de s\u00e9curit\u00e9 et de coop\u00e9ration.<\/p>\n<p>L&rsquo;\u00e9v\u00e9nement a \u00e9t\u00e9 salu\u00e9 par la ministre d&rsquo;\u00c9tat charg\u00e9e des affaires europ\u00e9ennes, Marilena Rauna. \u00ab\u00a0La route vers la pr\u00e9sidence chypriote est termin\u00e9e. Nous sommes pr\u00eats \u00e0 pr\u00e9senter notre vision politique, nos objectifs et nos priorit\u00e9s pour la pr\u00e9sidence chypriote\u00a0\u00bb, a-t-elle d\u00e9clar\u00e9. Elle a not\u00e9 que ce n&rsquo;est pas une co\u00efncidence si l&rsquo;\u00e9v\u00e9nement se tient \u00e0 Lefkara, car l&rsquo;objectif est de faire de la pr\u00e9sidence un v\u00e9hicule de promotion du pays.<\/p>\n<p>Il a d\u00e9clar\u00e9 que pendant la pr\u00e9sidence, Chypre accueillera plus de 260 r\u00e9unions dans toutes les provinces de Chypre libre, y compris la r\u00e9union informelle des \u00c9tats membres et 19 r\u00e9unions minist\u00e9rielles informelles. Chypre pr\u00e9sidera plus de 1 500 r\u00e9unions \u00e0 Bruxelles, accueillera environ 30 000 visiteurs de toute l&rsquo;Europe et n\u00e9gociera plus de 330 dossiers l\u00e9gislatifs et autres.<\/p>\n<p>\u00ab\u00a0Notre objectif est une pr\u00e9sidence ambitieuse et r\u00e9aliste, avec des r\u00e9sultats tangibles au b\u00e9n\u00e9fice de tous les citoyens europ\u00e9ens\u00a0\u00bb, a-t-il d\u00e9clar\u00e9.<\/p>\n<p>Chypre prendra la pr\u00e9sidence du Conseil de l&rsquo;Union europ\u00e9enne le 1er janvier 2026 pour six mois, \u00e0 un moment critique o\u00f9 la guerre en Ukraine se poursuit et o\u00f9 l&rsquo;Europe est confront\u00e9e \u00e0 de s\u00e9rieux d\u00e9fis g\u00e9ostrat\u00e9giques et \u00e0 des fronts ouverts tels que l&rsquo;agriculture et l&rsquo;accord du Mercosur.<\/p>\n<p><strong>La vid\u00e9o de la pr\u00e9sentation de la pr\u00e9sidence chypriote du Conseil de l&rsquo;UE.<\/strong><\/p>\n","protected":false},"excerpt":{"rendered":"Le logo de la pr\u00e9sidence chypriote du Conseil de l&rsquo;UE s&rsquo;inspire de la broderie de leucarite. Il se&hellip;\n","protected":false},"author":2,"featured_media":615560,"comment_status":"","ping_status":"","sticky":false,"template":"","format":"standard","meta":{"footnotes":""},"categories":[1586],"tags":[11,16996,7577,1777,674,1779,1011,27,12,25,1778,364],"class_list":{"0":"post-615559","1":"post","2":"type-post","3":"status-publish","4":"format-standard","5":"has-post-thumbnail","7":"category-europe","8":"tag-actualites","9":"tag-chypre","10":"tag-conseil-de-leurope","11":"tag-eu","12":"tag-europe","13":"tag-european-union","14":"tag-fr","15":"tag-france","16":"tag-news","17":"tag-republique-francaise","18":"tag-ue","19":"tag-union-europeenne"},"share_on_mastodon":{"url":"https:\/\/pubeurope.com\/@fr\/115762609873105881","error":""},"_links":{"self":[{"href":"https:\/\/www.europesays.com\/fr\/wp-json\/wp\/v2\/posts\/615559","targetHints":{"allow":["GET"]}}],"collection":[{"href":"https:\/\/www.europesays.com\/fr\/wp-json\/wp\/v2\/posts"}],"about":[{"href":"https:\/\/www.europesays.com\/fr\/wp-json\/wp\/v2\/types\/post"}],"author":[{"embeddable":true,"href":"https:\/\/www.europesays.com\/fr\/wp-json\/wp\/v2\/users\/2"}],"replies":[{"embeddable":true,"href":"https:\/\/www.europesays.com\/fr\/wp-json\/wp\/v2\/comments?post=615559"}],"version-history":[{"count":0,"href":"https:\/\/www.europesays.com\/fr\/wp-json\/wp\/v2\/posts\/615559\/revisions"}],"wp:featuredmedia":[{"embeddable":true,"href":"https:\/\/www.europesays.com\/fr\/wp-json\/wp\/v2\/media\/615560"}],"wp:attachment":[{"href":"https:\/\/www.europesays.com\/fr\/wp-json\/wp\/v2\/media?parent=615559"}],"wp:term":[{"taxonomy":"category","embeddable":true,"href":"https:\/\/www.europesays.com\/fr\/wp-json\/wp\/v2\/categories?post=615559"},{"taxonomy":"post_tag","embeddable":true,"href":"https:\/\/www.europesays.com\/fr\/wp-json\/wp\/v2\/tags?post=615559"}],"curies":[{"name":"wp","href":"https:\/\/api.w.org\/{rel}","templated":true}]}}