{"id":615569,"date":"2025-12-22T09:58:17","date_gmt":"2025-12-22T09:58:17","guid":{"rendered":"https:\/\/www.europesays.com\/fr\/615569\/"},"modified":"2025-12-22T09:58:17","modified_gmt":"2025-12-22T09:58:17","slug":"pro-d2-on-na-pas-de-reel-point-faible-la-premiere-partie-de-saison-completement-folle-du-vrdr","status":"publish","type":"post","link":"https:\/\/www.europesays.com\/fr\/615569\/","title":{"rendered":"Pro D2. \u00ab On n\u2019a pas de r\u00e9el point faible \u00bb\u00a0: la premi\u00e8re partie de saison compl\u00e8tement folle du VRDR"},"content":{"rendered":"<p>On ne compte plus les articles, les reportages \u00e0 la t\u00e9l\u00e9 et les commentaires \u00e9logieux sur les r\u00e9seaux sociaux. Depuis la fin ao\u00fbt, le VRDR d\u00e9tonne et \u00e9tonne la plan\u00e8te rugby. Pourtant, la superbe demi-saison livr\u00e9e par les Damiers ne doit rien au hasard. Tout d\u2019abord, c\u2019est le fruit du travail du staff chaperonn\u00e9 par le manager Fabien Fortassin.<\/p>\n<p>Depuis son arriv\u00e9e au club en 2023, ce dernier a mis\u00e9 sur la continuit\u00e9&#8230;<\/p>\n","protected":false},"excerpt":{"rendered":"On ne compte plus les articles, les reportages \u00e0 la t\u00e9l\u00e9 et les commentaires \u00e9logieux sur les r\u00e9seaux&hellip;\n","protected":false},"author":2,"featured_media":615570,"comment_status":"","ping_status":"","sticky":false,"template":"","format":"standard","meta":{"footnotes":""},"categories":[1416],"tags":[4646,2730,2737,2735,1011,27,63504,2308,1479,2736,479,1468,517,1947,60,2733,2734,2728],"class_list":{"0":"post-615569","1":"post","2":"type-post","3":"status-publish","4":"format-standard","5":"has-post-thumbnail","7":"category-rugby","8":"tag-ardeche","9":"tag-drome","10":"tag-edition-romans-nord-drome","11":"tag-edition-valence-rhone-crussol-vallee-de-la-drome","12":"tag-fr","13":"tag-france","14":"tag-nord-drome","15":"tag-pro-d2","16":"tag-romans","17":"tag-romans-sur-isere","18":"tag-rugby","19":"tag-rugby-football","20":"tag-sport","21":"tag-sport-national","22":"tag-sports","23":"tag-valence","24":"tag-valence-bassin","25":"tag-vrdr-valence-romans-drome-rugby"},"share_on_mastodon":{"url":"https:\/\/pubeurope.com\/@fr\/115762633316083454","error":""},"_links":{"self":[{"href":"https:\/\/www.europesays.com\/fr\/wp-json\/wp\/v2\/posts\/615569","targetHints":{"allow":["GET"]}}],"collection":[{"href":"https:\/\/www.europesays.com\/fr\/wp-json\/wp\/v2\/posts"}],"about":[{"href":"https:\/\/www.europesays.com\/fr\/wp-json\/wp\/v2\/types\/post"}],"author":[{"embeddable":true,"href":"https:\/\/www.europesays.com\/fr\/wp-json\/wp\/v2\/users\/2"}],"replies":[{"embeddable":true,"href":"https:\/\/www.europesays.com\/fr\/wp-json\/wp\/v2\/comments?post=615569"}],"version-history":[{"count":0,"href":"https:\/\/www.europesays.com\/fr\/wp-json\/wp\/v2\/posts\/615569\/revisions"}],"wp:featuredmedia":[{"embeddable":true,"href":"https:\/\/www.europesays.com\/fr\/wp-json\/wp\/v2\/media\/615570"}],"wp:attachment":[{"href":"https:\/\/www.europesays.com\/fr\/wp-json\/wp\/v2\/media?parent=615569"}],"wp:term":[{"taxonomy":"category","embeddable":true,"href":"https:\/\/www.europesays.com\/fr\/wp-json\/wp\/v2\/categories?post=615569"},{"taxonomy":"post_tag","embeddable":true,"href":"https:\/\/www.europesays.com\/fr\/wp-json\/wp\/v2\/tags?post=615569"}],"curies":[{"name":"wp","href":"https:\/\/api.w.org\/{rel}","templated":true}]}}