{"id":615571,"date":"2025-12-22T10:03:15","date_gmt":"2025-12-22T10:03:15","guid":{"rendered":"https:\/\/www.europesays.com\/fr\/615571\/"},"modified":"2025-12-22T10:03:15","modified_gmt":"2025-12-22T10:03:15","slug":"pogacar-bat-un-nouveau-record-a-lentrainement-sports","status":"publish","type":"post","link":"https:\/\/www.europesays.com\/fr\/615571\/","title":{"rendered":"Pogacar bat un nouveau record \u00e0 l&rsquo;entra\u00eenement : Sports"},"content":{"rendered":"<p class=\"date\">\n                                                            Aur\u00e9lie Sacchelli, Media365, publi\u00e9 le lundi 22 d\u00e9cembre 2025 \u00e0 10h18\n                                                    <\/p>\n<p>Actuellement en stage en Espagne avec son \u00e9quipe UAE Emirates, Tadej Pogacar a battu un record sur une mont\u00e9e de 6,4 kilom\u00e8tres tr\u00e8s pris\u00e9e par les cyclistes \u00e0 l&rsquo;entra\u00eenement \u00e0 cette p\u00e9riode de l&rsquo;ann\u00e9e.<\/p>\n<p>A cette p\u00e9riode de l&rsquo;ann\u00e9e, de nombreuses \u00e9quipes cyclistes sont en stage \u00e0 Calpe, station baln\u00e9aire situ\u00e9e entre Valence et Alicante, en Espagne, o\u00f9 la m\u00e9t\u00e9o est souvent favorable. Non loin de l\u00e0 se situe un col, le Coll de Rates, o\u00f9 les coureurs, professionnels ou amateurs, adorent se tester, tout au long des 6,5 kilom\u00e8tres \u00e0 5,5% de moyenne. Comme c&rsquo;est devenu la mode depuis quelques ann\u00e9es, les cyclistes partagent leurs performances via l&rsquo;application Strava, et<strong> ils sont pas moins de 100 000 \u00e0 avoir d\u00e9j\u00e0 gravi le Coll de Rates.<\/strong> En fin de semaine derni\u00e8re, c&rsquo;est le meilleur d&rsquo;entre eux, Tadej Pogacar, qui a tent\u00e9 sa chance, comme il en a pris l&rsquo;habitude chaque ann\u00e9e.<\/p>\n<p>Pogacar bat son record de 24 secondes<\/p>\n<p>Et le Slov\u00e8ne a battu son propre record de mont\u00e9e ! Le coureur d&rsquo;UAE Emirates a gravi le col en 11&rsquo;57, battant ainsi de 24 secondes son record \u00e9tabli il y a un an, avec une vitesse moyenne de 32,3km\/h. <strong>Cette mont\u00e9e faisait partie d&rsquo;une sortie d&rsquo;un peu plus de 6 heures autour de Calpe, o\u00f9 il avait parcouru 226 kilom\u00e8tres, pour un total de 4203 m\u00e8tres de d\u00e9nivel\u00e9 positif<\/strong>. Ses co\u00e9quipiers Kevin Vermaerke, Florian Vermeersch, Nils Politt, <a href=\"https:\/\/sports.orange.fr\/cyclisme\/article\/uae-emirates-les-confessions-de-sivakov-CNT000002lFvtQ.html\" target=\"_blank\" rel=\"noopener\">Pavel Sivakov<\/a> et Domen Novak \u00e9taient \u00e9galement de la partie.<\/p>\n<p>Pogacar est en pleine forme<\/p>\n<p>Un peu plus t\u00f4t dans la journ\u00e9e, le Danois de l&rsquo;\u00e9quipe fran\u00e7aise Unibet Rose Rockets avait battu le record de la mont\u00e9e \u00ab\u00a0Test coll de Rates\u00a0\u00bb, un segment du col long de 2,03km \u00e0 6,4% de moyenne. Il avait alors sign\u00e9 un chrono de 4&rsquo;19, battant d&rsquo;une seconde le chrono \u00e9tabli par Pogacar le 20 d\u00e9cembre 2024. <strong>Mais quelques dizaines de minutes plus tard, le Slov\u00e8ne l&rsquo;a effac\u00e9 des tablettes, gravissant cette partie du col en 4&rsquo;06.<\/strong> Pas de doute possible, le double champion du monde est en pleine forme avant les f\u00eates. Mais il faudra encore patienter avant de le voir en comp\u00e9tition, puisqu&rsquo;il ne d\u00e9butera sa saison 2026 que le 7 mars sur les Strade Bianche.<\/p>\n","protected":false},"excerpt":{"rendered":"Aur\u00e9lie Sacchelli, Media365, publi\u00e9 le lundi 22 d\u00e9cembre 2025 \u00e0 10h18 Actuellement en stage en Espagne avec son&hellip;\n","protected":false},"author":2,"featured_media":615572,"comment_status":"","ping_status":"","sticky":false,"template":"","format":"standard","meta":{"footnotes":""},"categories":[1411],"tags":[1154,207,1011,27,60],"class_list":{"0":"post-615571","1":"post","2":"type-post","3":"status-publish","4":"format-standard","5":"has-post-thumbnail","7":"category-cyclisme","8":"tag-cycling","9":"tag-cyclisme","10":"tag-fr","11":"tag-france","12":"tag-sports"},"share_on_mastodon":{"url":"https:\/\/pubeurope.com\/@fr\/115762653038262493","error":""},"_links":{"self":[{"href":"https:\/\/www.europesays.com\/fr\/wp-json\/wp\/v2\/posts\/615571","targetHints":{"allow":["GET"]}}],"collection":[{"href":"https:\/\/www.europesays.com\/fr\/wp-json\/wp\/v2\/posts"}],"about":[{"href":"https:\/\/www.europesays.com\/fr\/wp-json\/wp\/v2\/types\/post"}],"author":[{"embeddable":true,"href":"https:\/\/www.europesays.com\/fr\/wp-json\/wp\/v2\/users\/2"}],"replies":[{"embeddable":true,"href":"https:\/\/www.europesays.com\/fr\/wp-json\/wp\/v2\/comments?post=615571"}],"version-history":[{"count":0,"href":"https:\/\/www.europesays.com\/fr\/wp-json\/wp\/v2\/posts\/615571\/revisions"}],"wp:featuredmedia":[{"embeddable":true,"href":"https:\/\/www.europesays.com\/fr\/wp-json\/wp\/v2\/media\/615572"}],"wp:attachment":[{"href":"https:\/\/www.europesays.com\/fr\/wp-json\/wp\/v2\/media?parent=615571"}],"wp:term":[{"taxonomy":"category","embeddable":true,"href":"https:\/\/www.europesays.com\/fr\/wp-json\/wp\/v2\/categories?post=615571"},{"taxonomy":"post_tag","embeddable":true,"href":"https:\/\/www.europesays.com\/fr\/wp-json\/wp\/v2\/tags?post=615571"}],"curies":[{"name":"wp","href":"https:\/\/api.w.org\/{rel}","templated":true}]}}