{"id":615577,"date":"2025-12-22T10:06:45","date_gmt":"2025-12-22T10:06:45","guid":{"rendered":"https:\/\/www.europesays.com\/fr\/615577\/"},"modified":"2025-12-22T10:06:45","modified_gmt":"2025-12-22T10:06:45","slug":"un-concept-impose-par-les-architectes","status":"publish","type":"post","link":"https:\/\/www.europesays.com\/fr\/615577\/","title":{"rendered":"un concept impos\u00e9 par les architectes"},"content":{"rendered":"<p>Toutes les pi\u00e8ces de notre maison ne b\u00e9n\u00e9ficient pas de la m\u00eame<br \/>\nattention de notre part. Les petits espaces notamment sont souvent<br \/>\nlaiss\u00e9s de c\u00f4t\u00e9, au profit des pi\u00e8ces plus grandes et plus<br \/>\nlumineuses. Pourtant, selon un article du site Homes &amp;<br \/>\nGardens, ces coins intimistes pourraient devenir de v\u00e9ritables<br \/>\n\u00ab\u00a0zones de confiance\u00a0\u00bb.<\/p>\n<p>Utiliser vos petits espaces pour cr\u00e9er des \u00ab\u00a0zones de<br \/>\nconfiance\u00a0\u00bb<\/p>\n<p>Les grandes pi\u00e8ces ont toujours eu la pr\u00e9f\u00e9rence des<br \/>\nparticuliers, <strong>offrant davantage de possibilit\u00e9s<\/strong>.<br \/>\nLes couleurs et le mobilier minimaliste donnent une impression<br \/>\nd\u00a0\u00bbespace. Mais les architectes d&rsquo;int\u00e9rieur semblent d\u00e9sormais<br \/>\ns&rsquo;int\u00e9resser aux petites pi\u00e8ces. Il peut s&rsquo;agir de toilettes,<br \/>\n<a href=\"https:\/\/www.lejournaldelamaison.fr\/le-journal-de-la-maison\/piece-par-piece\/15-idees-pour-amenager-un-coin-lecture-cocooning-436889.html\" target=\"_blank\" rel=\"noopener\"><br \/>\nd&rsquo;un coin lecture<\/a> ou <strong>d&rsquo;une petite chambre<br \/>\nd&rsquo;amis<\/strong>. Ces espaces restreints sont appel\u00e9s \u00ab\u00a0zones de<br \/>\nconfiance\u00a0\u00bb. Ce sont des lieux dans lesquels il est plus facile<br \/>\nd&rsquo;exp\u00e9rimenter, d&rsquo;oser.<\/p>\n<p>\u00ab\u00a0<a href=\"https:\/\/www.lejournaldelamaison.fr\/le-journal-de-la-maison\/cette-regle-des-3-motifs-que-les-designers-dinterieur-appliquent-pour-un-salon-canon-et-sans-conflit-visuel-530512.html\" target=\"_blank\" rel=\"noopener\">Les<br \/>\nmotifs<\/a>, les couleurs et les textures <strong>apportent<br \/>\nprofondeur et intention<\/strong>, et peuvent transformer m\u00eame le<br \/>\nplus petit coin en un lieu plein de caract\u00e8re et de beaut\u00e9. Ces<br \/>\nespaces se pr\u00eatent \u00e0 une certaine libert\u00e9 et deviennent souvent les<br \/>\npi\u00e8ces <strong>les plus m\u00e9morables d&rsquo;une maison<\/strong>\u00ab\u00a0,<br \/>\nexplique Lauren Gilberthorpe, d\u00e9coratrice d\u2019int\u00e9rieur.<\/p>\n<p>\u00c0 quoi servent les \u00ab\u00a0zones de confiance\u00a0\u00bb ?<\/p>\n<p>Ces \u00ab\u00a0zones de confiance\u00a0\u00bb peuvent vous servir <strong>\u00e0 tester<br \/>\nvotre cr\u00e9ativit\u00e9<\/strong>. Bien s\u00fbr, l&rsquo;id\u00e9e n&rsquo;est pas d&rsquo;accumuler<br \/>\nles motifs ou les couleurs au hasard. Mais vous pouvez par exemple<br \/>\nopter pour <a href=\"https:\/\/www.lejournaldelamaison.fr\/le-journal-de-la-maison\/nouveautes\/tendances\/tendances-deco\/quand-les-couleurs-flashy-facon-annees-70-contaminent-notre-interieur-428601.html\" target=\"_blank\" rel=\"noopener\"><br \/>\nune teinte un peu flashy<\/a> ou un motif original et l&rsquo;\u00e9tendre sur<br \/>\nles murs, le plafond, <strong>voire les moulures<\/strong>.<\/p>\n<p>\u00ab\u00a0Puisez <strong>deux ou trois nuances<\/strong> pour former<br \/>\nla base de votre palette, puis <a href=\"https:\/\/www.lejournaldelamaison.fr\/maison\/7-matieres-a-superposer-cet-automne-pour-une-deco-cocooning-ultra-texturee-velours-jute-rotin-a-adopter-avant-que-le-froid-narrive-chez-vous-527894.html\" target=\"_blank\" rel=\"noopener\"><br \/>\najoutez progressivement de la texture<\/a> \u00e0 travers le rev\u00eatement<br \/>\nde sol, l&rsquo;\u00e9clairage, les textiles et les accessoires\u00a0\u00bb,<br \/>\nconseille Lauren Gilberthorpe. Vous pourrez ainsi cr\u00e9er un espace \u00e0<br \/>\nla d\u00e9coration coh\u00e9rente, <strong>un petit cocon \u00e0 votre<br \/>\nimage<\/strong>.<\/p>\n<blockquote class=\"instagram-media\" style=\"background: #ffffff;border: 0;margin: 1px;width: 100%;padding: 0;max-width: 500px;\" data-instgrm-permalink=\"https:\/\/www.instagram.com\/reels\/DOqy12siDCv\/\" data-instgrm-version=\"14\"\/><p>\nDes pi\u00e8ces pr\u00eates \u00e0 \u00eatre<br \/>\ntransform\u00e9es<\/p>\n<p>Mais alors, quelles sont <strong>les pi\u00e8ces \u00e0<br \/>\nprivil\u00e9gier<\/strong> ? Les toilettes et les petites salles d&rsquo;eau<br \/>\npeuvent g\u00e9n\u00e9ralement devenir d&rsquo;excellentes \u00ab\u00a0zones de confiance\u00a0\u00bb.<br \/>\nElles sont parfaites pour y ajouter <a href=\"https:\/\/www.lejournaldelamaison.fr\/le-journal-de-la-maison\/nouveautes\/tendances\/tendances-deco\/imprimes-tapisserie-meubles-sculpturaux-couleurs-profondes-decoratrice-devoile-deja-tendances-automne-hiver-attendent-rentree-netes-pas-prets-514565.html\" target=\"_blank\" rel=\"noopener\"><br \/>\ndes couleurs profondes<\/a> ou un papier peint textur\u00e9. La chambre<br \/>\nd&rsquo;amis est souvent la plus petite chambre de la maison. L&rsquo;occasion<br \/>\nid\u00e9ale pour enfin oser <strong>une palette de couleurs<br \/>\nriches<\/strong>.<\/p>\n<p><strong><a href=\"https:\/\/www.lejournaldelamaison.fr\/maison\/transformez-votre-buanderie-avec-ces-astuces-diy-ikea-gagnez-de-lespace-et-de-lefficacite-sans-gros-travaux-527338.html\" target=\"_blank\" rel=\"noopener\"><br \/>\nLa buanderie<\/a> est une option int\u00e9ressante<\/strong>. En faire une<br \/>\n\u00ab\u00a0zone de confiance\u00a0\u00bb pourrait vous permettre de transformer les<br \/>\ncorv\u00e9es en moments plus sympathiques. Croyez-nous, cette approche<br \/>\nn&rsquo;est pas qu&rsquo;un effet de mode, c&rsquo;est un r\u00e9el moyen de transformer<br \/>\nvos petites pi\u00e8ces, <strong>trop souvent d\u00e9laiss\u00e9es<\/strong>.<\/p>\n<p><script async src=\"\/\/www.instagram.com\/embed.js\"><\/script><\/p>\n","protected":false},"excerpt":{"rendered":"Toutes les pi\u00e8ces de notre maison ne b\u00e9n\u00e9ficient pas de la m\u00eame attention de notre part. Les petits&hellip;\n","protected":false},"author":2,"featured_media":615578,"comment_status":"","ping_status":"","sticky":false,"template":"","format":"standard","meta":{"footnotes":""},"categories":[1358],"tags":[36782,1348,1384,1385,17488,16636,13874,1446,1805,1386,18637,70804,69399,58,59,1011,27,72610,151,8661,746,3387,6249],"class_list":{"0":"post-615577","1":"post","2":"type-post","3":"status-publish","4":"format-standard","5":"has-post-thumbnail","7":"category-arts-et-design","8":"tag-architectes","9":"tag-arts","10":"tag-arts-and-design","11":"tag-arts-et-design","12":"tag-ce","13":"tag-concept","14":"tag-confiance","15":"tag-dans","16":"tag-de","17":"tag-design","18":"tag-desormais","19":"tag-dinterieur","20":"tag-discret","21":"tag-divertissement","22":"tag-entertainment","23":"tag-fr","24":"tag-france","25":"tag-imposent","26":"tag-les","27":"tag-maisons","28":"tag-que","29":"tag-tous","30":"tag-zones"},"share_on_mastodon":{"url":"https:\/\/pubeurope.com\/@fr\/115762664759801989","error":""},"_links":{"self":[{"href":"https:\/\/www.europesays.com\/fr\/wp-json\/wp\/v2\/posts\/615577","targetHints":{"allow":["GET"]}}],"collection":[{"href":"https:\/\/www.europesays.com\/fr\/wp-json\/wp\/v2\/posts"}],"about":[{"href":"https:\/\/www.europesays.com\/fr\/wp-json\/wp\/v2\/types\/post"}],"author":[{"embeddable":true,"href":"https:\/\/www.europesays.com\/fr\/wp-json\/wp\/v2\/users\/2"}],"replies":[{"embeddable":true,"href":"https:\/\/www.europesays.com\/fr\/wp-json\/wp\/v2\/comments?post=615577"}],"version-history":[{"count":0,"href":"https:\/\/www.europesays.com\/fr\/wp-json\/wp\/v2\/posts\/615577\/revisions"}],"wp:featuredmedia":[{"embeddable":true,"href":"https:\/\/www.europesays.com\/fr\/wp-json\/wp\/v2\/media\/615578"}],"wp:attachment":[{"href":"https:\/\/www.europesays.com\/fr\/wp-json\/wp\/v2\/media?parent=615577"}],"wp:term":[{"taxonomy":"category","embeddable":true,"href":"https:\/\/www.europesays.com\/fr\/wp-json\/wp\/v2\/categories?post=615577"},{"taxonomy":"post_tag","embeddable":true,"href":"https:\/\/www.europesays.com\/fr\/wp-json\/wp\/v2\/tags?post=615577"}],"curies":[{"name":"wp","href":"https:\/\/api.w.org\/{rel}","templated":true}]}}