{"id":615579,"date":"2025-12-22T10:09:14","date_gmt":"2025-12-22T10:09:14","guid":{"rendered":"https:\/\/www.europesays.com\/fr\/615579\/"},"modified":"2025-12-22T10:09:14","modified_gmt":"2025-12-22T10:09:14","slug":"france-tele-selon-le-rapporteur-charles-alloncle-interviewe-hier-soir-nagui-est-la-personne-qui-se-serait-sur-les-dix-dernieres-annees-le-plus-enrichie-sur-largent-public-en-gagnant-des-dizai","status":"publish","type":"post","link":"https:\/\/www.europesays.com\/fr\/615579\/","title":{"rendered":"France T\u00e9l\u00e9 : Selon le rapporteur Charles Alloncle, interview\u00e9 hier soir, \u00ab\u00a0Nagui est la personne qui se serait, sur les dix derni\u00e8res ann\u00e9es, le plus enrichie sur l&rsquo;argent public\u00a0\u00bb en gagnant des dizaines de millions &#8211; Regardez"},"content":{"rendered":"<p>Le d\u00e9put\u00e9 Charles Alloncle est l&rsquo;invit\u00e9 des Incorrectibles, l&rsquo;\u00e9mission de Eric Morillot qui est diffus\u00e9e le dimanche soir \u00e0 18h sur les r\u00e9seaux sociaux et il a r\u00e9v\u00e9l\u00e9 que Nagui avec gagn\u00e9 plusieurs dizaines de millions ces derni\u00e8res ann\u00e9es, affirmant que c&rsquo;\u00e9tait sans doute l&rsquo;une des personnes en France qui s&rsquo;\u00e9tait le plus enrichie sur les deniers publics.<\/p>\n<p>Le rapporteur de la commission d&rsquo;enqu\u00eate sur l&rsquo;audiovisuel public affirme en effet :\u00a0<\/p>\n<p><strong>\u00ab\u00a0Je pense, je vais parler au conditionnel, que Nagui est la personne sur les dix derni\u00e8res ann\u00e9es en France qui s&rsquo;est le plus enrichi sur l&rsquo;argent public.<\/strong> Plus que n&rsquo;importe quel patron d&rsquo;entreprise publique, plus que n&rsquo;importe quel ministre ou pr\u00e9sident de la R\u00e9publique, n&rsquo;importe quel haut fonctionnaire.<\/p>\n<p>Nagui, para\u00eet-il, dispose d&rsquo;un certain nombre de contrats avec France T\u00e9l\u00e9visions, notamment. Il produit nombre d&rsquo;\u00e9missions, des jeux. Il faut quand m\u00eame savoir que les jeux sont les \u00e9missions et les grilles les plus rentables, parce que, pour donner aussi un peu de perspective \u00e0 ceux qui nous \u00e9coutent, un jeu n&rsquo;est pas soumis \u00e0 l&rsquo;actualit\u00e9.<\/p>\n<p>Donc, vous pouvez enregistrer, par exemple, sur une journ\u00e9e sept, huit ou neuf num\u00e9ros. Vous faites appel \u00e0 des techniciens, mais eux vous ne les\u00a0 payez pendant une journ\u00e9e.\u00a0<\/p>\n<p>Vous pouvez donc mutualiser les co\u00fbts de mani\u00e8re incroyable. Donc, les marges sont extr\u00eamement importantes, contrairement \u00e0 d&rsquo;autres \u00e9missions de plateau qui, elles, sont soumises \u00e0 l&rsquo;actualit\u00e9, qui ne peuvent ni \u00eatre rediffus\u00e9es, ni \u00eatre produites et enregistr\u00e9es en masse.<\/p>\n<p>Donc, Nagui b\u00e9n\u00e9ficie d&rsquo;un nombre de programmes en tant qu&rsquo;animateur, mais aussi en tant que producteur colossal sur France 2, sur France T\u00e9l\u00e9visions. Pour l&rsquo;instant, j&rsquo;ai demand\u00e9 un certain nombre de pi\u00e8ces. Mais sur les derni\u00e8res ann\u00e9es, \u00e7a se compte, je pense, en millions.\u00a0\u00bb<\/p><\/p>\n","protected":false},"excerpt":{"rendered":"Le d\u00e9put\u00e9 Charles Alloncle est l&rsquo;invit\u00e9 des Incorrectibles, l&rsquo;\u00e9mission de Eric Morillot qui est diffus\u00e9e le dimanche soir&hellip;\n","protected":false},"author":2,"featured_media":615580,"comment_status":"","ping_status":"","sticky":false,"template":"","format":"standard","meta":{"footnotes":""},"categories":[1356],"tags":[37560,58,59,72611,1011,27,10477,252,1364,48859],"class_list":{"0":"post-615579","1":"post","2":"type-post","3":"status-publish","4":"format-standard","5":"has-post-thumbnail","7":"category-television","8":"tag-charles-alloncle","9":"tag-divertissement","10":"tag-entertainment","11":"tag-eric-morillot","12":"tag-fr","13":"tag-france","14":"tag-nagui","15":"tag-television","16":"tag-tv","17":"tag-u00e9mission"},"share_on_mastodon":{"url":"https:\/\/pubeurope.com\/@fr\/115762676710881802","error":""},"_links":{"self":[{"href":"https:\/\/www.europesays.com\/fr\/wp-json\/wp\/v2\/posts\/615579","targetHints":{"allow":["GET"]}}],"collection":[{"href":"https:\/\/www.europesays.com\/fr\/wp-json\/wp\/v2\/posts"}],"about":[{"href":"https:\/\/www.europesays.com\/fr\/wp-json\/wp\/v2\/types\/post"}],"author":[{"embeddable":true,"href":"https:\/\/www.europesays.com\/fr\/wp-json\/wp\/v2\/users\/2"}],"replies":[{"embeddable":true,"href":"https:\/\/www.europesays.com\/fr\/wp-json\/wp\/v2\/comments?post=615579"}],"version-history":[{"count":0,"href":"https:\/\/www.europesays.com\/fr\/wp-json\/wp\/v2\/posts\/615579\/revisions"}],"wp:featuredmedia":[{"embeddable":true,"href":"https:\/\/www.europesays.com\/fr\/wp-json\/wp\/v2\/media\/615580"}],"wp:attachment":[{"href":"https:\/\/www.europesays.com\/fr\/wp-json\/wp\/v2\/media?parent=615579"}],"wp:term":[{"taxonomy":"category","embeddable":true,"href":"https:\/\/www.europesays.com\/fr\/wp-json\/wp\/v2\/categories?post=615579"},{"taxonomy":"post_tag","embeddable":true,"href":"https:\/\/www.europesays.com\/fr\/wp-json\/wp\/v2\/tags?post=615579"}],"curies":[{"name":"wp","href":"https:\/\/api.w.org\/{rel}","templated":true}]}}