{"id":61558,"date":"2025-04-29T10:31:08","date_gmt":"2025-04-29T10:31:08","guid":{"rendered":"https:\/\/www.europesays.com\/fr\/61558\/"},"modified":"2025-04-29T10:31:08","modified_gmt":"2025-04-29T10:31:08","slug":"wanty-nippo-reuz-il-a-ete-tres-intelligent-actualite","status":"publish","type":"post","link":"https:\/\/www.europesays.com\/fr\/61558\/","title":{"rendered":"Wanty-NIPPO-ReUz : \u00ab Il a \u00e9t\u00e9 tr\u00e8s intelligent \u00bb &#8211; Actualit\u00e9"},"content":{"rendered":"<p style=\"text-align: justify;\"><strong>Pr\u00e8s de deux ans apr\u00e8s Roel van Sintmaartensdijk, Wanty-NIPPO-ReUz a remport\u00e9 une deuxi\u00e8me \u00e9tape, ce lundi, sur le Tour de Bretagne. Cette fois-ci, c\u2019est par l\u2019interm\u00e9diaire de l\u2019Espoir 1 Felix-Orn Kristoff (<a href=\"https:\/\/www.directvelo.com\/actualite\/120149\/tour-de-bretagne-et-4-classements\" target=\"_blank\" rel=\"noopener\">voir classement<\/a>), demi-fr\u00e8re d\u2019Alexander, qui a d\u00e9j\u00e0 sign\u00e9 avec la WorldTeam pour les deux prochaines saisons. Pour DirectVelo, K\u00e9vin Van Melsen, son directeur sportif, revient sur la victoire du Norv\u00e9gien d\u00e9sormais leader de l&rsquo;\u00e9preuve de Classe 2.<\/strong><\/p>\n<p style=\"text-align: justify;\"><strong>DirectVelo : Le sc\u00e9nario du quatri\u00e8me acte du Tour de Bretagne a \u00e9t\u00e9 fou !<\/strong><br \/>K\u00e9vin Van Melsen : Sinc\u00e8rement, c&rsquo;\u00e9tait pr\u00e9vu qu&rsquo;on fasse la course sur le circuit final. Je m&rsquo;\u00e9tais dit dans le briefing que c&rsquo;\u00e9tait clair qu&rsquo;on devait entamer en bonne position le circuit final. Je savais que c&rsquo;\u00e9tait une \u00e9tape qui pouvait bien nous convenir, vu les capacit\u00e9s de nos coureurs. Apr\u00e8s, on a eu des probl\u00e8mes avec Tobias M\u00fcller juste avant l&rsquo;entr\u00e9e du circuit qui nous a co\u00fbt\u00e9 beaucoup d&rsquo;\u00e9nergie, parce qu&rsquo;il a d\u00fb changer de v\u00e9lo. Et devant, on n&rsquo;avait qu&rsquo;un seul coureur parmi les 25 \u00e9chapp\u00e9s, ce qui \u00e9tait peu, et ce n&rsquo;\u00e9tait pas vraiment id\u00e9al. Cependant, je suis s\u00fbr que Tobias aurait \u00e9t\u00e9 l\u00e0 aussi s&rsquo;il n&rsquo;avait pas eu ce probl\u00e8me m\u00e9canique. Donc, le plan a \u00e9t\u00e9 respect\u00e9 \u00e0 la lettre.<\/p>\n<p style=\"text-align: justify;\"><strong>\u00ab UN GRAND BOSSEUR \u00bb<\/strong><\/p>\n<p style=\"text-align: justify;\"><strong>Votre seul coureur parmi les 25 \u00e9l\u00e9ments du groupe de t\u00eate \u00e9tait Felix-Orn Kristoff et il a parfaitement man\u0153uvr\u00e9 !<\/strong><br \/>Il a \u00e9t\u00e9 tr\u00e8s intelligent. Malgr\u00e9 son jeune \u00e2ge, il a d\u00e9j\u00e0 d\u00e9montr\u00e9 aujourd&rsquo;hui qu&rsquo;il avait de grandes connaissances. Ce n&rsquo;est pas toujours \u00e9vident de passer Junior \u00e0 Espoir et de reproduire ce qu&rsquo;on a fait chez les U19. Ce qu\u2019il a fait est assez exceptionnel. Il avait d\u00e9j\u00e0 fourni beaucoup d&rsquo;efforts il y a deux-trois jours. Je lui avais encore dit ce matin au briefing, d\u2019essayer de temporiser un maximum ses efforts parce qu\u2019il est plus fort qu\u2019il ne le pense. Il a prouv\u00e9 qu&rsquo;il avait quand m\u00eame d\u00e9j\u00e0 de la ma\u00eetrise. Il m\u00e9rite cette victoire parce qu&rsquo;il a \u00e9t\u00e9 attentif depuis le d\u00e9but. Il est m\u00eame venu plusieurs fois chercher des bidons \u00e0 la voiture. Je lui ai dit : \u00ab Ce n&rsquo;est pas ton job, reste tranquille, essaye d&rsquo;\u00e9conomiser au maximum tes forces \u00bb. Mais voil\u00e0, je connais son fr\u00e8re Alexander comme j\u2019ai roul\u00e9 avec lui, donc je sais que c&rsquo;est une famille de bosseurs. F\u00e9lix est aussi un grand bosseur. Je suis super content de sa victoire, parce qu&rsquo;on a eu pas mal de malchance. Depuis le d\u00e9but du Tour de Bretagne, on a eu beaucoup de chutes et de probl\u00e8mes m\u00e9caniques. L\u00e0, la roue a tourn\u00e9.<\/p>\n<p style=\"text-align: justify;\"><strong>T\u2019attendais-tu \u00e0 ce qu\u2019il l\u00e8ve les bras d\u00e8s la premi\u00e8re partie de saison ?<\/strong><br \/>On conna\u00eet ses capacit\u00e9s. Il a quand m\u00eame \u00e9t\u00e9 Champion d&rsquo;Europe chez les Juniors et 3e au Championnat du Monde. C&rsquo;est s\u00fbr que c&rsquo;est un grand talent. Pour \u00eatre super honn\u00eate, je ne lui ai pas encore \u00e9norm\u00e9ment donn\u00e9 sa chance cette ann\u00e9e parce qu&rsquo;il est Espoir 1. Je n&rsquo;aime pas\u00a0trop mettre de pression sur les jeunes coureurs. Ici, \u00e7a a \u00e9t\u00e9 quasiment, je pense, l&rsquo;une des seules vraies chances qu&rsquo;on lui ait accord\u00e9e. Il l&rsquo;a saisie. Il a accompli un travail extraordinaire avec moi sur les courses pr\u00e9c\u00e9dentes chez les pros. On l\u2019a mis sur quelques \u00e9preuves pas trop dures avec la WorldTeam, on a fait \u00e7a intelligemment. On a vu que \u00e7a marchait bien par le pass\u00e9. Son p\u00e8re l\u2019entra\u00eene, on a une bonne connexion. Il s&rsquo;est mis au service de l&rsquo;\u00e9quipe. Il n&rsquo;a jamais rechign\u00e9 sur quoi que ce soit. C&rsquo;est pour dire \u00e0 quel point il a une mentalit\u00e9 exemplaire. Il faisait partie des plans pour ce Tour de Bretagne. C\u2019est la r\u00e9compense.<\/p>\n<p style=\"text-align: justify;\"><strong>\u00ab UN BEAU D\u00c9BUT DE CARRI\u00c8RE \u00bb<\/strong><\/p>\n<p style=\"text-align: justify;\"><strong>Que repr\u00e9sente cette victoire d\u2019\u00e9tape au Tour de Bretagne pour lui et l\u2019\u00e9quipe ?<\/strong><br \/>On sait que le Tour de Bretagne, c&rsquo;est quelque chose, c&rsquo;est quand m\u00eame une des \u00e9preuves les plus r\u00e9put\u00e9es du calendrier Espoirs. Pour moi, c\u2019est incroyable. On avait d\u00e9j\u00e0 remport\u00e9 une \u00e9tape avec\u00a0Roel van Sintmaartensdijk en 2023. C&rsquo;est la deuxi\u00e8me. Je pense que c&rsquo;est une grande victoire et un beau d\u00e9but de carri\u00e8re pour lui.<\/p>\n<p style=\"text-align: justify;\"><strong>Comment imagines-tu ces trois derni\u00e8res journ\u00e9es ?<\/strong><br \/>Il reste des \u00e9tapes difficiles. On a une \u00e9quipe qui est forte avec des coureurs d&rsquo;exp\u00e9rience comme Halvor (Dolven) et Victor (Hannes). Je suis confiant m\u00eame si c&rsquo;est s\u00fbr que \u00e7a ne va pas \u00eatre facile. On va d\u00e9fendre ce maillot. Mais voil\u00e0, le Tour de Bretagne est encore long. Il va se passer beaucoup de choses. Il n\u2019y a pas besoin d\u2019une \u00e9tape tr\u00e8s dure. Donc, il faut se m\u00e9fier, prendre jour apr\u00e8s jour et donner le meilleur de ce qu&rsquo;on peut pour ne pas avoir de regrets \u00e0 la fin.<\/p>\n","protected":false},"excerpt":{"rendered":"Pr\u00e8s de deux ans apr\u00e8s Roel van Sintmaartensdijk, Wanty-NIPPO-ReUz a remport\u00e9 une deuxi\u00e8me \u00e9tape, ce lundi, sur le&hellip;\n","protected":false},"author":2,"featured_media":61559,"comment_status":"","ping_status":"","sticky":false,"template":"","format":"standard","meta":{"footnotes":""},"categories":[1411],"tags":[834,828,836,829,837,827,83,826,824,823,1154,207,814,817,815,816,822,821,832,211,839,1011,27,820,818,819,835,831,830,833,838,60,212,208,825],"class_list":{"0":"post-61558","1":"post","2":"type-post","3":"status-publish","4":"format-standard","5":"has-post-thumbnail","7":"category-cyclisme","8":"tag-attaque","9":"tag-belgique","10":"tag-braquet","11":"tag-bretagne","12":"tag-chute","13":"tag-competition","14":"tag-coupe-de-france","15":"tag-coureur","16":"tag-course-cyclisme","17":"tag-course-cycliste","18":"tag-cycling","19":"tag-cyclisme","20":"tag-direct","21":"tag-direct-velo","22":"tag-directvelo","23":"tag-directvelo-com","24":"tag-epreuve","25":"tag-epreuve-cycliste","26":"tag-federation-francaise-de-cyclisme","27":"tag-ffc","28":"tag-flandres","29":"tag-fr","30":"tag-france","31":"tag-live","32":"tag-live-course","33":"tag-live-epreuve","34":"tag-peloton","35":"tag-radio-peloton","36":"tag-radio-tour","37":"tag-ravitaillement","38":"tag-relance","39":"tag-sports","40":"tag-uci","41":"tag-velo","42":"tag-velos"},"share_on_mastodon":{"url":"https:\/\/pubeurope.com\/@fr\/114420795550343772","error":""},"_links":{"self":[{"href":"https:\/\/www.europesays.com\/fr\/wp-json\/wp\/v2\/posts\/61558","targetHints":{"allow":["GET"]}}],"collection":[{"href":"https:\/\/www.europesays.com\/fr\/wp-json\/wp\/v2\/posts"}],"about":[{"href":"https:\/\/www.europesays.com\/fr\/wp-json\/wp\/v2\/types\/post"}],"author":[{"embeddable":true,"href":"https:\/\/www.europesays.com\/fr\/wp-json\/wp\/v2\/users\/2"}],"replies":[{"embeddable":true,"href":"https:\/\/www.europesays.com\/fr\/wp-json\/wp\/v2\/comments?post=61558"}],"version-history":[{"count":0,"href":"https:\/\/www.europesays.com\/fr\/wp-json\/wp\/v2\/posts\/61558\/revisions"}],"wp:featuredmedia":[{"embeddable":true,"href":"https:\/\/www.europesays.com\/fr\/wp-json\/wp\/v2\/media\/61559"}],"wp:attachment":[{"href":"https:\/\/www.europesays.com\/fr\/wp-json\/wp\/v2\/media?parent=61558"}],"wp:term":[{"taxonomy":"category","embeddable":true,"href":"https:\/\/www.europesays.com\/fr\/wp-json\/wp\/v2\/categories?post=61558"},{"taxonomy":"post_tag","embeddable":true,"href":"https:\/\/www.europesays.com\/fr\/wp-json\/wp\/v2\/tags?post=61558"}],"curies":[{"name":"wp","href":"https:\/\/api.w.org\/{rel}","templated":true}]}}