{"id":615581,"date":"2025-12-22T10:10:13","date_gmt":"2025-12-22T10:10:13","guid":{"rendered":"https:\/\/www.europesays.com\/fr\/615581\/"},"modified":"2025-12-22T10:10:13","modified_gmt":"2025-12-22T10:10:13","slug":"il-faut-bien-que-ca-sarrete","status":"publish","type":"post","link":"https:\/\/www.europesays.com\/fr\/615581\/","title":{"rendered":"\u201cIl faut bien que \u00e7a s\u2019arr\u00eate\u201d"},"content":{"rendered":"<p><strong>Vanessa Paradis<\/strong> est une chanteuse,<br \/>\noccasionnellement actrice, qui conna\u00eet une rare long\u00e9vit\u00e9.<br \/>\n<strong>R\u00e9v\u00e9l\u00e9e dans les ann\u00e9es 80, avec son tube Joe le<br \/>\ntaxi, la chanteuse est devenu l\u2019une des rares teen<br \/>\nidols en France.<\/strong> Sa carri\u00e8re a pris un sacr\u00e9<br \/>\nenvol par la suite et sa vie priv\u00e9e s\u2019est retrouv\u00e9e, de<br \/>\nfacto, tr\u00e8s expos\u00e9e dans les m\u00e9dias. Notamment en raison des<br \/>\nses amours avec, d\u2019abord, <strong>Florent Pagny<\/strong>, puis la<br \/>\nstar hollywoodienne d\u2019alors, <strong>Johnny Depp<\/strong>. Vanessa<br \/>\nParadis a fond\u00e9 une petite famille avec ce dernier m\u00eame s\u2019ils sont<br \/>\naujourd\u2019hui s\u00e9par\u00e9s. Le couple a eu deux enfants, une fille et un<br \/>\ngar\u00e7on, <strong>Lily-Rose<\/strong> et <strong>Jack<\/strong>.<\/p>\n<p>Vanessa Paradis : superstar de la chanson fran\u00e7aise dans les<br \/>\nann\u00e9es 90<\/p>\n<p>On conna\u00eet la chanson, au sens propre comme au figur\u00e9. Joe<br \/>\nle taxi, balade sentimentale qui propulse sa jeune interpr\u00e8te<br \/>\nau sommet en 1987. <strong>Vanessa Paradis, avec son nom de star,<br \/>\n14 ans \u00e0 l\u2019\u00e9poque, casse la baraque.<\/strong> Toutefois, elle ne<br \/>\ndevient pas la chanteuse d\u2019un seul single. Au contraire, elle<br \/>\nembraye ensuite sur une sacr\u00e9 carri\u00e8re notamment avec les<br \/>\n<strong>albums cultes<\/strong> M et J, Variations sur<br \/>\nle m\u00eame t\u2019aime ainsi que l\u2019\u00e9ponyme Vanessa<br \/>\nParadis.<\/p>\n<p>Au d\u00e9but des ann\u00e9es 90, la jeune femme est alors une superstar<br \/>\nde la chanson fran\u00e7aise. <strong>Son physique de poup\u00e9e diaphane<br \/>\nlui permet de passer de la musique au cin\u00e9ma en un claquement de<br \/>\ndoigts, ou presque.<\/strong> Elle tourne, l\u2019ann\u00e9e suivante du<br \/>\nsucc\u00e8s de Joe le taxi, dans la romance controvers\u00e9e Noce<br \/>\nblanche. Peu ou prou \u00e0 la m\u00eame p\u00e9riode, elle devient<br \/>\n<strong>\u00e9g\u00e9rie<\/strong> pour la marque de luxe<br \/>\n<strong>Chanel<\/strong>. Rien n\u2019arr\u00eate Vanessa, elle est au paradis<br \/>\n\u00e0 l\u2019\u00e9poque.<\/p>\n<p>Les amours rock\u00a0\u00bbn&rsquo;roll de l\u2019interpr\u00e8te de Joe le taxi<br \/>\nont d\u00e9fray\u00e9 les m\u00e9dias<\/p>\n<p>La chanteuse devient une star tr\u00e8s m\u00e9diatis\u00e9e \u00e0 l\u2019\u00e9poque. Et,<br \/>\npeut-\u00eatre, plus pour ses amourettes que pour sa musique. Comme<br \/>\nsouvent, dans l\u2019industrie du disque, avec les artistes f\u00e9minines.<br \/>\nAinsi, d\u00e8s le d\u00e9part, elle se met en couple avec une autre sommit\u00e9<br \/>\nde la chanson : Florent Pagny. Probl\u00e8me. <strong>Le chanteur \u00e0 la<br \/>\nvoix de baryton est plus \u00e2g\u00e9 qu\u2019elle et Vanessa Paradis est mineure<br \/>\nau moment de leur relation.<\/strong> Finalement, c\u2019est elle qui<br \/>\npart\u2026<\/p>\n<p>On retrouve, peu apr\u00e8s, Vanessa Paradis aux bras de la rockstar<br \/>\nam\u00e9ricaine <strong>Lenny Kravitz<\/strong>. Artiste singulier, tr\u00e8s<br \/>\nbeau gosse et tr\u00e8s sexuel, qui lui confectionne un album<br \/>\nenti\u00e8rement en anglais. Le fameux Vanessa<br \/>\nParadis. Mais leur histoire ne dure qu\u2019un temps.<br \/>\n<strong>Quelques ann\u00e9es plus tard, elle tombe amoureuse <a href=\"https:\/\/www.melty.fr\/people\/avant-sa-separation-avec-johnny-depp-vanessa-paradis-brutalement-honnete-cest-tres-ennuyeux-2272369.html\" target=\"_blank\" rel=\"noopener\"><br \/>\nd\u2019un Johnny Depp fra\u00eechement s\u00e9par\u00e9 de Kate Moss<\/a>.<\/strong> Le<br \/>\ncouple va durer pr\u00e8s de 15 ans avec deux enfants \u00e0 la cl\u00e9. Ils se<br \/>\nquittent en 2012.<\/p>\n<p>Vanessa Paradis, ses confidences tr\u00e8s<br \/>\nindiscr\u00e8tes dans une interview<\/p>\n<p><strong>Entre 1998 et 2012, le couple form\u00e9 par Vanessa Paradis<br \/>\net Johnny Depp repr\u00e9sente l\u2019amour glamour sur les tapis<br \/>\nrouge.<\/strong> Ils font fantasmer hommes et femmes, ados comme<br \/>\nadultes. Les deux tourtereaux ont donn\u00e9 naissance \u00e0 deux enfants,<br \/>\ndonc, Lily-Rose et Jack. La premi\u00e8re a <a href=\"https:\/\/www.melty.fr\/people\/johnny-depp-sa-fille-lily-rose-traumatisee-elle-revele-un-souvenir-denfance-difficile-2211629.html\" target=\"_blank\" rel=\"noopener\"><br \/>\nembo\u00eet\u00e9 les pas de papa et maman en devenant actrice<\/a>. En plus,<br \/>\nelle pousse parfois la chansonnette aussi. Normal, elle a<br \/>\nr\u00e9guli\u00e8rement accompagn\u00e9 sa m\u00e8re en studio lorsqu\u2019elle \u00e9tait<br \/>\nenfant. Le second, lui, est beaucoup plus discret, \u00e0 la marge des<br \/>\nm\u00e9dias.<\/p>\n<p><strong>Flashback : nous sommes en 2001 dans Tout le monde en<br \/>\nparle.<\/strong> Un talk-show tr\u00e8s populaire des ann\u00e9es 2000 anim\u00e9<br \/>\npar feu <strong>Thierry Ardisson<\/strong> sur <strong>France<br \/>\n2<\/strong>. L\u00e0, Vanessa Paradis passe une t\u00eate pour la promo d\u2019un<br \/>\nalbum marquant son comeback, Bliss. Sur le plateau,<br \/>\nl\u2019artiste revient sur son parcours professionnel, mais \u00e9galement<br \/>\nsur sa vie priv\u00e9e. Elle se plie au jeu de l\u2019interview high-concept<br \/>\ncomme seul Ardisson en avait le secret. <strong>Ici, Vanessa<br \/>\nParadis doit r\u00e9pondre au question du fameux animateur comme s\u2019il<br \/>\ns\u2019agissait de sa propre fille, Lily-Rose.<\/strong> \u201cMaman,<br \/>\npourquoi on meurt ?\u201d, lance de mani\u00e8re lapidaire Ardisson \u00e0 la<br \/>\nchanteuse. R\u00e9ponse de l\u2019int\u00e9ress\u00e9e : \u201cDans l\u2019histoire, il y a<br \/>\nun d\u00e9but, un milieu et une fin.\u201d Avant d\u2019ajouter :<br \/>\n\u201c<strong>Et puis, il faut bien que \u00e7a s\u2019arr\u00eate.<\/strong> Au<br \/>\nbout d\u2019un moment, on devient compl\u00e8tement \u00e0 ramasser \u00e0 la cuill\u00e8re.<br \/>\nMais, apr\u00e8s, il y a autre chose surtout.\u201d La r\u00e9surrection ?<br \/>\nVanessa Paradis conna\u00eet bien \u00e7a.<\/p>\n","protected":false},"excerpt":{"rendered":"Vanessa Paradis est une chanteuse, occasionnellement actrice, qui conna\u00eet une rare long\u00e9vit\u00e9. R\u00e9v\u00e9l\u00e9e dans les ann\u00e9es 80, avec&hellip;\n","protected":false},"author":2,"featured_media":615582,"comment_status":"","ping_status":"","sticky":false,"template":"","format":"standard","meta":{"footnotes":""},"categories":[1355],"tags":[905,58,59,1011,27,61777,1361,873,65861,10245,729],"class_list":{"0":"post-615581","1":"post","2":"type-post","3":"status-publish","4":"format-standard","5":"has-post-thumbnail","7":"category-musique","8":"tag-a-la-une-melty","9":"tag-divertissement","10":"tag-entertainment","11":"tag-fr","12":"tag-france","13":"tag-has_video","14":"tag-music","15":"tag-musique","16":"tag-trend","17":"tag-vanessa-paradis","18":"tag-yout_video"},"share_on_mastodon":{"url":"https:\/\/pubeurope.com\/@fr\/115762680628083669","error":""},"_links":{"self":[{"href":"https:\/\/www.europesays.com\/fr\/wp-json\/wp\/v2\/posts\/615581","targetHints":{"allow":["GET"]}}],"collection":[{"href":"https:\/\/www.europesays.com\/fr\/wp-json\/wp\/v2\/posts"}],"about":[{"href":"https:\/\/www.europesays.com\/fr\/wp-json\/wp\/v2\/types\/post"}],"author":[{"embeddable":true,"href":"https:\/\/www.europesays.com\/fr\/wp-json\/wp\/v2\/users\/2"}],"replies":[{"embeddable":true,"href":"https:\/\/www.europesays.com\/fr\/wp-json\/wp\/v2\/comments?post=615581"}],"version-history":[{"count":0,"href":"https:\/\/www.europesays.com\/fr\/wp-json\/wp\/v2\/posts\/615581\/revisions"}],"wp:featuredmedia":[{"embeddable":true,"href":"https:\/\/www.europesays.com\/fr\/wp-json\/wp\/v2\/media\/615582"}],"wp:attachment":[{"href":"https:\/\/www.europesays.com\/fr\/wp-json\/wp\/v2\/media?parent=615581"}],"wp:term":[{"taxonomy":"category","embeddable":true,"href":"https:\/\/www.europesays.com\/fr\/wp-json\/wp\/v2\/categories?post=615581"},{"taxonomy":"post_tag","embeddable":true,"href":"https:\/\/www.europesays.com\/fr\/wp-json\/wp\/v2\/tags?post=615581"}],"curies":[{"name":"wp","href":"https:\/\/api.w.org\/{rel}","templated":true}]}}